{"id":223253,"date":"2021-07-01T09:20:38","date_gmt":"2021-07-01T12:20:38","guid":{"rendered":"https:\/\/www.caririemacao.com\/1\/?p=223253"},"modified":"2021-07-01T09:20:40","modified_gmt":"2021-07-01T12:20:40","slug":"apos-anunciar-que-ministerio-da-saude-nao-entregou-documentos-anvisa-diz-que-recebeu-nesta-quarta-pedido-para-liberacao-de-doses-da-janssen","status":"publish","type":"post","link":"https:\/\/www.caririemacao.com\/1\/2021\/07\/01\/apos-anunciar-que-ministerio-da-saude-nao-entregou-documentos-anvisa-diz-que-recebeu-nesta-quarta-pedido-para-liberacao-de-doses-da-janssen\/","title":{"rendered":"Ap\u00f3s anunciar que Minist\u00e9rio da Sa\u00fade n\u00e3o entregou documentos, Anvisa diz que recebeu nesta quarta pedido para libera\u00e7\u00e3o de doses da Janssen"},"content":{"rendered":"\n<p class=\"wp-block-paragraph\">A Ag\u00eancia Nacional de Vigil\u00e2ncia Sanit\u00e1ria (Anvisa) informou na noite desta quarta-feira (30) que o Minist\u00e9rio da Sa\u00fade\u00a0enviou a documenta\u00e7\u00e3o necess\u00e1ria para a libera\u00e7\u00e3o de 2 milh\u00f5es de doses da vacina contra a Covid-19 da fabricante Janssen\u00a0que\u00a0chegaram ao pa\u00eds na sexta-feira (25), doadas pelos Estados Unidos.<\/p>\n\n\n\n<p class=\"wp-block-paragraph\">Mais cedo, a ag\u00eancia havia anunciado, em nota enviada ao\u00a0<strong>G1<\/strong>\u00a0\u00e0s 18h20, que o\u00a0minist\u00e9rio n\u00e3o havia enviado a documenta\u00e7\u00e3o\u00a0para liberar essas doses. No entanto, \u00e0s 19h45 a\u00a0Anvisa publicou uma atualiza\u00e7\u00e3o\u00a0e declarou que recebeu, no final da tarde, os &#8220;documentos complementares relativos \u00e0 carga de 2.052.350 doses da vacina da Janssen&#8221;.<\/p>\n\n\n\n<p class=\"wp-block-paragraph\">A Anvisa declarou ainda que j\u00e1 realizou a libera\u00e7\u00e3o para que essas doses possam ser distribu\u00eddas e que &#8220;n\u00e3o h\u00e1 mais documentos pendentes de apresenta\u00e7\u00e3o&#8221;.<\/p>\n\n\n\n<p class=\"wp-block-paragraph\">Em coletiva de imprensa na manh\u00e3 desta quarta, o governador de S\u00e3o Paulo\u00a0Jo\u00e3o Doria\u00a0(PSDB),\u00a0acusou o Minist\u00e9rio da Sa\u00fade de reter 678 mil doses\u00a0da vacina que deveriam ser distribu\u00eddas para o estado de\u00a0S\u00e3o Paulo, de um total de 3 milh\u00f5es de doses doadas pelos Estados Unidos.<\/p>\n\n\n\n<p class=\"wp-block-paragraph\">A pasta afirmou que aguarda aval da Anvisa para come\u00e7ar a distribui\u00e7\u00e3o.<\/p>\n\n\n\n<p class=\"wp-block-paragraph\">&#8220;A expectativa \u00e9 de que a libera\u00e7\u00e3o seja realizada ainda hoje para que a distribui\u00e7\u00e3o seja feita em at\u00e9 48 horas&#8221;, disse o Minist\u00e9rio da Sa\u00fade durante a tarde.<\/p>\n\n\n\n<p class=\"wp-block-paragraph\">No in\u00edcio da noite, no entanto, a Anvisa afirmou ao\u00a0<strong>G1<\/strong>\u00a0por meio de nota que o Minist\u00e9rio da Sa\u00fade s\u00f3 havia enviado a documenta\u00e7\u00e3o necess\u00e1ria para a libera\u00e7\u00e3o das\u00a0947 mil doses recebidas no s\u00e1bado (26), mas n\u00e3o para as 2 milh\u00f5es de doses doadas e entregues na sexta-feira (25).<\/p>\n\n\n\n<p class=\"wp-block-paragraph\">&#8220;Nesta quarta-feira, o Minist\u00e9rio da Sa\u00fade apresentou documenta\u00e7\u00e3o referente \u00e0 carga de 947.650 doses de vacina para Covid-19 da fabricante Janssen enviadas ao Brasil e a Anvisa realizou a libera\u00e7\u00e3o do lote para fins de distribui\u00e7\u00e3o. Contudo, a Ag\u00eancia ainda n\u00e3o recebeu documenta\u00e7\u00e3o relativa \u00e0 outra carga, de 2.052.350 doses&#8221;, disse a Anvisa, na primeira nota.<\/p>\n\n\n\n<p class=\"wp-block-paragraph\">O&nbsp;<strong>G1<\/strong>&nbsp;questionou novamente o Minist\u00e9rio da Sa\u00fade sobre a documenta\u00e7\u00e3o e aguarda retorno.<\/p>\n\n\n\n<h4 class=\"wp-block-heading\">Governo de SP pede a libera\u00e7\u00e3o de doses<\/h4>\n\n\n\n<p class=\"wp-block-paragraph\">Em coletiva de imprensa nesta quarta-feira (30),\u00a0Doria pediu a &#8220;imediata libera\u00e7\u00e3o de 678 mil vacinas da Janssen que est\u00e3o estocadas no deposito&#8221;\u00a0e declarou que o lote est\u00e1 parado desde o dia 25 de junho.<\/p>\n\n\n\n<blockquote class=\"wp-block-quote is-layout-flow wp-block-quote-is-layout-flow\"><p>&#8220;Fa\u00e7o isso em nome de todos os governadores dos estados brasileiros, porque essas vacinas da Janssen foram doadas pelo governo norte-americano para o Brasil, chegaram no Aeroporto Internacional de Viracopos na sexta-feira. N\u00f3s estamos no dia 30 de junho e elas ainda n\u00e3o foram distribu\u00eddas pro sistema nacional de imuniza\u00e7\u00e3o&#8221;, disse Doria.<\/p><\/blockquote>\n\n\n\n<p class=\"wp-block-paragraph\">Em geral, vacinas importadas passam por um controle de qualidade para atestar se as condi\u00e7\u00f5es de seguran\u00e7a do produto foram mantidas durante a viagem, antes de serem distribu\u00eddas. O mesmo procedimento \u00e9 feito com doses da CoronaVac e da AstraZeneca.<\/p>\n\n\n\n<figure class=\"wp-block-image\"><img decoding=\"async\" src=\"https:\/\/s2.glbimg.com\/pqfobOr7_COF7ktvVNSUazULyGc=\/0x0:2048x1365\/984x0\/smart\/filters:strip_icc()\/i.s3.glbimg.com\/v1\/AUTH_59edd422c0c84a879bd37670ae4f538a\/internal_photos\/bs\/2021\/v\/Y\/RgPeYQTUS1F6HGATOxrw\/51266477853-9297fa6603-k.jpg\" alt=\"Governador Jo\u00e3o Doria (PSDB) em coletiva de imprensa na \u00faltima quarta-feira (23) \u2014 Foto: Governo do Estado de S\u00e3o Paulo\/Divulga\u00e7\u00e3o\"\/><\/figure>\n\n\n\n<p class=\"wp-block-paragraph\">Governador Jo\u00e3o Doria (PSDB) em coletiva de imprensa na \u00faltima quarta-feira (23) \u2014 Foto: Governo do Estado de S\u00e3o Paulo\/Divulga\u00e7\u00e3o<\/p>\n\n\n\n<p class=\"wp-block-paragraph\">Al\u00e9m destas 3 milh\u00f5es de doses doadas pelo governo norte-americano, o Brasil j\u00e1 recebeu outras 1,8 milh\u00e3o de doses da Janssen anteriormente.<\/p>\n\n\n\n<p class=\"wp-block-paragraph\">Foram entregues\u00a01,5 milh\u00e3o de doses no dia 22 de junho\u00a0e outras\u00a0300 mil unidades no dia 24 de junho. Estes lotes fazem parte de um contrato do governo federal com a farmac\u00eautica que prev\u00ea a entrega de um total de 38 milh\u00f5es de doses at\u00e9 dezembro.<\/p>\n\n\n\n<p class=\"wp-block-paragraph\">At\u00e9 esta quarta, 1,5 milh\u00e3o de doses da vacina da Janssen j\u00e1 foram distribu\u00eddas pelo governo federal por meio do Programa Nacional de Imuniza\u00e7\u00e3o (PNI).<\/p>\n\n\n\n<h4 class=\"wp-block-heading\">Vacina da Janssen<\/h4>\n\n\n\n<p class=\"wp-block-paragraph\">A vacina da Janssen, do grupo Johnson &amp; Johnson, \u00e9 aplicada em dose \u00fanica. A Anvisa aprovou o uso emergencial do imunizante\u00a0em 31 de mar\u00e7o de 2021.<\/p>\n\n\n\n<p class=\"wp-block-paragraph\">A doa\u00e7\u00e3o das 3 milh\u00f5es de doses ao Brasil \u00e9 a maior j\u00e1 feita pelo governo dos Estados Unidos a qualquer pa\u00eds at\u00e9 agora. O principal assessor do presidente americano para a Am\u00e9rica Latina afirmou que a doa\u00e7\u00e3o ao Brasil reflete &#8220;o foco dos EUA para combater a Covid numa das regi\u00f5es mais afetadas pela pandemia&#8221;. A inten\u00e7\u00e3o da Casa Branca \u00e9 compartilhar\u00a055 milh\u00f5es de vacinas em todo o mundo.<\/p>\n\n\n\n<p class=\"wp-block-paragraph\">A ag\u00eancia de regula\u00e7\u00e3o sanit\u00e1ria norte-americana (FDA)\u00a0aumentou a validade das doses, de tr\u00eas meses para quatro meses e meio, desde que armazenados em temperatura de 2\u00b0 a 8\u00b0C.<\/p>\n\n\n\n<p class=\"wp-block-paragraph\"><\/p>\n\n\n\n<p class=\"wp-block-paragraph\"><\/p>\n\n\n\n<p class=\"wp-block-paragraph\">g1<\/p>\n","protected":false},"excerpt":{"rendered":"<p>A Ag\u00eancia Nacional de Vigil\u00e2ncia Sanit\u00e1ria (Anvisa) informou na noite desta quarta-feira (30) que o Minist\u00e9rio da Sa\u00fade\u00a0enviou a documenta\u00e7\u00e3o necess\u00e1ria para a libera\u00e7\u00e3o de 2 milh\u00f5es de doses da vacina contra a Covid-19 da fabricante Janssen\u00a0que\u00a0chegaram ao pa\u00eds na sexta-feira (25), doadas pelos Estados Unidos. Mais cedo, a ag\u00eancia havia anunciado, em nota enviada ao\u00a0G1\u00a0\u00e0s 18h20, que o\u00a0minist\u00e9rio n\u00e3o havia enviado a documenta\u00e7\u00e3o\u00a0para liberar essas doses. No entanto, \u00e0s 19h45 a\u00a0Anvisa publicou uma atualiza\u00e7\u00e3o\u00a0e declarou que recebeu, no final da tarde, os &#8220;documentos complementares relativos \u00e0 carga de 2.052.350 doses da vacina da Janssen&#8221;. A Anvisa declarou ainda que j\u00e1 realizou a libera\u00e7\u00e3o para que essas doses possam ser distribu\u00eddas e que &#8220;n\u00e3o h\u00e1 mais documentos pendentes de apresenta\u00e7\u00e3o&#8221;. Em coletiva de imprensa na manh\u00e3 desta quarta, o governador de S\u00e3o Paulo\u00a0Jo\u00e3o Doria\u00a0(PSDB),\u00a0acusou o Minist\u00e9rio da Sa\u00fade de reter 678 mil doses\u00a0da vacina que deveriam ser distribu\u00eddas para o estado de\u00a0S\u00e3o Paulo, de um total de 3 milh\u00f5es de doses doadas pelos Estados Unidos. A pasta afirmou que aguarda aval da Anvisa para come\u00e7ar a distribui\u00e7\u00e3o. &#8220;A expectativa \u00e9 de que a libera\u00e7\u00e3o seja realizada ainda hoje para que a distribui\u00e7\u00e3o seja feita em at\u00e9 48 horas&#8221;, disse o Minist\u00e9rio da Sa\u00fade durante a tarde. No in\u00edcio da noite, no entanto, a Anvisa afirmou ao\u00a0G1\u00a0por meio de nota que o Minist\u00e9rio da Sa\u00fade s\u00f3 havia enviado a documenta\u00e7\u00e3o necess\u00e1ria para a libera\u00e7\u00e3o das\u00a0947 mil doses recebidas no s\u00e1bado (26), mas n\u00e3o para as 2 milh\u00f5es de doses doadas e entregues na sexta-feira (25). &#8220;Nesta quarta-feira, o Minist\u00e9rio da Sa\u00fade apresentou documenta\u00e7\u00e3o referente \u00e0 carga de 947.650 doses de vacina para Covid-19 da fabricante Janssen enviadas ao Brasil e a Anvisa realizou a libera\u00e7\u00e3o do lote para fins de distribui\u00e7\u00e3o. Contudo, a Ag\u00eancia ainda n\u00e3o recebeu documenta\u00e7\u00e3o relativa \u00e0 outra carga, de 2.052.350 doses&#8221;, disse a Anvisa, na primeira nota. O&nbsp;G1&nbsp;questionou novamente o Minist\u00e9rio da Sa\u00fade sobre a documenta\u00e7\u00e3o e aguarda retorno. Governo de SP pede a libera\u00e7\u00e3o de doses Em coletiva de imprensa nesta quarta-feira (30),\u00a0Doria pediu a &#8220;imediata libera\u00e7\u00e3o de 678 mil vacinas da Janssen que est\u00e3o estocadas no deposito&#8221;\u00a0e declarou que o lote est\u00e1 parado desde o dia 25 de junho. &#8220;Fa\u00e7o isso em nome de todos os governadores dos estados brasileiros, porque essas vacinas da Janssen foram doadas pelo governo norte-americano para o Brasil, chegaram no Aeroporto Internacional de Viracopos na sexta-feira. N\u00f3s estamos no dia 30 de junho e elas ainda n\u00e3o foram distribu\u00eddas pro sistema nacional de imuniza\u00e7\u00e3o&#8221;, disse Doria. Em geral, vacinas importadas passam por um controle de qualidade para atestar se as condi\u00e7\u00f5es de seguran\u00e7a do produto foram mantidas durante a viagem, antes de serem distribu\u00eddas. O mesmo procedimento \u00e9 feito com doses da CoronaVac e da AstraZeneca. Governador Jo\u00e3o Doria (PSDB) em coletiva de imprensa na \u00faltima quarta-feira (23) \u2014 Foto: Governo do Estado de S\u00e3o Paulo\/Divulga\u00e7\u00e3o Al\u00e9m destas 3 milh\u00f5es de doses doadas pelo governo norte-americano, o Brasil j\u00e1 recebeu outras 1,8 milh\u00e3o de doses da Janssen anteriormente. Foram entregues\u00a01,5 milh\u00e3o de doses no dia 22 de junho\u00a0e outras\u00a0300 mil unidades no dia 24 de junho. Estes lotes fazem parte de um contrato do governo federal com a farmac\u00eautica que prev\u00ea a entrega de um total de 38 milh\u00f5es de doses at\u00e9 dezembro. At\u00e9 esta quarta, 1,5 milh\u00e3o de doses da vacina da Janssen j\u00e1 foram distribu\u00eddas pelo governo federal por meio do Programa Nacional de Imuniza\u00e7\u00e3o (PNI). Vacina da Janssen A vacina da Janssen, do grupo Johnson &amp; Johnson, \u00e9 aplicada em dose \u00fanica. A Anvisa aprovou o uso emergencial do imunizante\u00a0em 31 de mar\u00e7o de 2021. A doa\u00e7\u00e3o das 3 milh\u00f5es de doses ao Brasil \u00e9 a maior j\u00e1 feita pelo governo dos Estados Unidos a qualquer pa\u00eds at\u00e9 agora. O principal assessor do presidente americano para a Am\u00e9rica Latina afirmou que a doa\u00e7\u00e3o ao Brasil reflete &#8220;o foco dos EUA para combater a Covid numa das regi\u00f5es mais afetadas pela pandemia&#8221;. A inten\u00e7\u00e3o da Casa Branca \u00e9 compartilhar\u00a055 milh\u00f5es de vacinas em todo o mundo. A ag\u00eancia de regula\u00e7\u00e3o sanit\u00e1ria norte-americana (FDA)\u00a0aumentou a validade das doses, de tr\u00eas meses para quatro meses e meio, desde que armazenados em temperatura de 2\u00b0 a 8\u00b0C. g1<\/p>\n","protected":false},"author":6,"featured_media":223254,"comment_status":"closed","ping_status":"closed","sticky":false,"template":"","format":"standard","meta":{"sfsi_plus_gutenberg_text_before_share":"","sfsi_plus_gutenberg_show_text_before_share":"","sfsi_plus_gutenberg_icon_type":"","sfsi_plus_gutenberg_icon_alignemt":"","sfsi_plus_gutenburg_max_per_row":"","footnotes":""},"categories":[124,50],"tags":[],"class_list":["post-223253","post","type-post","status-publish","format-standard","has-post-thumbnail","hentry","category-covid-19","category-destaque"],"_links":{"self":[{"href":"https:\/\/www.caririemacao.com\/1\/wp-json\/wp\/v2\/posts\/223253","targetHints":{"allow":["GET"]}}],"collection":[{"href":"https:\/\/www.caririemacao.com\/1\/wp-json\/wp\/v2\/posts"}],"about":[{"href":"https:\/\/www.caririemacao.com\/1\/wp-json\/wp\/v2\/types\/post"}],"author":[{"embeddable":true,"href":"https:\/\/www.caririemacao.com\/1\/wp-json\/wp\/v2\/users\/6"}],"replies":[{"embeddable":true,"href":"https:\/\/www.caririemacao.com\/1\/wp-json\/wp\/v2\/comments?post=223253"}],"version-history":[{"count":1,"href":"https:\/\/www.caririemacao.com\/1\/wp-json\/wp\/v2\/posts\/223253\/revisions"}],"predecessor-version":[{"id":223255,"href":"https:\/\/www.caririemacao.com\/1\/wp-json\/wp\/v2\/posts\/223253\/revisions\/223255"}],"wp:featuredmedia":[{"embeddable":true,"href":"https:\/\/www.caririemacao.com\/1\/wp-json\/wp\/v2\/media\/223254"}],"wp:attachment":[{"href":"https:\/\/www.caririemacao.com\/1\/wp-json\/wp\/v2\/media?parent=223253"}],"wp:term":[{"taxonomy":"category","embeddable":true,"href":"https:\/\/www.caririemacao.com\/1\/wp-json\/wp\/v2\/categories?post=223253"},{"taxonomy":"post_tag","embeddable":true,"href":"https:\/\/www.caririemacao.com\/1\/wp-json\/wp\/v2\/tags?post=223253"}],"curies":[{"name":"wp","href":"https:\/\/api.w.org\/{rel}","templated":true}]}}