{"id":223489,"date":"2021-07-03T08:18:20","date_gmt":"2021-07-03T11:18:20","guid":{"rendered":"https:\/\/www.caririemacao.com\/1\/?p=223489"},"modified":"2021-07-03T08:18:24","modified_gmt":"2021-07-03T11:18:24","slug":"reaberto-o-edital-para-os-trios-de-forro-pe-de-serra-em-sume","status":"publish","type":"post","link":"https:\/\/www.caririemacao.com\/1\/2021\/07\/03\/reaberto-o-edital-para-os-trios-de-forro-pe-de-serra-em-sume\/","title":{"rendered":"Reaberto o edital para os trios de forr\u00f3 p\u00e9 de serra em Sum\u00e9"},"content":{"rendered":"\n<p class=\"wp-block-paragraph\">A Prefeitura de Sum\u00e9, por meio da Secretaria Municipal de Cultura, Esportes e Turismo, reabriu com errata, o chamamento p\u00fablico n\u00ba 001\/2021\/SECULT objetivando a contrata\u00e7\u00e3o de trios de forr\u00f3 p\u00e9 de serra que desejarem participar dos festejos juninos&nbsp;<em>on line&nbsp;<\/em>2021.<\/p>\n\n\n\n<p class=\"wp-block-paragraph\">O edital e a programa\u00e7\u00e3o foram remarcados por causa dos decretos estaduais que restringiam atividades que pudessem promover aglomera\u00e7\u00f5es por causa da pandemia da covid19.<\/p>\n\n\n\n<p class=\"wp-block-paragraph\">As inscri\u00e7\u00f5es poder\u00e3o ser feitas de 02 \u00e0 05 de julho de duas formas:<\/p>\n\n\n\n<ol class=\"wp-block-list\"><li>Presencialmente, at\u00e9 \u00e0s 14h do dia 05 de julho, na secretaria de Cultura municipal, localizada na Av. 1\u00ba de Abril, n\u00ba 444, centro.<\/li><li>Pela internet, at\u00e9 as 23h59 do dia 05 de julho, no endere\u00e7o eletr\u00f4nico:&nbsp;<a href=\"mailto:secult@edu.sume.pb.gov.br\">secult@edu.sume.pb.gov.br<\/a>.<\/li><\/ol>\n\n\n\n<p class=\"wp-block-paragraph\">As inscri\u00e7\u00f5es feitas anteriormente continuam validadas e agora fazem parte da programa\u00e7\u00e3o do Projeto Sala de Reboco, edi\u00e7\u00e3o recordando o S\u00e3o Jo\u00e3o.<\/p>\n\n\n\n<p class=\"wp-block-paragraph\">A errata e o novo cronograma est\u00e3o dispon\u00edveis&nbsp;<a href=\"https:\/\/www.sume.pb.gov.br\/wp-content\/uploads\/2021\/07\/ERRATA2TRIOSDEFORRO-02.07.2021.pdf\">ERRATA2TRIOSDEFORRO \u2013 02.07.2021<\/a>&nbsp;<a href=\"https:\/\/www.sume.pb.gov.br\/wp-content\/uploads\/2021\/07\/REABERTURATRIOSDEFORRO-02.07.2021.pdf\">REABERTURATRIOSDEFORRO \u2013 02.07.2021<\/a>.<\/p>\n\n\n\n<p class=\"wp-block-paragraph\">D\u00favidas e Informa\u00e7\u00f5es:<\/p>\n\n\n\n<p class=\"wp-block-paragraph\">(83) 9 9940 9155 (Secult)<\/p>\n\n\n\n<p class=\"wp-block-paragraph\">0800 083 1403 (Ouvidoria)<\/p>\n\n\n\n<p class=\"wp-block-paragraph\">Ascom<\/p>\n","protected":false},"excerpt":{"rendered":"<p>A Prefeitura de Sum\u00e9, por meio da Secretaria Municipal de Cultura, Esportes e Turismo, reabriu com errata, o chamamento p\u00fablico n\u00ba 001\/2021\/SECULT objetivando a contrata\u00e7\u00e3o de trios de forr\u00f3 p\u00e9 de serra que desejarem participar dos festejos juninos&nbsp;on line&nbsp;2021. O edital e a programa\u00e7\u00e3o foram remarcados por causa dos decretos estaduais que restringiam atividades que pudessem promover aglomera\u00e7\u00f5es por causa da pandemia da covid19. As inscri\u00e7\u00f5es poder\u00e3o ser feitas de 02 \u00e0 05 de julho de duas formas: Presencialmente, at\u00e9 \u00e0s 14h do dia 05 de julho, na secretaria de Cultura municipal, localizada na Av. 1\u00ba de Abril, n\u00ba 444, centro. Pela internet, at\u00e9 as 23h59 do dia 05 de julho, no endere\u00e7o eletr\u00f4nico:&nbsp;secult@edu.sume.pb.gov.br. As inscri\u00e7\u00f5es feitas anteriormente continuam validadas e agora fazem parte da programa\u00e7\u00e3o do Projeto Sala de Reboco, edi\u00e7\u00e3o recordando o S\u00e3o Jo\u00e3o. A errata e o novo cronograma est\u00e3o dispon\u00edveis&nbsp;ERRATA2TRIOSDEFORRO \u2013 02.07.2021&nbsp;REABERTURATRIOSDEFORRO \u2013 02.07.2021. D\u00favidas e Informa\u00e7\u00f5es: (83) 9 9940 9155 (Secult) 0800 083 1403 (Ouvidoria) Ascom<\/p>\n","protected":false},"author":6,"featured_media":223490,"comment_status":"closed","ping_status":"closed","sticky":false,"template":"","format":"standard","meta":{"sfsi_plus_gutenberg_text_before_share":"","sfsi_plus_gutenberg_show_text_before_share":"","sfsi_plus_gutenberg_icon_type":"","sfsi_plus_gutenberg_icon_alignemt":"","sfsi_plus_gutenburg_max_per_row":"","footnotes":""},"categories":[95],"tags":[],"class_list":["post-223489","post","type-post","status-publish","format-standard","has-post-thumbnail","hentry","category-sume"],"_links":{"self":[{"href":"https:\/\/www.caririemacao.com\/1\/wp-json\/wp\/v2\/posts\/223489","targetHints":{"allow":["GET"]}}],"collection":[{"href":"https:\/\/www.caririemacao.com\/1\/wp-json\/wp\/v2\/posts"}],"about":[{"href":"https:\/\/www.caririemacao.com\/1\/wp-json\/wp\/v2\/types\/post"}],"author":[{"embeddable":true,"href":"https:\/\/www.caririemacao.com\/1\/wp-json\/wp\/v2\/users\/6"}],"replies":[{"embeddable":true,"href":"https:\/\/www.caririemacao.com\/1\/wp-json\/wp\/v2\/comments?post=223489"}],"version-history":[{"count":1,"href":"https:\/\/www.caririemacao.com\/1\/wp-json\/wp\/v2\/posts\/223489\/revisions"}],"predecessor-version":[{"id":223491,"href":"https:\/\/www.caririemacao.com\/1\/wp-json\/wp\/v2\/posts\/223489\/revisions\/223491"}],"wp:featuredmedia":[{"embeddable":true,"href":"https:\/\/www.caririemacao.com\/1\/wp-json\/wp\/v2\/media\/223490"}],"wp:attachment":[{"href":"https:\/\/www.caririemacao.com\/1\/wp-json\/wp\/v2\/media?parent=223489"}],"wp:term":[{"taxonomy":"category","embeddable":true,"href":"https:\/\/www.caririemacao.com\/1\/wp-json\/wp\/v2\/categories?post=223489"},{"taxonomy":"post_tag","embeddable":true,"href":"https:\/\/www.caririemacao.com\/1\/wp-json\/wp\/v2\/tags?post=223489"}],"curies":[{"name":"wp","href":"https:\/\/api.w.org\/{rel}","templated":true}]}}