{"id":223686,"date":"2021-07-05T18:37:57","date_gmt":"2021-07-05T21:37:57","guid":{"rendered":"https:\/\/www.caririemacao.com\/1\/?p=223686"},"modified":"2021-07-05T18:37:59","modified_gmt":"2021-07-05T21:37:59","slug":"secretaria-de-saude-de-monteiro-divulga-boletim-oficial-sobre-covid-19-desta-segunda-feira","status":"publish","type":"post","link":"https:\/\/www.caririemacao.com\/1\/2021\/07\/05\/secretaria-de-saude-de-monteiro-divulga-boletim-oficial-sobre-covid-19-desta-segunda-feira\/","title":{"rendered":"Secretaria de Sa\u00fade de Monteiro divulga boletim oficial sobre Covid-19 desta segunda-feira"},"content":{"rendered":"\n<p class=\"wp-block-paragraph\">A Secretaria Municipal de Sa\u00fade de Monteiro informa que nesta Segunda feira, 05, tivemos mais 13 novos casos, CONFIRMADOS para COVID-19.<\/p>\n\n\n\n<p class=\"wp-block-paragraph\">Sendo 05 (cinco) casos de 32, 33, 35, 46 e 56 anos de idade, sexo feminino e 08 (oito) casos de 02, 23, 32, 35, 54, 63, 66 e 80 anos de idade, sexo masculino. Foram orientados a realizar o isolamento domiciliar e est\u00e3o sendo monitorados pela equipe de Vigil\u00e2ncia em Sa\u00fade e Unidades B\u00e1sicas de Sa\u00fade do Munic\u00edpio.<\/p>\n\n\n\n<p class=\"wp-block-paragraph\">No Hospital Regional Santa Filomena, est\u00e3o internos no dia de hoje:<br>07 pacientes na enfermaria para COVID 19<br>04 pacientes na UTI<\/p>\n\n\n\n<p class=\"wp-block-paragraph\">Totalizamos at\u00e9 esta data 10 (dez) pacientes internos, sendo 03 (tr\u00eas) pacientes do Hospital Pedro I, 01 (um) paciente no Hospital Santa Clara e 02 (dois) pacientes no Hospital de Trauma, todos em Campina Grande, 02 (dois) pacientes no Hospital da Unimed, 01 (um) paciente no Hospital Clementino Fraga e 01 (um) paciente no Hospital HapVida, em Jo\u00e3o Pessoa.<\/p>\n\n\n\n<p class=\"wp-block-paragraph\">Atestamos que nesta data foram registrados mais 20 (vinte) novos casos recuperados, totalizando 4287 casos recuperados da COVID-19.<\/p>\n\n\n\n<p class=\"wp-block-paragraph\">Refor\u00e7amos a import\u00e2ncia de toda popula\u00e7\u00e3o seguir as orienta\u00e7\u00f5es do distanciamento social, o uso de m\u00e1scaras, a higieniza\u00e7\u00e3o das m\u00e3os com \u00e1lcool 70% e demais medidas apresentadas pela Secretaria de Sa\u00fade.<\/p>\n","protected":false},"excerpt":{"rendered":"<p>A Secretaria Municipal de Sa\u00fade de Monteiro informa que nesta Segunda feira, 05, tivemos mais 13 novos casos, CONFIRMADOS para COVID-19. Sendo 05 (cinco) casos de 32, 33, 35, 46 e 56 anos de idade, sexo feminino e 08 (oito) casos de 02, 23, 32, 35, 54, 63, 66 e 80 anos de idade, sexo masculino. Foram orientados a realizar o isolamento domiciliar e est\u00e3o sendo monitorados pela equipe de Vigil\u00e2ncia em Sa\u00fade e Unidades B\u00e1sicas de Sa\u00fade do Munic\u00edpio. No Hospital Regional Santa Filomena, est\u00e3o internos no dia de hoje:07 pacientes na enfermaria para COVID 1904 pacientes na UTI Totalizamos at\u00e9 esta data 10 (dez) pacientes internos, sendo 03 (tr\u00eas) pacientes do Hospital Pedro I, 01 (um) paciente no Hospital Santa Clara e 02 (dois) pacientes no Hospital de Trauma, todos em Campina Grande, 02 (dois) pacientes no Hospital da Unimed, 01 (um) paciente no Hospital Clementino Fraga e 01 (um) paciente no Hospital HapVida, em Jo\u00e3o Pessoa. Atestamos que nesta data foram registrados mais 20 (vinte) novos casos recuperados, totalizando 4287 casos recuperados da COVID-19. Refor\u00e7amos a import\u00e2ncia de toda popula\u00e7\u00e3o seguir as orienta\u00e7\u00f5es do distanciamento social, o uso de m\u00e1scaras, a higieniza\u00e7\u00e3o das m\u00e3os com \u00e1lcool 70% e demais medidas apresentadas pela Secretaria de Sa\u00fade.<\/p>\n","protected":false},"author":6,"featured_media":223689,"comment_status":"closed","ping_status":"closed","sticky":false,"template":"","format":"standard","meta":{"sfsi_plus_gutenberg_text_before_share":"","sfsi_plus_gutenberg_show_text_before_share":"","sfsi_plus_gutenberg_icon_type":"","sfsi_plus_gutenberg_icon_alignemt":"","sfsi_plus_gutenburg_max_per_row":"","footnotes":""},"categories":[81],"tags":[],"class_list":["post-223686","post","type-post","status-publish","format-standard","has-post-thumbnail","hentry","category-monteiro"],"_links":{"self":[{"href":"https:\/\/www.caririemacao.com\/1\/wp-json\/wp\/v2\/posts\/223686","targetHints":{"allow":["GET"]}}],"collection":[{"href":"https:\/\/www.caririemacao.com\/1\/wp-json\/wp\/v2\/posts"}],"about":[{"href":"https:\/\/www.caririemacao.com\/1\/wp-json\/wp\/v2\/types\/post"}],"author":[{"embeddable":true,"href":"https:\/\/www.caririemacao.com\/1\/wp-json\/wp\/v2\/users\/6"}],"replies":[{"embeddable":true,"href":"https:\/\/www.caririemacao.com\/1\/wp-json\/wp\/v2\/comments?post=223686"}],"version-history":[{"count":1,"href":"https:\/\/www.caririemacao.com\/1\/wp-json\/wp\/v2\/posts\/223686\/revisions"}],"predecessor-version":[{"id":223690,"href":"https:\/\/www.caririemacao.com\/1\/wp-json\/wp\/v2\/posts\/223686\/revisions\/223690"}],"wp:featuredmedia":[{"embeddable":true,"href":"https:\/\/www.caririemacao.com\/1\/wp-json\/wp\/v2\/media\/223689"}],"wp:attachment":[{"href":"https:\/\/www.caririemacao.com\/1\/wp-json\/wp\/v2\/media?parent=223686"}],"wp:term":[{"taxonomy":"category","embeddable":true,"href":"https:\/\/www.caririemacao.com\/1\/wp-json\/wp\/v2\/categories?post=223686"},{"taxonomy":"post_tag","embeddable":true,"href":"https:\/\/www.caririemacao.com\/1\/wp-json\/wp\/v2\/tags?post=223686"}],"curies":[{"name":"wp","href":"https:\/\/api.w.org\/{rel}","templated":true}]}}