{"id":224737,"date":"2021-07-15T08:43:01","date_gmt":"2021-07-15T11:43:01","guid":{"rendered":"https:\/\/www.caririemacao.com\/1\/?p=224737"},"modified":"2021-07-15T08:43:04","modified_gmt":"2021-07-15T11:43:04","slug":"camara-aprova-projeto-que-proibe-despejos-ate-fim-de-2021","status":"publish","type":"post","link":"https:\/\/www.caririemacao.com\/1\/2021\/07\/15\/camara-aprova-projeto-que-proibe-despejos-ate-fim-de-2021\/","title":{"rendered":"C\u00e2mara aprova projeto que pro\u00edbe despejos at\u00e9 fim de 2021"},"content":{"rendered":"\n<p class=\"wp-block-paragraph\">A C\u00e2mara concluiu na noite desta quarta-feira (14) o projeto de lei que pro\u00edbe o despejo ou a desocupa\u00e7\u00e3o de im\u00f3veis at\u00e9 o fim de 2021. Os parlamentares aprovaram, por 313 votos a 131, uma emenda do Senado que exclui os im\u00f3veis rurais da proibi\u00e7\u00e3o. &nbsp;O texto segue para san\u00e7\u00e3o presidencial.<img decoding=\"async\" src=\"https:\/\/agenciabrasil.ebc.com.br\/ebc.png?id=1415497&amp;o=node\"><img decoding=\"async\" src=\"https:\/\/agenciabrasil.ebc.com.br\/ebc.gif?id=1415497&amp;o=node\"><\/p>\n\n\n\n<p class=\"wp-block-paragraph\">O projeto de lei suspende os atos praticados desde 20 de mar\u00e7o de 2020, exceto aqueles j\u00e1 conclu\u00eddos. No caso de ocupa\u00e7\u00f5es, a regra vale para aquelas ocorridas antes de 31 de mar\u00e7o de 2021 e n\u00e3o vale para as a\u00e7\u00f5es conclu\u00eddas na data de publica\u00e7\u00e3o da futura lei.<\/p>\n\n\n\n<p class=\"wp-block-paragraph\">Segundo o projeto, as medidas como ordens de despejo ou liminares proferidas antes do per\u00edodo de calamidade p\u00fablica decretado no ano passado n\u00e3o poder\u00e3o ser efetivadas at\u00e9 31 de dezembro de 2021.<\/p>\n\n\n\n<p class=\"wp-block-paragraph\">As audi\u00eancias de media\u00e7\u00e3o entre as partes, com a participa\u00e7\u00e3o do Minist\u00e9rio P\u00fablico e da Defensoria P\u00fablica, nos processos de despejo, remo\u00e7\u00e3o for\u00e7ada e reintegra\u00e7\u00e3o de posse s\u00f3 poder\u00e3o ser realizadas pelo Judici\u00e1rio ap\u00f3s o fim destes prazos.<\/p>\n","protected":false},"excerpt":{"rendered":"<p>A C\u00e2mara concluiu na noite desta quarta-feira (14) o projeto de lei que pro\u00edbe o despejo ou a desocupa\u00e7\u00e3o de im\u00f3veis at\u00e9 o fim de 2021. Os parlamentares aprovaram, por 313 votos a 131, uma emenda do Senado que exclui os im\u00f3veis rurais da proibi\u00e7\u00e3o. &nbsp;O texto segue para san\u00e7\u00e3o presidencial. O projeto de lei suspende os atos praticados desde 20 de mar\u00e7o de 2020, exceto aqueles j\u00e1 conclu\u00eddos. No caso de ocupa\u00e7\u00f5es, a regra vale para aquelas ocorridas antes de 31 de mar\u00e7o de 2021 e n\u00e3o vale para as a\u00e7\u00f5es conclu\u00eddas na data de publica\u00e7\u00e3o da futura lei. Segundo o projeto, as medidas como ordens de despejo ou liminares proferidas antes do per\u00edodo de calamidade p\u00fablica decretado no ano passado n\u00e3o poder\u00e3o ser efetivadas at\u00e9 31 de dezembro de 2021. As audi\u00eancias de media\u00e7\u00e3o entre as partes, com a participa\u00e7\u00e3o do Minist\u00e9rio P\u00fablico e da Defensoria P\u00fablica, nos processos de despejo, remo\u00e7\u00e3o for\u00e7ada e reintegra\u00e7\u00e3o de posse s\u00f3 poder\u00e3o ser realizadas pelo Judici\u00e1rio ap\u00f3s o fim destes prazos.<\/p>\n","protected":false},"author":6,"featured_media":224738,"comment_status":"closed","ping_status":"closed","sticky":false,"template":"","format":"standard","meta":{"sfsi_plus_gutenberg_text_before_share":"","sfsi_plus_gutenberg_show_text_before_share":"","sfsi_plus_gutenberg_icon_type":"","sfsi_plus_gutenberg_icon_alignemt":"","sfsi_plus_gutenburg_max_per_row":"","footnotes":""},"categories":[11],"tags":[],"class_list":["post-224737","post","type-post","status-publish","format-standard","has-post-thumbnail","hentry","category-politica"],"_links":{"self":[{"href":"https:\/\/www.caririemacao.com\/1\/wp-json\/wp\/v2\/posts\/224737","targetHints":{"allow":["GET"]}}],"collection":[{"href":"https:\/\/www.caririemacao.com\/1\/wp-json\/wp\/v2\/posts"}],"about":[{"href":"https:\/\/www.caririemacao.com\/1\/wp-json\/wp\/v2\/types\/post"}],"author":[{"embeddable":true,"href":"https:\/\/www.caririemacao.com\/1\/wp-json\/wp\/v2\/users\/6"}],"replies":[{"embeddable":true,"href":"https:\/\/www.caririemacao.com\/1\/wp-json\/wp\/v2\/comments?post=224737"}],"version-history":[{"count":1,"href":"https:\/\/www.caririemacao.com\/1\/wp-json\/wp\/v2\/posts\/224737\/revisions"}],"predecessor-version":[{"id":224739,"href":"https:\/\/www.caririemacao.com\/1\/wp-json\/wp\/v2\/posts\/224737\/revisions\/224739"}],"wp:featuredmedia":[{"embeddable":true,"href":"https:\/\/www.caririemacao.com\/1\/wp-json\/wp\/v2\/media\/224738"}],"wp:attachment":[{"href":"https:\/\/www.caririemacao.com\/1\/wp-json\/wp\/v2\/media?parent=224737"}],"wp:term":[{"taxonomy":"category","embeddable":true,"href":"https:\/\/www.caririemacao.com\/1\/wp-json\/wp\/v2\/categories?post=224737"},{"taxonomy":"post_tag","embeddable":true,"href":"https:\/\/www.caririemacao.com\/1\/wp-json\/wp\/v2\/tags?post=224737"}],"curies":[{"name":"wp","href":"https:\/\/api.w.org\/{rel}","templated":true}]}}