{"id":225030,"date":"2021-07-18T11:20:39","date_gmt":"2021-07-18T14:20:39","guid":{"rendered":"https:\/\/www.caririemacao.com\/1\/?p=225030"},"modified":"2021-07-18T11:20:42","modified_gmt":"2021-07-18T14:20:42","slug":"apos-receber-alta-bolsonaro-deixa-hospital-em-sao-paulo","status":"publish","type":"post","link":"https:\/\/www.caririemacao.com\/1\/2021\/07\/18\/apos-receber-alta-bolsonaro-deixa-hospital-em-sao-paulo\/","title":{"rendered":"Ap\u00f3s receber alta, Bolsonaro deixa hospital em S\u00e3o Paulo"},"content":{"rendered":"\n<p class=\"wp-block-paragraph\">Ap\u00f3s receber alta, o presidente&nbsp;Jair Bolsonaro deixou ainda na manh\u00e3 deste domingo (18) o hospital Vila Nova Star, na zona Sul de S\u00e3o Paulo, onde estava internado desde a \u00faltima quarta-feira (14) para tratar um quadro de obstru\u00e7\u00e3o intestinal.<\/p>\n\n\n\n<p class=\"wp-block-paragraph\">Bolsonaro segue para o aeroporto de Congonhas, onde retornar\u00e1 para Bras\u00edlia ainda neste domingo.<\/p>\n\n\n\n<p class=\"wp-block-paragraph\">\u201cO Senhor Presidente da Rep\u00fablica, Jair Messias Bolsonaro, teve alta hoje do Hospital Vila Nova Star, da Rede D\u2019Or. Ele estava internado desde a quarta-feira, 14 de julho, para tratar um quadro de suboclus\u00e3o intestinal. Ele seguir\u00e1 com acompanhamento ambulatorial pela equipe m\u00e9dica assistente\u201d, informou a Secretaria Especial de Comunica\u00e7\u00e3o Social (Secom).<\/p>\n\n\n\n<p class=\"wp-block-paragraph\">No s\u00e1bado (17), o m\u00e9dico cirurgi\u00e3o Ant\u00f4nio Macedo&nbsp;disse que o presidente&nbsp;n\u00e3o apresentava mais obstru\u00e7\u00e3o intestinal. Ele tamb\u00e9m recomendou que Bolsonaro mastigue bem a comida e descanse ap\u00f3s a refei\u00e7\u00e3o. O presidente j\u00e1 est\u00e1 em dieta cremosa \u2014 a alimenta\u00e7\u00e3o foi retomada na sexta-feira (16).<\/p>\n\n\n\n<h4 class=\"wp-block-heading\">O que \u00e9 obstru\u00e7\u00e3o intestinal?<\/h4>\n\n\n\n<p class=\"wp-block-paragraph\">A obstru\u00e7\u00e3o intestinal, que Bolsonaro tratou em S\u00e3o Paulo, \u00e9 caracterizada como a interrup\u00e7\u00e3o do funcionamento normal do intestino devido a um bloqueio que impede a passagem de fezes e gases pelo \u00f3rg\u00e3o. As causas s\u00e3o diversas, incluindo tumores, inflama\u00e7\u00e3o, verminoses e efeitos de cirurgias. Entre os sintomas est\u00e3o incha\u00e7o e dor abdominal, n\u00e1useas e v\u00f4mitos, dificuldade e dor para evacuar.&nbsp;Veja mais detalhes.<\/p>\n\n\n\n<h4 class=\"wp-block-heading\">Atos cir\u00fargicos foram determinantes<\/h4>\n\n\n\n<p class=\"wp-block-paragraph\">Em entrevista \u00e0&nbsp;<strong>CNN<\/strong>&nbsp;no s\u00e1bado (17), o cirurgi\u00e3o do Centro Especializado em Aparelho Digestivo do Hospital Alem\u00e3o Oswaldo Cruz, Rodrigo Oliva Perez, explicou que&nbsp;atos cir\u00fargicos realizados pelo presidente&nbsp;foram determinantes para o quadro atual.<\/p>\n\n\n\n<p class=\"wp-block-paragraph\">\u201c\u00c9 como se fosse uma mangueira longa dentro da barriga da gente, uma barreira comprida, o intestino fino tem quase 7 metros e ele fica solto dentro da barriga. No momento em que a gente faz uma cirurgia ou faz m\u00faltiplas cirurgias, como \u00e9 o caso do presidente, corre o risco de ocorrer ader\u00eancias. O intestino fica solto, mas acaba cicatrizando em posi\u00e7\u00f5es n\u00e3o habituais. E com isso algumas curvas que o intestino faz dentro da barriga podem ficar mais agudas, tornando dif\u00edcil a passagem do conte\u00fado intestinal\u201d, afirma.<\/p>\n\n\n\n<p class=\"wp-block-paragraph\">CNN<\/p>\n","protected":false},"excerpt":{"rendered":"<p>Ap\u00f3s receber alta, o presidente&nbsp;Jair Bolsonaro deixou ainda na manh\u00e3 deste domingo (18) o hospital Vila Nova Star, na zona Sul de S\u00e3o Paulo, onde estava internado desde a \u00faltima quarta-feira (14) para tratar um quadro de obstru\u00e7\u00e3o intestinal. Bolsonaro segue para o aeroporto de Congonhas, onde retornar\u00e1 para Bras\u00edlia ainda neste domingo. \u201cO Senhor Presidente da Rep\u00fablica, Jair Messias Bolsonaro, teve alta hoje do Hospital Vila Nova Star, da Rede D\u2019Or. Ele estava internado desde a quarta-feira, 14 de julho, para tratar um quadro de suboclus\u00e3o intestinal. Ele seguir\u00e1 com acompanhamento ambulatorial pela equipe m\u00e9dica assistente\u201d, informou a Secretaria Especial de Comunica\u00e7\u00e3o Social (Secom). No s\u00e1bado (17), o m\u00e9dico cirurgi\u00e3o Ant\u00f4nio Macedo&nbsp;disse que o presidente&nbsp;n\u00e3o apresentava mais obstru\u00e7\u00e3o intestinal. Ele tamb\u00e9m recomendou que Bolsonaro mastigue bem a comida e descanse ap\u00f3s a refei\u00e7\u00e3o. O presidente j\u00e1 est\u00e1 em dieta cremosa \u2014 a alimenta\u00e7\u00e3o foi retomada na sexta-feira (16). O que \u00e9 obstru\u00e7\u00e3o intestinal? A obstru\u00e7\u00e3o intestinal, que Bolsonaro tratou em S\u00e3o Paulo, \u00e9 caracterizada como a interrup\u00e7\u00e3o do funcionamento normal do intestino devido a um bloqueio que impede a passagem de fezes e gases pelo \u00f3rg\u00e3o. As causas s\u00e3o diversas, incluindo tumores, inflama\u00e7\u00e3o, verminoses e efeitos de cirurgias. Entre os sintomas est\u00e3o incha\u00e7o e dor abdominal, n\u00e1useas e v\u00f4mitos, dificuldade e dor para evacuar.&nbsp;Veja mais detalhes. Atos cir\u00fargicos foram determinantes Em entrevista \u00e0&nbsp;CNN&nbsp;no s\u00e1bado (17), o cirurgi\u00e3o do Centro Especializado em Aparelho Digestivo do Hospital Alem\u00e3o Oswaldo Cruz, Rodrigo Oliva Perez, explicou que&nbsp;atos cir\u00fargicos realizados pelo presidente&nbsp;foram determinantes para o quadro atual. \u201c\u00c9 como se fosse uma mangueira longa dentro da barriga da gente, uma barreira comprida, o intestino fino tem quase 7 metros e ele fica solto dentro da barriga. No momento em que a gente faz uma cirurgia ou faz m\u00faltiplas cirurgias, como \u00e9 o caso do presidente, corre o risco de ocorrer ader\u00eancias. O intestino fica solto, mas acaba cicatrizando em posi\u00e7\u00f5es n\u00e3o habituais. E com isso algumas curvas que o intestino faz dentro da barriga podem ficar mais agudas, tornando dif\u00edcil a passagem do conte\u00fado intestinal\u201d, afirma. CNN<\/p>\n","protected":false},"author":6,"featured_media":224714,"comment_status":"closed","ping_status":"closed","sticky":false,"template":"","format":"standard","meta":{"sfsi_plus_gutenberg_text_before_share":"","sfsi_plus_gutenberg_show_text_before_share":"","sfsi_plus_gutenberg_icon_type":"","sfsi_plus_gutenberg_icon_alignemt":"","sfsi_plus_gutenburg_max_per_row":"","footnotes":""},"categories":[50,98],"tags":[],"class_list":["post-225030","post","type-post","status-publish","format-standard","has-post-thumbnail","hentry","category-destaque","category-presidente"],"_links":{"self":[{"href":"https:\/\/www.caririemacao.com\/1\/wp-json\/wp\/v2\/posts\/225030","targetHints":{"allow":["GET"]}}],"collection":[{"href":"https:\/\/www.caririemacao.com\/1\/wp-json\/wp\/v2\/posts"}],"about":[{"href":"https:\/\/www.caririemacao.com\/1\/wp-json\/wp\/v2\/types\/post"}],"author":[{"embeddable":true,"href":"https:\/\/www.caririemacao.com\/1\/wp-json\/wp\/v2\/users\/6"}],"replies":[{"embeddable":true,"href":"https:\/\/www.caririemacao.com\/1\/wp-json\/wp\/v2\/comments?post=225030"}],"version-history":[{"count":1,"href":"https:\/\/www.caririemacao.com\/1\/wp-json\/wp\/v2\/posts\/225030\/revisions"}],"predecessor-version":[{"id":225031,"href":"https:\/\/www.caririemacao.com\/1\/wp-json\/wp\/v2\/posts\/225030\/revisions\/225031"}],"wp:featuredmedia":[{"embeddable":true,"href":"https:\/\/www.caririemacao.com\/1\/wp-json\/wp\/v2\/media\/224714"}],"wp:attachment":[{"href":"https:\/\/www.caririemacao.com\/1\/wp-json\/wp\/v2\/media?parent=225030"}],"wp:term":[{"taxonomy":"category","embeddable":true,"href":"https:\/\/www.caririemacao.com\/1\/wp-json\/wp\/v2\/categories?post=225030"},{"taxonomy":"post_tag","embeddable":true,"href":"https:\/\/www.caririemacao.com\/1\/wp-json\/wp\/v2\/tags?post=225030"}],"curies":[{"name":"wp","href":"https:\/\/api.w.org\/{rel}","templated":true}]}}