{"id":22538,"date":"2017-06-27T08:57:26","date_gmt":"2017-06-27T11:57:26","guid":{"rendered":"http:\/\/caririemacao.com\/1\/?p=22538"},"modified":"2017-06-27T08:57:26","modified_gmt":"2017-06-27T11:57:26","slug":"anvisa-proibe-uso-de-marca-de-contraceptivo-e-medicamentos-fitoterapicos","status":"publish","type":"post","link":"https:\/\/www.caririemacao.com\/1\/2017\/06\/27\/anvisa-proibe-uso-de-marca-de-contraceptivo-e-medicamentos-fitoterapicos\/","title":{"rendered":"Anvisa pro\u00edbe uso de marca de contraceptivo e medicamentos fitoter\u00e1picos"},"content":{"rendered":"<p>A Ag\u00eancia Nacional de Vigil\u00e2ncia Sanit\u00e1ria (Anvisa) suspendeu, nesta segunda-feira (26), a distribui\u00e7\u00e3o, venda e uso de 13 lotes do contraceptivo Gynera ap\u00f3s testes n\u00e3o comprovarem resultados que atendam a legisla\u00e7\u00e3o sanit\u00e1ria vigente.<\/p>\n<p>Al\u00e9m das suspens\u00f5es, a Anvisa tamb\u00e9m determinou que a empresa Bayer S.A., respons\u00e1vel pela fabrica\u00e7\u00e3o do contraceptivo Gynera , recolha todos os lotes do medicamento indicados com os problemas no mercado nacional. <strong>Veja abaixo a rela\u00e7\u00e3o completa dos lotes suspensos:<\/strong><\/p>\n<table border=\"1\" cellspacing=\"0\" cellpadding=\"0\">\n<tbody>\n<tr>\n<td><strong>Medicamento<\/strong><\/td>\n<td><strong>Lote<\/strong><\/td>\n<td><strong>Validade<\/strong><\/td>\n<\/tr>\n<tr>\n<td>Gynera (gestodeno + etinilestradiol) com 21 dr\u00e1geas<\/td>\n<td>BS01EN6<\/p>\n<p>BS01F2H<\/p>\n<p>BS01F2J<\/p>\n<p>BS01F4A<\/p>\n<p>BS01FCF<\/p>\n<p>BS01FJH<\/p>\n<p>BS01FSK<\/p>\n<p>BS01G1CC<\/p>\n<p>BS01G1D<\/p>\n<p>BS01GJS<\/p>\n<p>BS01GR4<\/p>\n<p>BS01GSS<\/p>\n<p>BS01H6F<\/td>\n<td>04\/12\/2017<\/p>\n<p>04\/12\/2017<\/p>\n<p>04\/12\/2017<\/p>\n<p>04\/12\/2017<\/p>\n<p>04\/12\/2017<\/p>\n<p>28\/06\/2018<\/p>\n<p>28\/06\/2018<\/p>\n<p>28\/06\/2018<\/p>\n<p>25\/08\/2018<\/p>\n<p>25\/08\/2018<\/p>\n<p>25\/08\/2018<\/p>\n<p>26\/10\/2018<\/p>\n<p>26\/04\/2018<\/td>\n<\/tr>\n<\/tbody>\n<\/table>\n<p>&nbsp;<\/p>\n<p><strong>Suplementos tamb\u00e9m suspensos<\/strong><\/p>\n<p>Em outra publica\u00e7\u00e3o, a Anvisa tamb\u00e9m determinou a proibi\u00e7\u00e3o de fabrica\u00e7\u00e3o, distribui\u00e7\u00e3o, venda e consumo de diversos produtos comercializados como complexos vitam\u00ednicos e produtos fitoter\u00e1picos que foram detectados em desacordo com legisla\u00e7\u00f5es sanit\u00e1rias. <strong>Veja abaixo a rela\u00e7\u00e3o dos medicamentos proibidos:<\/strong><\/p>\n<table border=\"1\" cellspacing=\"0\" cellpadding=\"0\">\n<tbody>\n<tr>\n<td>Produto<\/td>\n<td>Empresa<\/td>\n<td>Raz\u00e3o<\/td>\n<td>Medida<\/td>\n<\/tr>\n<tr>\n<td>Elixir \u00datero Bom<\/td>\n<td>Desconhecida<\/td>\n<td>Produto sem registro e empresa sem Autoriza\u00e7\u00e3o de Funcionamento<\/td>\n<td>Proibi\u00e7\u00e3o da fabrica\u00e7\u00e3o, distribui\u00e7\u00e3o, divulga\u00e7\u00e3o, comercializa\u00e7\u00e3o e uso do produto;<\/p>\n<p>Apreens\u00e3o e inutiliza\u00e7\u00e3o das unidades<\/td>\n<\/tr>\n<tr>\n<td>Ginkgo com Castanha da \u00cdndia<\/td>\n<td>Verdes Vida Produtos Naturais<\/td>\n<td>Produto sem registro e empresa sem Autoriza\u00e7\u00e3o de Funcionamento<\/td>\n<td>Proibi\u00e7\u00e3o da fabrica\u00e7\u00e3o, distribui\u00e7\u00e3o, divulga\u00e7\u00e3o, comercializa\u00e7\u00e3o e uso do produto;<\/p>\n<p>Apreens\u00e3o e inutiliza\u00e7\u00e3o das unidades<\/td>\n<\/tr>\n<tr>\n<td>Concentrado de Plantas Medicinais Calmante<\/td>\n<td>Vida Longa Plus<\/td>\n<td>Produto sem registro e empresa sem Autoriza\u00e7\u00e3o de Funcionamento<\/td>\n<td>Proibi\u00e7\u00e3o da fabrica\u00e7\u00e3o, distribui\u00e7\u00e3o, divulga\u00e7\u00e3o, comercializa\u00e7\u00e3o e uso do produto;<\/p>\n<p>Apreens\u00e3o e inutiliza\u00e7\u00e3o das unidades<\/td>\n<\/tr>\n<tr>\n<td>\n&#8211; LACTOBACILLUS ACIDOPHILUS, em sach\u00eas da marca LACTIVOS;<\/p>\n<p>&#8211; SUPLEMENTO VITAM\u00cdNICO E MINERAL ENRIQUECIDO COM PROTE\u00cdNA em c\u00e1psulas da marca RENDI BOOSTER;<\/p>\n<p>&#8211; SUPLEMENTO VITAM\u00cdNICO E MINERAL em c\u00e1psulas da marca RENDI PROT;<\/p>\n<p>&#8211; \u00d3LEO DE BORAGE em c\u00e1psulas da marca O6\/WILL CARE;<\/p>\n<p>&#8211; SUPLEMENTO VITAM\u00cdNICO da marca WILL HEALTH NATURE LINE\/BIOTUNE UP<\/td>\n<td>Roberg Alimentos e Medicamentos da Natureza Ltda<\/td>\n<td>Relat\u00f3rio de inspe\u00e7\u00e3o e nos Autos de Infra\u00e7\u00e3o n\u00ba 404, 414 e 416\/2017, emitidos pela vigil\u00e2ncia sanit\u00e1ria do mun\u00edcipio de Votorantim\/SP, ap\u00f3s inspe\u00e7\u00e3o conjunta com o Centro de Vigil\u00e2ncia Sanit\u00e1ria do Estado de S\u00e3o Paulo<\/td>\n<td>Proibir a fabrica\u00e7\u00e3o, distribui\u00e7\u00e3o e comercializa\u00e7\u00e3o<\/td>\n<\/tr>\n<tr>\n<td>\n&#8211; SUPLEMENTO VITAM\u00cdNICO A BASE DE CROMO, l\u00edquido da marca ESBELTY\/DETBIO;<\/p>\n<p>&#8211; SUPLEMENTO VITAM\u00cdNICO E MINERAL em p\u00f3 da marca ANIMA VITAE POR JOEL ALEIXO;<\/p>\n<p>&#8211; SUPLEMENTO DE VITAMINA C COM ACEROLA E MACA em comprimidos das marcas EREFEM e EREMAX<\/td>\n<td>Roberg Alimentos e Medicamentos da Natureza Ltda<\/td>\n<td>Relat\u00f3rio de inspe\u00e7\u00e3o e nos Autos de Infra\u00e7\u00e3o n\u00ba 402, 412 e 415\/2017, emitidos pela vigil\u00e2ncia sanit\u00e1ria do mun\u00edcipio de Votorantim\/SP, ap\u00f3s inspe\u00e7\u00e3o conjunta com o Centro de Vigil\u00e2ncia Sanit\u00e1ria do Estado de S\u00e3o Paulo<\/td>\n<td>Proibir a fabrica\u00e7\u00e3o, distribui\u00e7\u00e3o e comercializa\u00e7\u00e3o<\/td>\n<\/tr>\n<\/tbody>\n<\/table>\n<p><strong>CARIRI EM A\u00c7\u00c3O<\/strong><\/p>\n<p>Com Portal Correio\/Foto: Google<\/p>\n<p><strong>Leia mais not\u00edcias em\u00a0<\/strong><a href=\"http:\/\/www.caririemacao.com\/\"><strong>caririemacao.com<\/strong><\/a><strong>, siga nossa p\u00e1gina no\u00a0<\/strong><a href=\"https:\/\/www.facebook.com\/CaririEmAcao\/?ref=aymt_homepage_panel\"><strong>Facebook<\/strong><\/a><strong>\u00a0e\u00a0<a href=\"https:\/\/www.instagram.com\/cariri_em_acao\/?hl=pt-br\">Instagram<\/a>\u00a0veja nossas mat\u00e9rias e fotos. Voc\u00ea tamb\u00e9m pode enviar informa\u00e7\u00f5es \u00e0 Reda\u00e7\u00e3o do Portal Cariri em A\u00e7\u00e3o pelo WhatsApp (83) 9 9634.5791, (83) 9 9601-1162.<\/strong><\/p>\n","protected":false},"excerpt":{"rendered":"<p>A Ag\u00eancia Nacional de Vigil\u00e2ncia Sanit\u00e1ria (Anvisa) suspendeu, nesta segunda-feira (26), a distribui\u00e7\u00e3o, venda e uso de 13 lotes do contraceptivo Gynera ap\u00f3s testes n\u00e3o&hellip; <\/p>\n","protected":false},"author":2,"featured_media":20295,"comment_status":"closed","ping_status":"closed","sticky":false,"template":"","format":"standard","meta":{"sfsi_plus_gutenberg_text_before_share":"","sfsi_plus_gutenberg_show_text_before_share":"","sfsi_plus_gutenberg_icon_type":"","sfsi_plus_gutenberg_icon_alignemt":"","sfsi_plus_gutenburg_max_per_row":"","footnotes":""},"categories":[16],"tags":[],"class_list":["post-22538","post","type-post","status-publish","format-standard","has-post-thumbnail","hentry","category-saude"],"_links":{"self":[{"href":"https:\/\/www.caririemacao.com\/1\/wp-json\/wp\/v2\/posts\/22538","targetHints":{"allow":["GET"]}}],"collection":[{"href":"https:\/\/www.caririemacao.com\/1\/wp-json\/wp\/v2\/posts"}],"about":[{"href":"https:\/\/www.caririemacao.com\/1\/wp-json\/wp\/v2\/types\/post"}],"author":[{"embeddable":true,"href":"https:\/\/www.caririemacao.com\/1\/wp-json\/wp\/v2\/users\/2"}],"replies":[{"embeddable":true,"href":"https:\/\/www.caririemacao.com\/1\/wp-json\/wp\/v2\/comments?post=22538"}],"version-history":[{"count":0,"href":"https:\/\/www.caririemacao.com\/1\/wp-json\/wp\/v2\/posts\/22538\/revisions"}],"wp:featuredmedia":[{"embeddable":true,"href":"https:\/\/www.caririemacao.com\/1\/wp-json\/wp\/v2\/media\/20295"}],"wp:attachment":[{"href":"https:\/\/www.caririemacao.com\/1\/wp-json\/wp\/v2\/media?parent=22538"}],"wp:term":[{"taxonomy":"category","embeddable":true,"href":"https:\/\/www.caririemacao.com\/1\/wp-json\/wp\/v2\/categories?post=22538"},{"taxonomy":"post_tag","embeddable":true,"href":"https:\/\/www.caririemacao.com\/1\/wp-json\/wp\/v2\/tags?post=22538"}],"curies":[{"name":"wp","href":"https:\/\/api.w.org\/{rel}","templated":true}]}}