{"id":225928,"date":"2021-07-27T10:25:52","date_gmt":"2021-07-27T13:25:52","guid":{"rendered":"https:\/\/www.caririemacao.com\/1\/?p=225928"},"modified":"2021-07-27T10:25:54","modified_gmt":"2021-07-27T13:25:54","slug":"eua-mantem-restricoes-a-viajantes-vindos-do-brasil-uniao-europeia-e-reino-unido-por-conta-da-variante-delta","status":"publish","type":"post","link":"https:\/\/www.caririemacao.com\/1\/2021\/07\/27\/eua-mantem-restricoes-a-viajantes-vindos-do-brasil-uniao-europeia-e-reino-unido-por-conta-da-variante-delta\/","title":{"rendered":"EUA mant\u00eam restri\u00e7\u00f5es a viajantes vindos do Brasil, Uni\u00e3o Europeia e Reino Unido por conta da variante delta"},"content":{"rendered":"\n<p class=\"wp-block-paragraph\">Os Estados Unidos ir\u00e3o manter a proibi\u00e7\u00e3o da entrada de viajantes vindos do Brasil, de pa\u00edses da Uni\u00e3o Europeia, do Reino Unido e de outros pa\u00edses por conta da variante delta do coronav\u00edrus, informou nesta segunda-feira (26) a porta-voz da Casa Branca, Jen Psaki.<\/p>\n\n\n\n<p class=\"wp-block-paragraph\">&#8220;Vamos manter as restri\u00e7\u00f5es existentes. A variante delta, mais contagiosa, est\u00e1 se espalhando tanto aqui como no exterior&#8221;, disse Psaki.<\/p>\n\n\n\n<p class=\"wp-block-paragraph\">O pa\u00eds norte-americano restringiu as viagens da Uni\u00e3o Europeia, Reino Unido, China e Ir\u00e3 h\u00e1 mais de um ano devido \u00e0 pandemia de Covid-19 e depois inclu\u00edram outros pa\u00edses, como a \u00c1frica do Sul, \u00cdndia e o Brasil.<\/p>\n\n\n\n<figure class=\"wp-block-image\"><img decoding=\"async\" src=\"https:\/\/www.clickpb.com.br\/media\/filer_public\/ad\/bd\/adbdb919-f786-4336-b1c5-9f8fcca1e1fa\/2021-04-07t170859z-269671254-rc25rm97qyd8-rtrmadp-3-usa-biden.jpg\" alt=\"\"\/><\/figure>\n\n\n\n<p class=\"wp-block-paragraph\"><em>Secret\u00e1ria de imprensa da Casa Branca, Jen Psaki, em entrevista coletiva em 7 de abril de 2021 \u2014 Foto: Kevin Lamarque\/Reuters<\/em><\/p>\n\n\n\n<p class=\"wp-block-paragraph\">A restri\u00e7\u00e3o n\u00e3o \u00e9 aplicada a pessoas que residam nos EUA ou sejam casadas com um cidad\u00e3o americano ou que tenham resid\u00eancia permanente no pa\u00eds.<\/p>\n\n\n\n<p class=\"wp-block-paragraph\">Filhos ou irm\u00e3os de americanos ou residentes permanentes tamb\u00e9m podem entrar, desde que tenham menos de 21 anos.<\/p>\n\n\n\n<p class=\"wp-block-paragraph\">Membros de tripula\u00e7\u00f5es de companhias a\u00e9reas ou pessoas que ingressem no pa\u00eds a convite do governo dos EUA tamb\u00e9m est\u00e3o isentas da proibi\u00e7\u00e3o.<\/p>\n\n\n\n<p class=\"wp-block-paragraph\"><strong>Europa pede reciprocidade<\/strong><\/p>\n\n\n\n<p class=\"wp-block-paragraph\">O pa\u00eds norte-americano mant\u00e9m as restri\u00e7\u00f5es apesar dos pedidos de reciprocidade da Uni\u00e3o Europeia que em junho se abriu para os viajantes do pa\u00eds.<\/p>\n\n\n\n<p class=\"wp-block-paragraph\">Cidad\u00e3os dos EUA podem embarcar para os pa\u00edses do grupo, apresentando apenas um certificado de vacina\u00e7\u00e3o ou testes negativos do coronav\u00edrus.<\/p>\n\n\n\n<p class=\"wp-block-paragraph\">Formado por 27 pa\u00edses da Europa, o bloco aliviou as medidas de fronteira sob a press\u00e3o de na\u00e7\u00f5es com economias dependentes do turismo como Gr\u00e9cia, Espanha e It\u00e1lia.<\/p>\n\n\n\n<p class=\"wp-block-paragraph\">G1<\/p>\n","protected":false},"excerpt":{"rendered":"<p>Os Estados Unidos ir\u00e3o manter a proibi\u00e7\u00e3o da entrada de viajantes vindos do Brasil, de pa\u00edses da Uni\u00e3o Europeia, do Reino Unido e de outros pa\u00edses por conta da variante delta do coronav\u00edrus, informou nesta segunda-feira (26) a porta-voz da Casa Branca, Jen Psaki. &#8220;Vamos manter as restri\u00e7\u00f5es existentes. A variante delta, mais contagiosa, est\u00e1 se espalhando tanto aqui como no exterior&#8221;, disse Psaki. O pa\u00eds norte-americano restringiu as viagens da Uni\u00e3o Europeia, Reino Unido, China e Ir\u00e3 h\u00e1 mais de um ano devido \u00e0 pandemia de Covid-19 e depois inclu\u00edram outros pa\u00edses, como a \u00c1frica do Sul, \u00cdndia e o Brasil. Secret\u00e1ria de imprensa da Casa Branca, Jen Psaki, em entrevista coletiva em 7 de abril de 2021 \u2014 Foto: Kevin Lamarque\/Reuters A restri\u00e7\u00e3o n\u00e3o \u00e9 aplicada a pessoas que residam nos EUA ou sejam casadas com um cidad\u00e3o americano ou que tenham resid\u00eancia permanente no pa\u00eds. Filhos ou irm\u00e3os de americanos ou residentes permanentes tamb\u00e9m podem entrar, desde que tenham menos de 21 anos. Membros de tripula\u00e7\u00f5es de companhias a\u00e9reas ou pessoas que ingressem no pa\u00eds a convite do governo dos EUA tamb\u00e9m est\u00e3o isentas da proibi\u00e7\u00e3o. Europa pede reciprocidade O pa\u00eds norte-americano mant\u00e9m as restri\u00e7\u00f5es apesar dos pedidos de reciprocidade da Uni\u00e3o Europeia que em junho se abriu para os viajantes do pa\u00eds. Cidad\u00e3os dos EUA podem embarcar para os pa\u00edses do grupo, apresentando apenas um certificado de vacina\u00e7\u00e3o ou testes negativos do coronav\u00edrus. Formado por 27 pa\u00edses da Europa, o bloco aliviou as medidas de fronteira sob a press\u00e3o de na\u00e7\u00f5es com economias dependentes do turismo como Gr\u00e9cia, Espanha e It\u00e1lia. G1<\/p>\n","protected":false},"author":6,"featured_media":218825,"comment_status":"closed","ping_status":"closed","sticky":false,"template":"","format":"standard","meta":{"sfsi_plus_gutenberg_text_before_share":"","sfsi_plus_gutenberg_show_text_before_share":"","sfsi_plus_gutenberg_icon_type":"","sfsi_plus_gutenberg_icon_alignemt":"","sfsi_plus_gutenburg_max_per_row":"","footnotes":""},"categories":[123,124,103],"tags":[],"class_list":["post-225928","post","type-post","status-publish","format-standard","has-post-thumbnail","hentry","category-brasil","category-covid-19","category-mundo"],"_links":{"self":[{"href":"https:\/\/www.caririemacao.com\/1\/wp-json\/wp\/v2\/posts\/225928","targetHints":{"allow":["GET"]}}],"collection":[{"href":"https:\/\/www.caririemacao.com\/1\/wp-json\/wp\/v2\/posts"}],"about":[{"href":"https:\/\/www.caririemacao.com\/1\/wp-json\/wp\/v2\/types\/post"}],"author":[{"embeddable":true,"href":"https:\/\/www.caririemacao.com\/1\/wp-json\/wp\/v2\/users\/6"}],"replies":[{"embeddable":true,"href":"https:\/\/www.caririemacao.com\/1\/wp-json\/wp\/v2\/comments?post=225928"}],"version-history":[{"count":1,"href":"https:\/\/www.caririemacao.com\/1\/wp-json\/wp\/v2\/posts\/225928\/revisions"}],"predecessor-version":[{"id":225929,"href":"https:\/\/www.caririemacao.com\/1\/wp-json\/wp\/v2\/posts\/225928\/revisions\/225929"}],"wp:featuredmedia":[{"embeddable":true,"href":"https:\/\/www.caririemacao.com\/1\/wp-json\/wp\/v2\/media\/218825"}],"wp:attachment":[{"href":"https:\/\/www.caririemacao.com\/1\/wp-json\/wp\/v2\/media?parent=225928"}],"wp:term":[{"taxonomy":"category","embeddable":true,"href":"https:\/\/www.caririemacao.com\/1\/wp-json\/wp\/v2\/categories?post=225928"},{"taxonomy":"post_tag","embeddable":true,"href":"https:\/\/www.caririemacao.com\/1\/wp-json\/wp\/v2\/tags?post=225928"}],"curies":[{"name":"wp","href":"https:\/\/api.w.org\/{rel}","templated":true}]}}