{"id":22659,"date":"2017-06-28T20:45:24","date_gmt":"2017-06-28T23:45:24","guid":{"rendered":"http:\/\/caririemacao.com\/1\/?p=22659"},"modified":"2017-06-28T20:45:24","modified_gmt":"2017-06-28T23:45:24","slug":"temer-escolhe-raquel-dodge-para-ser-a-sucessora-de-janot-na-pgr","status":"publish","type":"post","link":"https:\/\/www.caririemacao.com\/1\/2017\/06\/28\/temer-escolhe-raquel-dodge-para-ser-a-sucessora-de-janot-na-pgr\/","title":{"rendered":"Temer escolhe Raquel Dodge para ser a sucessora de Janot na PGR"},"content":{"rendered":"<p>O presidente Michel Temer (PMDB) decidiu indicar a subprocuradora-geral da Rep\u00fablica Raquel Dodge para suceder o procurador-geral da Rep\u00fablica, Rodrigo Janot, no cargo. Ela recebeu 587 votos e foi a segunda colocada na vota\u00e7\u00e3o interna feita pelo Minist\u00e9rio P\u00fablico Federal \u00e0 sucess\u00e3o de Janot, que deixa a chefia da Procuradoria-Geral da Rep\u00fablica no dia 17 de setembro. O an\u00fancio foi feito pelo porta-voz da presid\u00eancia da Rep\u00fablica, Alexandre Parola, em um r\u00e1pido pronunciamento na noite desta quarta-feira. Para que ela seja confirmada como a primeira procuradora-geral da Rep\u00fablica da hist\u00f3ria do Brasil, a indica\u00e7\u00e3o Dodge ainda passar\u00e1 por sabatina e vota\u00e7\u00e3o no Senado.<\/p>\n<p>Na lista tr\u00edplice entregue pela Associa\u00e7\u00e3o Nacional dos Procuradores da Rep\u00fablica (ANPR) a Temer nesta quarta-feira estavam, al\u00e9m de Raquel Dodge, os nomes dos subprocuradores Nicolao Dino, com 621 votos, e\u00a0Mario Bonsaglia, com 564 votos.<\/p>\n<p>Nos governos de Luiz In\u00e1cio Lula da Silva\u00a0 e Dilma Rousseff, ambos do PT, a pr\u00e1tica adotada sempre foi a de nomear o primeiro colocado da lista \u2013 foi assim com Roberto Gurgel e Rodrigo Janot -, mas estava claro que Dino n\u00e3o seria nomeado. Al\u00e9m de candidato de Janot, desafeto do Planalto, ele \u00e9 irm\u00e3o do governador do Maranh\u00e3o, Fl\u00e1vio Dino (PCdoB), inimigo de Jos\u00e9 Sarney, que ainda tem influ\u00eancia no PMDB.<\/p>\n<p>J\u00e1 Raquel Dodge tinha o apoio dos caciques do PMDB e \u00e9 vista como uma possibilidade de diminuir o \u00edmpeto da Opera\u00e7\u00e3o Lava Jato e da PGR.\u00a0A indica\u00e7\u00e3o dela para chefiar o Minist\u00e9rio P\u00fablico Federal se d\u00e1 no momento em que o governo Temer, encurralado pelas dela\u00e7\u00f5es dos executivos do Grupo J&amp;F, lan\u00e7a sua maior ofensiva contra a Lava Jato, a PGR e o Supremo Tribunal Federal.<\/p>\n<p>Denunciado ao STF por corrup\u00e7\u00e3o passiva, o presidente chegou a a afirmar, em um duro pronunciamento ontem, que a l\u00f3gica empregada na acusa\u00e7\u00e3o do procurador-geral contra ele permitiria sugerir que Rodrigo Janot recebeu dinheiro do ex-procurador da Rep\u00fablica\u00a0Marcello Miller, que deixou a PGR para ser advogado da JBS.<\/p>\n<p>No Minist\u00e9rio P\u00fablico Federal desde 1987, Dodge \u00e9 subprocuradora-geral da Rep\u00fablica junto ao Superior Tribunal de Justi\u00e7a (STJ) em mat\u00e9ria criminal e integra o Conselho Superior do Minist\u00e9rio P\u00fablico. Ela teve atua\u00e7\u00e3o na Opera\u00e7\u00e3o Caixa de Pandora, que investigou o ex-governador do Distrito Federal Jos\u00e9 Roberto Arruda, e, em primeira inst\u00e2ncia, foi membro da equipe que processou criminalmente Hildebrando Paschoal, o \u201cdeputado da motosserra\u201d, e o Esquadr\u00e3o da Morte. Raquel Dodge \u00e9 mestre em Direito pela Universidade de Harvard.<\/p>\n<p>Durante um debate na disputa da lista tr\u00edplice da ANPR, em 29 de maio, Dodge respondeu a duas perguntas de VEJA sobre a Opera\u00e7\u00e3o Lava Jato. Leia abaixo:<\/p>\n<p><strong>A senhora v\u00ea alguma rea\u00e7\u00e3o ou risco \u00e0 Lava Jato?<\/strong>\u00a0Eu n\u00e3o vejo nesse momento movimento contr\u00e1rio, por exemplo, a instrumentos como a lei da dela\u00e7\u00e3o premiada, important\u00edssima porque deu seguran\u00e7a jur\u00eddica \u00e0s colabora\u00e7\u00f5es e poupou gastos de in\u00fameras horas em torno de como as dela\u00e7\u00f5es seriam feitas. O Minist\u00e9rio P\u00fablico Federal tem autonomia e independ\u00eancia garantidas pela Constitui\u00e7\u00e3o que d\u00e3o a seus membros apoio para que exer\u00e7am com desenvoltura suas fun\u00e7\u00f5es.<\/p>\n<p><strong>Caso escolhida, o que a senhora far\u00e1 para blindar e manter a Lava Jato?\u00a0<\/strong>\u00c9 preciso refor\u00e7ar, manter o vigor de modo a dar um resultado c\u00e9lere e efetivo. Nos \u00faltimos dias, foi revelado que, apesar de a Lava Jato estar desvendando crimes de corrup\u00e7\u00e3o, a corrup\u00e7\u00e3o continuava sendo praticada. N\u00e3o podemos retroceder quanto ao vigor naquilo que estamos fazendo. \u00a0A popula\u00e7\u00e3o apreciou que haja conclus\u00f5es pr\u00f3ximas ao in\u00edcio da investiga\u00e7\u00e3o. Em muitos casos, o processo de investiga\u00e7\u00e3o era eficiente, mas demorado. Celeridade e efetividade s\u00e3o ingredientes modernos do Minist\u00e9rio P\u00fablico Federal e do Judici\u00e1rio do Brasil.<\/p>\n<p><strong>CARIRI EM A\u00c7\u00c3O<\/strong><\/p>\n<p><strong>Leia mais not\u00edcias em\u00a0<\/strong><a href=\"http:\/\/www.caririemacao.com\/\"><strong>caririemacao.com<\/strong><\/a><strong>, siga nossa p\u00e1gina no\u00a0<\/strong><a href=\"https:\/\/www.facebook.com\/CaririEmAcao\/?ref=aymt_homepage_panel\"><strong>Facebook<\/strong><\/a><strong>\u00a0e\u00a0<a href=\"https:\/\/www.instagram.com\/cariri_em_acao\/?hl=pt-br\">Instagram<\/a>\u00a0veja nossas mat\u00e9rias e fotos. Voc\u00ea tamb\u00e9m pode enviar informa\u00e7\u00f5es \u00e0 Reda\u00e7\u00e3o do Portal Cariri em A\u00e7\u00e3o pelo WhatsApp (83) 9 9634.5791, (83) 9 9601-1162.<\/strong><\/p>\n","protected":false},"excerpt":{"rendered":"<p>O presidente Michel Temer (PMDB) decidiu indicar a subprocuradora-geral da Rep\u00fablica Raquel Dodge para suceder o procurador-geral da Rep\u00fablica, Rodrigo Janot, no cargo. Ela recebeu&hellip; <\/p>\n","protected":false},"author":2,"featured_media":22660,"comment_status":"closed","ping_status":"closed","sticky":false,"template":"","format":"standard","meta":{"sfsi_plus_gutenberg_text_before_share":"","sfsi_plus_gutenberg_show_text_before_share":"","sfsi_plus_gutenberg_icon_type":"","sfsi_plus_gutenberg_icon_alignemt":"","sfsi_plus_gutenburg_max_per_row":"","footnotes":""},"categories":[11],"tags":[],"class_list":["post-22659","post","type-post","status-publish","format-standard","has-post-thumbnail","hentry","category-politica"],"_links":{"self":[{"href":"https:\/\/www.caririemacao.com\/1\/wp-json\/wp\/v2\/posts\/22659","targetHints":{"allow":["GET"]}}],"collection":[{"href":"https:\/\/www.caririemacao.com\/1\/wp-json\/wp\/v2\/posts"}],"about":[{"href":"https:\/\/www.caririemacao.com\/1\/wp-json\/wp\/v2\/types\/post"}],"author":[{"embeddable":true,"href":"https:\/\/www.caririemacao.com\/1\/wp-json\/wp\/v2\/users\/2"}],"replies":[{"embeddable":true,"href":"https:\/\/www.caririemacao.com\/1\/wp-json\/wp\/v2\/comments?post=22659"}],"version-history":[{"count":0,"href":"https:\/\/www.caririemacao.com\/1\/wp-json\/wp\/v2\/posts\/22659\/revisions"}],"wp:featuredmedia":[{"embeddable":true,"href":"https:\/\/www.caririemacao.com\/1\/wp-json\/wp\/v2\/media\/22660"}],"wp:attachment":[{"href":"https:\/\/www.caririemacao.com\/1\/wp-json\/wp\/v2\/media?parent=22659"}],"wp:term":[{"taxonomy":"category","embeddable":true,"href":"https:\/\/www.caririemacao.com\/1\/wp-json\/wp\/v2\/categories?post=22659"},{"taxonomy":"post_tag","embeddable":true,"href":"https:\/\/www.caririemacao.com\/1\/wp-json\/wp\/v2\/tags?post=22659"}],"curies":[{"name":"wp","href":"https:\/\/api.w.org\/{rel}","templated":true}]}}