{"id":227583,"date":"2021-08-12T07:07:20","date_gmt":"2021-08-12T10:07:20","guid":{"rendered":"https:\/\/www.caririemacao.com\/1\/?p=227583"},"modified":"2021-08-12T07:07:22","modified_gmt":"2021-08-12T10:07:22","slug":"cpi-vai-propor-indiciamento-de-bolsonaro-por-charlatanismo","status":"publish","type":"post","link":"https:\/\/www.caririemacao.com\/1\/2021\/08\/12\/cpi-vai-propor-indiciamento-de-bolsonaro-por-charlatanismo\/","title":{"rendered":"CPI vai propor indiciamento de Bolsonaro por charlatanismo"},"content":{"rendered":"\n<p class=\"wp-block-paragraph\">A mesa diretora da CPI da Covid decidiu nesta quarta (11) que vai propor o indiciamento do presidente Jair Bolsonaro pelos crimes de curandeirismo, charlatanismo, epidemia e publicidade enganosa no enfrentamento \u00e0 pandemia.<\/p>\n\n\n\n<p class=\"wp-block-paragraph\">Esses s\u00e3o as primeiras defini\u00e7\u00f5es oficiais do que ser\u00e1 inclu\u00eddo no relat\u00f3rio final da comiss\u00e3o, que ser\u00e1 encaminhado ao Minist\u00e9rio P\u00fablico Federal, \u00f3rg\u00e3o que decidir\u00e1 sobre a abertura ou n\u00e3o dos processos. Somados, os crimes podem render pena superior a 18 anos.<\/p>\n\n\n\n<p class=\"wp-block-paragraph\">A CPI tem prazo de funcionamento aprovado at\u00e9 o in\u00edcio de novembro, mas pretende entregar o relat\u00f3rio at\u00e9 setembro para aproveitar a aten\u00e7\u00e3o atra\u00edda pelo colegiado e n\u00e3o perder o &#8220;timing&#8221;.&nbsp;<\/p>\n\n\n\n<p class=\"wp-block-paragraph\">As primeiras defini\u00e7\u00f5es sobre crimes a serem apontados no relat\u00f3rio dizem respeito \u00e0 defesa feita pelo presidente Bolsonaro, al\u00e9m de \u00f3rg\u00e3os como o Minist\u00e9rio da Sa\u00fade, do tratamento precoce contra a covid-19. Os parlamentares entendem que o governo atuou de forma a enganar a popula\u00e7\u00e3o especialmente no in\u00edcio da pandemia, propondo como uma das principais solu\u00e7\u00f5es para a doen\u00e7a o uso de rem\u00e9dios como a cloroquina, considerada ineficaz contra covid-19 pela comunidade cient\u00edfica internacional e \u00f3rg\u00e3os como a OMS (Organiza\u00e7\u00e3o Mundial da Sa\u00fade), e que traz ainda riscos de efeitos colaterais.&nbsp;&nbsp;<\/p>\n\n\n\n<p class=\"wp-block-paragraph\">O entendimento sobre a previs\u00e3o desses crimes no relat\u00f3rio foi finalizado nesta quarta-feira (11), data em que foi ouvido o CEO da farmac\u00eautica Vitamedic, Jailton Batista &#8211; a empresa aumentou seu faturamento com venda de ivermectina 29 vezes em 2020.<\/p>\n\n\n\n<p class=\"wp-block-paragraph\">O apontamento dos crimes foi definido pelos membros da Mesa Diretoria da CPI: o presidente, Omar Aziz (PSD-AM); o vice-presidente, Randolfe Rodrigues (Rede-AP); e o relator, Renan Calheiros (MDB-AL). Os parlamentares entendem que a atua\u00e7\u00e3o do governo e do chefe do Executivo colaboraram diretamente para o alto n\u00famero de \u00f3bitos no pa\u00eds.<\/p>\n\n\n\n<p class=\"wp-block-paragraph\"><strong>Indeniza\u00e7\u00e3o<\/strong><\/p>\n\n\n\n<p class=\"wp-block-paragraph\">Os senadores afirmaram nesta quarta-feira que o relat\u00f3rio final dever\u00e1 responsabilizar n\u00e3o s\u00f3 o presidente, mas tamb\u00e9m a Uni\u00e3o pelas mortes ocorridas em raz\u00e3o da pandemia, e indicar que \u00f3rg\u00e3os de Estado devem ajudar fam\u00edlias a obterem indeniza\u00e7\u00f5es.<\/p>\n\n\n\n<p class=\"wp-block-paragraph\">Segundo Calheiros, a comiss\u00e3o dever\u00e1 ter no relat\u00f3rio final uma recomenda\u00e7\u00e3o \u00e0s advocacias da Uni\u00e3o nos estados para que atuem em solidariedade aos parentes de v\u00edtimas. &#8220;S\u00e3o pessoas que perderam entes queridos, muitos deles que est\u00e3o sequelados, que a advocacia ajude essas pessoas a entrar na Justi\u00e7a pedindo a indeniza\u00e7\u00e3o por esse crime absurdo&#8221;, disse.<\/p>\n\n\n\n<p class=\"wp-block-paragraph\">Randolfe Rodrigues sugeriu que seja &#8220;responsabilizada a Uni\u00e3o pelas v\u00edtimas da covid-19 e por todas aquelas pessoas que tiveram efeitos colaterais no tratamento com medicamentos sem efic\u00e1cia comprovada&#8221;.<\/p>\n\n\n\n<p class=\"wp-block-paragraph\">Segundo Calheiros, a sugest\u00e3o do colega ser\u00e1 acatada e ampliada, j\u00e1 que laborat\u00f3rios que incentivaram e lucraram com o kit covid tamb\u00e9m constar\u00e3o como &#8220;solid\u00e1rios&#8221;, de acordo com o relator. Entre as empresas est\u00e1 a Vitamedic.<\/p>\n\n\n\n<p class=\"wp-block-paragraph\">As manifesta\u00e7\u00f5es foram completadas pelo presidente da CPI, Omar Aziz (PSD-AM), que pediu que \u00f3rg\u00e3os como a Defensoria P\u00fablica do Amazonas e a OAB (Ordem dos Advogados do Brasil) tamb\u00e9m atuem em favor das fam\u00edlias atingidas.<\/p>\n\n\n\n<p class=\"wp-block-paragraph\"><strong>Manaus<\/strong><\/p>\n\n\n\n<p class=\"wp-block-paragraph\">Randolfe Rodrigues afirmou que o incentivo ao tratamento precoce colaborou para o uso indiscriminado do rem\u00e9dio pelo pa\u00eds e para a &#8220;superdosagem de ivermectina&#8221; em indica\u00e7\u00f5es de tratamento em Manaus, uma das cidades mais afetadas pela pandemia. A superdosagem teria ocorrido por indica\u00e7\u00f5es do TrateCov &#8211; aplicativo do Minist\u00e9rio da Sa\u00fade que funcionou no in\u00edcio do ano, antes de ser cancelado.<\/p>\n\n\n\n<p class=\"wp-block-paragraph\">&#8220;Isso [superdosagem de ivermectina] segundo a ci\u00eancia traz grav\u00edssimas consequ\u00eancias hep\u00e1ticas, entre outras, segundo estudos cient\u00edficos, e tudo isso foi incentivado por apoiadores do presidente Jair Bolsonaro e pelo presidente. E o povo de Manaus foi feito de cobaia&#8221;, disse.<\/p>\n\n\n\n<p class=\"wp-block-paragraph\">R7<\/p>\n","protected":false},"excerpt":{"rendered":"<p>A mesa diretora da CPI da Covid decidiu nesta quarta (11) que vai propor o indiciamento do presidente Jair Bolsonaro pelos crimes de curandeirismo, charlatanismo, epidemia e publicidade enganosa no enfrentamento \u00e0 pandemia. Esses s\u00e3o as primeiras defini\u00e7\u00f5es oficiais do que ser\u00e1 inclu\u00eddo no relat\u00f3rio final da comiss\u00e3o, que ser\u00e1 encaminhado ao Minist\u00e9rio P\u00fablico Federal, \u00f3rg\u00e3o que decidir\u00e1 sobre a abertura ou n\u00e3o dos processos. Somados, os crimes podem render pena superior a 18 anos. A CPI tem prazo de funcionamento aprovado at\u00e9 o in\u00edcio de novembro, mas pretende entregar o relat\u00f3rio at\u00e9 setembro para aproveitar a aten\u00e7\u00e3o atra\u00edda pelo colegiado e n\u00e3o perder o &#8220;timing&#8221;.&nbsp; As primeiras defini\u00e7\u00f5es sobre crimes a serem apontados no relat\u00f3rio dizem respeito \u00e0 defesa feita pelo presidente Bolsonaro, al\u00e9m de \u00f3rg\u00e3os como o Minist\u00e9rio da Sa\u00fade, do tratamento precoce contra a covid-19. Os parlamentares entendem que o governo atuou de forma a enganar a popula\u00e7\u00e3o especialmente no in\u00edcio da pandemia, propondo como uma das principais solu\u00e7\u00f5es para a doen\u00e7a o uso de rem\u00e9dios como a cloroquina, considerada ineficaz contra covid-19 pela comunidade cient\u00edfica internacional e \u00f3rg\u00e3os como a OMS (Organiza\u00e7\u00e3o Mundial da Sa\u00fade), e que traz ainda riscos de efeitos colaterais.&nbsp;&nbsp; O entendimento sobre a previs\u00e3o desses crimes no relat\u00f3rio foi finalizado nesta quarta-feira (11), data em que foi ouvido o CEO da farmac\u00eautica Vitamedic, Jailton Batista &#8211; a empresa aumentou seu faturamento com venda de ivermectina 29 vezes em 2020. O apontamento dos crimes foi definido pelos membros da Mesa Diretoria da CPI: o presidente, Omar Aziz (PSD-AM); o vice-presidente, Randolfe Rodrigues (Rede-AP); e o relator, Renan Calheiros (MDB-AL). Os parlamentares entendem que a atua\u00e7\u00e3o do governo e do chefe do Executivo colaboraram diretamente para o alto n\u00famero de \u00f3bitos no pa\u00eds. Indeniza\u00e7\u00e3o Os senadores afirmaram nesta quarta-feira que o relat\u00f3rio final dever\u00e1 responsabilizar n\u00e3o s\u00f3 o presidente, mas tamb\u00e9m a Uni\u00e3o pelas mortes ocorridas em raz\u00e3o da pandemia, e indicar que \u00f3rg\u00e3os de Estado devem ajudar fam\u00edlias a obterem indeniza\u00e7\u00f5es. Segundo Calheiros, a comiss\u00e3o dever\u00e1 ter no relat\u00f3rio final uma recomenda\u00e7\u00e3o \u00e0s advocacias da Uni\u00e3o nos estados para que atuem em solidariedade aos parentes de v\u00edtimas. &#8220;S\u00e3o pessoas que perderam entes queridos, muitos deles que est\u00e3o sequelados, que a advocacia ajude essas pessoas a entrar na Justi\u00e7a pedindo a indeniza\u00e7\u00e3o por esse crime absurdo&#8221;, disse. Randolfe Rodrigues sugeriu que seja &#8220;responsabilizada a Uni\u00e3o pelas v\u00edtimas da covid-19 e por todas aquelas pessoas que tiveram efeitos colaterais no tratamento com medicamentos sem efic\u00e1cia comprovada&#8221;. Segundo Calheiros, a sugest\u00e3o do colega ser\u00e1 acatada e ampliada, j\u00e1 que laborat\u00f3rios que incentivaram e lucraram com o kit covid tamb\u00e9m constar\u00e3o como &#8220;solid\u00e1rios&#8221;, de acordo com o relator. Entre as empresas est\u00e1 a Vitamedic. As manifesta\u00e7\u00f5es foram completadas pelo presidente da CPI, Omar Aziz (PSD-AM), que pediu que \u00f3rg\u00e3os como a Defensoria P\u00fablica do Amazonas e a OAB (Ordem dos Advogados do Brasil) tamb\u00e9m atuem em favor das fam\u00edlias atingidas. Manaus Randolfe Rodrigues afirmou que o incentivo ao tratamento precoce colaborou para o uso indiscriminado do rem\u00e9dio pelo pa\u00eds e para a &#8220;superdosagem de ivermectina&#8221; em indica\u00e7\u00f5es de tratamento em Manaus, uma das cidades mais afetadas pela pandemia. A superdosagem teria ocorrido por indica\u00e7\u00f5es do TrateCov &#8211; aplicativo do Minist\u00e9rio da Sa\u00fade que funcionou no in\u00edcio do ano, antes de ser cancelado. &#8220;Isso [superdosagem de ivermectina] segundo a ci\u00eancia traz grav\u00edssimas consequ\u00eancias hep\u00e1ticas, entre outras, segundo estudos cient\u00edficos, e tudo isso foi incentivado por apoiadores do presidente Jair Bolsonaro e pelo presidente. E o povo de Manaus foi feito de cobaia&#8221;, disse. R7<\/p>\n","protected":false},"author":6,"featured_media":227584,"comment_status":"closed","ping_status":"closed","sticky":false,"template":"","format":"standard","meta":{"sfsi_plus_gutenberg_text_before_share":"","sfsi_plus_gutenberg_show_text_before_share":"","sfsi_plus_gutenberg_icon_type":"","sfsi_plus_gutenberg_icon_alignemt":"","sfsi_plus_gutenburg_max_per_row":"","footnotes":""},"categories":[50,98],"tags":[],"class_list":["post-227583","post","type-post","status-publish","format-standard","has-post-thumbnail","hentry","category-destaque","category-presidente"],"_links":{"self":[{"href":"https:\/\/www.caririemacao.com\/1\/wp-json\/wp\/v2\/posts\/227583","targetHints":{"allow":["GET"]}}],"collection":[{"href":"https:\/\/www.caririemacao.com\/1\/wp-json\/wp\/v2\/posts"}],"about":[{"href":"https:\/\/www.caririemacao.com\/1\/wp-json\/wp\/v2\/types\/post"}],"author":[{"embeddable":true,"href":"https:\/\/www.caririemacao.com\/1\/wp-json\/wp\/v2\/users\/6"}],"replies":[{"embeddable":true,"href":"https:\/\/www.caririemacao.com\/1\/wp-json\/wp\/v2\/comments?post=227583"}],"version-history":[{"count":1,"href":"https:\/\/www.caririemacao.com\/1\/wp-json\/wp\/v2\/posts\/227583\/revisions"}],"predecessor-version":[{"id":227585,"href":"https:\/\/www.caririemacao.com\/1\/wp-json\/wp\/v2\/posts\/227583\/revisions\/227585"}],"wp:featuredmedia":[{"embeddable":true,"href":"https:\/\/www.caririemacao.com\/1\/wp-json\/wp\/v2\/media\/227584"}],"wp:attachment":[{"href":"https:\/\/www.caririemacao.com\/1\/wp-json\/wp\/v2\/media?parent=227583"}],"wp:term":[{"taxonomy":"category","embeddable":true,"href":"https:\/\/www.caririemacao.com\/1\/wp-json\/wp\/v2\/categories?post=227583"},{"taxonomy":"post_tag","embeddable":true,"href":"https:\/\/www.caririemacao.com\/1\/wp-json\/wp\/v2\/tags?post=227583"}],"curies":[{"name":"wp","href":"https:\/\/api.w.org\/{rel}","templated":true}]}}