{"id":227872,"date":"2021-08-14T10:07:29","date_gmt":"2021-08-14T13:07:29","guid":{"rendered":"https:\/\/www.caririemacao.com\/1\/?p=227872"},"modified":"2021-08-14T10:07:31","modified_gmt":"2021-08-14T13:07:31","slug":"bolsonaro-diz-que-barroso-e-moraes-extrapolam-limites-constitucionais-e-que-pedira-abertura-de-processo-ao-senado","status":"publish","type":"post","link":"https:\/\/www.caririemacao.com\/1\/2021\/08\/14\/bolsonaro-diz-que-barroso-e-moraes-extrapolam-limites-constitucionais-e-que-pedira-abertura-de-processo-ao-senado\/","title":{"rendered":"Bolsonaro diz que Barroso e Moraes extrapolam limites constitucionais e que pedir\u00e1 abertura de processo ao Senado"},"content":{"rendered":"\n<p class=\"wp-block-paragraph\">O presidente Jair Bolsonaro afirmou neste s\u00e1bado (14), em publica\u00e7\u00f5es nas redes sociais, que os ministros do Supremo Tribunal Federal (STF) Luis Roberto Barroso e Alexandre de Moraes extrapolam &#8220;com atos os limites constitucionais&#8221; e disse que pedir\u00e1 ao presidente do Senado, Rodrigo Pacheco (DEM-MG), a abertura de um processo para investigar os dois.<\/p>\n\n\n\n<p class=\"wp-block-paragraph\">Bolsonaro est\u00e1 em Resende (RJ), onde participa de uma cerim\u00f4nia na Academia Militar das Agulhas Negras (Aman), neste s\u00e1bado. Pela manh\u00e3, ele deixou o hotel de tr\u00e2nsito do Ex\u00e9rcito no qual est\u00e1 hospedado, conversou com apoiadores e foi para BR-116 (Dutra) para acenar para motoristas.<\/p>\n\n\n\n<p class=\"wp-block-paragraph\">&#8220;Todos sabem das consequ\u00eancias, internas e externas, de uma ruptura institucional, a qual n\u00e3o provocamos ou desejamos. De h\u00e1 muito, os ministros Alexandre de Moraes e Lu\u00eds Roberto Barroso, do Supremo Tribunal Federal, extrapolam com atos os limites constitucionais&#8221;, escreveu Bolsonaro.<\/p>\n\n\n\n<p class=\"wp-block-paragraph\">&#8220;Na pr\u00f3xima semana, levarei ao Presidente do Senado, Rodrigo Pacheco, um pedido para que instaure um processo sobre ambos, de acordo com o art. 52 da Constitui\u00e7\u00e3o Federal&#8221;, disse nas redes sociais.<\/p>\n\n\n\n<p class=\"wp-block-paragraph\">O dispositivo constitucional citado pelo presidente diz que &#8220;compete privativamente ao Senado Federal&#8221; processar e julgar os Ministros do Supremo Tribunal Federal em casos de crime de responsabilidade.<\/p>\n\n\n\n<p class=\"wp-block-paragraph\">A fala do presidente vem na esteira da derrota do voto impresso na C\u00e2mara dos Deputados e da pris\u00e3o do aliado Roberto Jefferson, presidente nacional do PTB.<\/p>\n\n\n\n<p class=\"wp-block-paragraph\">Na ter\u00e7a-feira (10), em uma derrota para Bolsonaro, a proposta de emenda \u00e0 Constitui\u00e7\u00e3o (PEC) que previa a impress\u00e3o de votos em elei\u00e7\u00f5es, plebiscitos e referendos n\u00e3o alcan\u00e7ou o n\u00famero de votos necess\u00e1rios para ser aprovada e acabou arquivada pelos deputados.<\/p>\n\n\n\n<p class=\"wp-block-paragraph\">Bolsonaro acusa Barroso, presidente do Tribunal Superior Eleitoral (TSE) e defensor das urnas eletr\u00f4nicas, de interferir nos debates no Legislativo sobre o tema. O presidente chegou a amea\u00e7ar, em mais de uma ocasi\u00e3o, com a n\u00e3o realiza\u00e7\u00e3o das elei\u00e7\u00f5es em 2022.<\/p>\n\n\n\n<p class=\"wp-block-paragraph\">Ap\u00f3s ser inclu\u00eddo no inqu\u00e9rito das fake news, Bolsonaro tamb\u00e9m amea\u00e7ou agir fora da Constitui\u00e7\u00e3o. O presidente j\u00e1 \u00e9 alvo de quatro inqu\u00e9ritos no Supremo Tribunal Federal e um no Tribunal Superior Eleitoral.<\/p>\n\n\n\n<p class=\"wp-block-paragraph\"><strong>Mil\u00edcia digital<\/strong><br>Aliado de primeira hora, Jefferson foi preso nesta sexta-feira (13) dentro do inqu\u00e9rito investiga mil\u00edcias digitais e tramita no STF. A autoriza\u00e7\u00e3o para a pris\u00e3o partiu do ministro Alexandre de Moraes, relator do caso.<\/p>\n\n\n\n<p class=\"wp-block-paragraph\">Na s\u00e9rie de postagens publicadas neste s\u00e1bado, Bolsonaro n\u00e3o citou o aliado, mas disse que &#8220;o povo brasileiro n\u00e3o aceitar\u00e1 passivamente que direitos e garantias fundamentais, como o da liberdade de express\u00e3o, continuem a ser violados e punidos com pris\u00f5es arbitr\u00e1rias, justamente por quem deveria defend\u00ea-los&#8221;.<\/p>\n\n\n\n<p class=\"wp-block-paragraph\">Ele ainda cobrou Moraes por uma fala durante sua sabatina no Senado, que precedeu a posse no STF. O presidente transcreveu uma declara\u00e7\u00e3o do ministro ao senadores, na qual disse que &#8220;reafirmo minha independ\u00eancia, meu compromisso com a Constitui\u00e7\u00e3o, e minha devo\u00e7\u00e3o com as liberdades individuais.&#8221;<\/p>\n\n\n\n<p class=\"wp-block-paragraph\">O inqu\u00e9rito que investiga a organiza\u00e7\u00e3o e o funcionamento de uma mil\u00edcia digital voltada a ataques \u00e0 democracia foi aberto em julho, por decis\u00e3o de Moraes.<\/p>\n\n\n\n<p class=\"wp-block-paragraph\">Nessa investiga\u00e7\u00e3o, a PF apura ind\u00edcios e provas que apontam para a exist\u00eancia de uma organiza\u00e7\u00e3o criminosa que teria agido com a finalidade de atentar contra o Estado democr\u00e1tico de direito.<\/p>\n\n\n\n<p class=\"wp-block-paragraph\">Essa organiza\u00e7\u00e3o se dividiria em n\u00facleos: de produ\u00e7\u00e3o, de publica\u00e7\u00e3o, de financiamento e pol\u00edtico. Outra suspeita \u00e9 de que o grupo tenha sido abastecido com verba p\u00fablica.<\/p>\n\n\n\n<p class=\"wp-block-paragraph\"><strong>Roberto Jefferson<\/strong><br>Ex-deputado, Roberto Jefferson foi o piv\u00f4 do esc\u00e2ndalo do mensal\u00e3o, em 2005. Foi a partir de uma entrevista dele ao jornal &#8220;Folha de S. Paulo&#8221; que o pa\u00eds tomou conhecimento das den\u00fancias de que o governo do ent\u00e3o presidente Luiz In\u00e1cio Lula da Silva passava dinheiro a deputados da base.<\/p>\n\n\n\n<p class=\"wp-block-paragraph\">Em novembro de 2012, no julgamento do mensal\u00e3o no STF, ele foi condenado a 7 anos e 14 dias de pris\u00e3o, pelos crimes de lavagem de dinheiro e corrup\u00e7\u00e3o passiva.<\/p>\n\n\n\n<p class=\"wp-block-paragraph\">Nos \u00faltimos anos, j\u00e1 sem mandato parlamentar, Jefferson se aproximou do presidente Jair Bolsonaro. Em suas redes sociais, come\u00e7ou a postar fotos com armas. O armamento da popula\u00e7\u00e3o \u00e9 uma das principais causas do presidente.<\/p>\n\n\n\n<p class=\"wp-block-paragraph\">G1<\/p>\n","protected":false},"excerpt":{"rendered":"<p>O presidente Jair Bolsonaro afirmou neste s\u00e1bado (14), em publica\u00e7\u00f5es nas redes sociais, que os ministros do Supremo Tribunal Federal (STF) Luis Roberto Barroso e Alexandre de Moraes extrapolam &#8220;com atos os limites constitucionais&#8221; e disse que pedir\u00e1 ao presidente do Senado, Rodrigo Pacheco (DEM-MG), a abertura de um processo para investigar os dois. Bolsonaro est\u00e1 em Resende (RJ), onde participa de uma cerim\u00f4nia na Academia Militar das Agulhas Negras (Aman), neste s\u00e1bado. Pela manh\u00e3, ele deixou o hotel de tr\u00e2nsito do Ex\u00e9rcito no qual est\u00e1 hospedado, conversou com apoiadores e foi para BR-116 (Dutra) para acenar para motoristas. &#8220;Todos sabem das consequ\u00eancias, internas e externas, de uma ruptura institucional, a qual n\u00e3o provocamos ou desejamos. De h\u00e1 muito, os ministros Alexandre de Moraes e Lu\u00eds Roberto Barroso, do Supremo Tribunal Federal, extrapolam com atos os limites constitucionais&#8221;, escreveu Bolsonaro. &#8220;Na pr\u00f3xima semana, levarei ao Presidente do Senado, Rodrigo Pacheco, um pedido para que instaure um processo sobre ambos, de acordo com o art. 52 da Constitui\u00e7\u00e3o Federal&#8221;, disse nas redes sociais. O dispositivo constitucional citado pelo presidente diz que &#8220;compete privativamente ao Senado Federal&#8221; processar e julgar os Ministros do Supremo Tribunal Federal em casos de crime de responsabilidade. A fala do presidente vem na esteira da derrota do voto impresso na C\u00e2mara dos Deputados e da pris\u00e3o do aliado Roberto Jefferson, presidente nacional do PTB. Na ter\u00e7a-feira (10), em uma derrota para Bolsonaro, a proposta de emenda \u00e0 Constitui\u00e7\u00e3o (PEC) que previa a impress\u00e3o de votos em elei\u00e7\u00f5es, plebiscitos e referendos n\u00e3o alcan\u00e7ou o n\u00famero de votos necess\u00e1rios para ser aprovada e acabou arquivada pelos deputados. Bolsonaro acusa Barroso, presidente do Tribunal Superior Eleitoral (TSE) e defensor das urnas eletr\u00f4nicas, de interferir nos debates no Legislativo sobre o tema. O presidente chegou a amea\u00e7ar, em mais de uma ocasi\u00e3o, com a n\u00e3o realiza\u00e7\u00e3o das elei\u00e7\u00f5es em 2022. Ap\u00f3s ser inclu\u00eddo no inqu\u00e9rito das fake news, Bolsonaro tamb\u00e9m amea\u00e7ou agir fora da Constitui\u00e7\u00e3o. O presidente j\u00e1 \u00e9 alvo de quatro inqu\u00e9ritos no Supremo Tribunal Federal e um no Tribunal Superior Eleitoral. Mil\u00edcia digitalAliado de primeira hora, Jefferson foi preso nesta sexta-feira (13) dentro do inqu\u00e9rito investiga mil\u00edcias digitais e tramita no STF. A autoriza\u00e7\u00e3o para a pris\u00e3o partiu do ministro Alexandre de Moraes, relator do caso. Na s\u00e9rie de postagens publicadas neste s\u00e1bado, Bolsonaro n\u00e3o citou o aliado, mas disse que &#8220;o povo brasileiro n\u00e3o aceitar\u00e1 passivamente que direitos e garantias fundamentais, como o da liberdade de express\u00e3o, continuem a ser violados e punidos com pris\u00f5es arbitr\u00e1rias, justamente por quem deveria defend\u00ea-los&#8221;. Ele ainda cobrou Moraes por uma fala durante sua sabatina no Senado, que precedeu a posse no STF. O presidente transcreveu uma declara\u00e7\u00e3o do ministro ao senadores, na qual disse que &#8220;reafirmo minha independ\u00eancia, meu compromisso com a Constitui\u00e7\u00e3o, e minha devo\u00e7\u00e3o com as liberdades individuais.&#8221; O inqu\u00e9rito que investiga a organiza\u00e7\u00e3o e o funcionamento de uma mil\u00edcia digital voltada a ataques \u00e0 democracia foi aberto em julho, por decis\u00e3o de Moraes. Nessa investiga\u00e7\u00e3o, a PF apura ind\u00edcios e provas que apontam para a exist\u00eancia de uma organiza\u00e7\u00e3o criminosa que teria agido com a finalidade de atentar contra o Estado democr\u00e1tico de direito. Essa organiza\u00e7\u00e3o se dividiria em n\u00facleos: de produ\u00e7\u00e3o, de publica\u00e7\u00e3o, de financiamento e pol\u00edtico. Outra suspeita \u00e9 de que o grupo tenha sido abastecido com verba p\u00fablica. Roberto JeffersonEx-deputado, Roberto Jefferson foi o piv\u00f4 do esc\u00e2ndalo do mensal\u00e3o, em 2005. Foi a partir de uma entrevista dele ao jornal &#8220;Folha de S. Paulo&#8221; que o pa\u00eds tomou conhecimento das den\u00fancias de que o governo do ent\u00e3o presidente Luiz In\u00e1cio Lula da Silva passava dinheiro a deputados da base. Em novembro de 2012, no julgamento do mensal\u00e3o no STF, ele foi condenado a 7 anos e 14 dias de pris\u00e3o, pelos crimes de lavagem de dinheiro e corrup\u00e7\u00e3o passiva. Nos \u00faltimos anos, j\u00e1 sem mandato parlamentar, Jefferson se aproximou do presidente Jair Bolsonaro. Em suas redes sociais, come\u00e7ou a postar fotos com armas. O armamento da popula\u00e7\u00e3o \u00e9 uma das principais causas do presidente. G1<\/p>\n","protected":false},"author":6,"featured_media":226839,"comment_status":"closed","ping_status":"closed","sticky":false,"template":"","format":"standard","meta":{"sfsi_plus_gutenberg_text_before_share":"","sfsi_plus_gutenberg_show_text_before_share":"","sfsi_plus_gutenberg_icon_type":"","sfsi_plus_gutenberg_icon_alignemt":"","sfsi_plus_gutenburg_max_per_row":"","footnotes":""},"categories":[50,98],"tags":[],"class_list":["post-227872","post","type-post","status-publish","format-standard","has-post-thumbnail","hentry","category-destaque","category-presidente"],"_links":{"self":[{"href":"https:\/\/www.caririemacao.com\/1\/wp-json\/wp\/v2\/posts\/227872","targetHints":{"allow":["GET"]}}],"collection":[{"href":"https:\/\/www.caririemacao.com\/1\/wp-json\/wp\/v2\/posts"}],"about":[{"href":"https:\/\/www.caririemacao.com\/1\/wp-json\/wp\/v2\/types\/post"}],"author":[{"embeddable":true,"href":"https:\/\/www.caririemacao.com\/1\/wp-json\/wp\/v2\/users\/6"}],"replies":[{"embeddable":true,"href":"https:\/\/www.caririemacao.com\/1\/wp-json\/wp\/v2\/comments?post=227872"}],"version-history":[{"count":1,"href":"https:\/\/www.caririemacao.com\/1\/wp-json\/wp\/v2\/posts\/227872\/revisions"}],"predecessor-version":[{"id":227873,"href":"https:\/\/www.caririemacao.com\/1\/wp-json\/wp\/v2\/posts\/227872\/revisions\/227873"}],"wp:featuredmedia":[{"embeddable":true,"href":"https:\/\/www.caririemacao.com\/1\/wp-json\/wp\/v2\/media\/226839"}],"wp:attachment":[{"href":"https:\/\/www.caririemacao.com\/1\/wp-json\/wp\/v2\/media?parent=227872"}],"wp:term":[{"taxonomy":"category","embeddable":true,"href":"https:\/\/www.caririemacao.com\/1\/wp-json\/wp\/v2\/categories?post=227872"},{"taxonomy":"post_tag","embeddable":true,"href":"https:\/\/www.caririemacao.com\/1\/wp-json\/wp\/v2\/tags?post=227872"}],"curies":[{"name":"wp","href":"https:\/\/api.w.org\/{rel}","templated":true}]}}