{"id":228058,"date":"2021-08-17T06:56:56","date_gmt":"2021-08-17T09:56:56","guid":{"rendered":"https:\/\/www.caririemacao.com\/1\/?p=228058"},"modified":"2021-08-17T06:56:59","modified_gmt":"2021-08-17T09:56:59","slug":"brasil-registra-363-mortes-por-covid-em-24-h-e-mais-de-17-mil-casos","status":"publish","type":"post","link":"https:\/\/www.caririemacao.com\/1\/2021\/08\/17\/brasil-registra-363-mortes-por-covid-em-24-h-e-mais-de-17-mil-casos\/","title":{"rendered":"Brasil registra 363 mortes por Covid em 24 h e mais de 17 mil casos"},"content":{"rendered":"\n<p class=\"wp-block-paragraph\">O Brasil registrou 363 mortes por Covid e 17.493 casos da doen\u00e7a, nesta segunda-feira (16). Com isso, o pa\u00eds soma 569.581 \u00f3bitos e 20.378.986 pessoas infectadas desde o in\u00edcio da pandemia.<\/p>\n\n\n\n<p class=\"wp-block-paragraph\">Os dados relacionados \u00e0 Covid costumam ser menores aos domingos, segundas e feriados, por atrasos de notifica\u00e7\u00e3o nas secretarias de sa\u00fade.<\/p>\n\n\n\n<p class=\"wp-block-paragraph\">As m\u00e9dias m\u00f3veis de mortes e casos est\u00e3o em estabilidades.<\/p>\n\n\n\n<p class=\"wp-block-paragraph\">A m\u00e9dia m\u00f3vel de mortes agora \u00e9 de 839 \u00f3bitos por dia, queda de 12% em rela\u00e7\u00e3o ao dado de duas semanas atr\u00e1s, o que configura uma situa\u00e7\u00e3o de estabilidade.<\/p>\n\n\n\n<p class=\"wp-block-paragraph\">J\u00e1 a m\u00e9dia m\u00f3vel de casos \u00e9 de 28.692, queda de 15% em rela\u00e7\u00e3o ao dado de duas semanas atr\u00e1s, tamb\u00e9m dentro do limite da estabilidade.<\/p>\n\n\n\n<p class=\"wp-block-paragraph\">A m\u00e9dia \u00e9 um instrumento estat\u00edstico que busca amenizar grandes varia\u00e7\u00f5es nos dados, como costumam ocorrer em finais de semana e feriados. Ela \u00e9 calculada pela soma do n\u00famero de mortes dos \u00faltimos sete dias e a divis\u00e3o do resultado por sete.<\/p>\n\n\n\n<p class=\"wp-block-paragraph\">O momento merece aten\u00e7\u00e3o e cuidado, apesar dos n\u00fameros inferiores ao de semanas passadas. O pa\u00eds j\u00e1 tem circula\u00e7\u00e3o comunit\u00e1ria da mais transmiss\u00edvel variante delta, que vem causando aumentos expressivos de casos em outros pa\u00edses.<\/p>\n\n\n\n<p class=\"wp-block-paragraph\">Al\u00e9m disso, segundo o \u00faltimo boletim InfoGripe da Fiocruz, o Brasil apresenta sinais de crescimento da curva de casos de s\u00edndrome respirat\u00f3ria aguda grave (SRAG), ap\u00f3s quase tr\u00eas meses de queda.<\/p>\n\n\n\n<p class=\"wp-block-paragraph\">Os dados do pa\u00eds, coletados at\u00e9 20h, s\u00e3o fruto de colabora\u00e7\u00e3o entre Folha de S.Paulo, UOL, O Estado de S. Paulo, Extra, O Globo e G1 para reunir e divulgar os n\u00fameros relativos \u00e0 pandemia do novo coronav\u00edrus. As informa\u00e7\u00f5es s\u00e3o coletadas pelo cons\u00f3rcio de ve\u00edculos de imprensa diariamente com as Secretarias de Sa\u00fade estaduais.<\/p>\n\n\n\n<p class=\"wp-block-paragraph\">Os dados da vacina\u00e7\u00e3o contra a Covid-19, tamb\u00e9m coletados pelo cons\u00f3rcio, foram atualizados em 19 estados e no Distrito Federal.<\/p>\n\n\n\n<p class=\"wp-block-paragraph\">A iniciativa do cons\u00f3rcio de ve\u00edculos de imprensa ocorreu em resposta \u00e0s atitudes do governo Jair Bolsonaro (sem partido), que amea\u00e7ou sonegar dados, atrasou boletins sobre a doen\u00e7a e tirou informa\u00e7\u00f5es do ar, com a interrup\u00e7\u00e3o da divulga\u00e7\u00e3o dos totais de casos e mortes. Al\u00e9m disso, o governo divulgou dados conflitantes.<\/p>\n\n\n\n<p class=\"wp-block-paragraph\">FolhaPress<\/p>\n","protected":false},"excerpt":{"rendered":"<p>O Brasil registrou 363 mortes por Covid e 17.493 casos da doen\u00e7a, nesta segunda-feira (16). Com isso, o pa\u00eds soma 569.581 \u00f3bitos e 20.378.986 pessoas infectadas desde o in\u00edcio da pandemia. Os dados relacionados \u00e0 Covid costumam ser menores aos domingos, segundas e feriados, por atrasos de notifica\u00e7\u00e3o nas secretarias de sa\u00fade. As m\u00e9dias m\u00f3veis de mortes e casos est\u00e3o em estabilidades. A m\u00e9dia m\u00f3vel de mortes agora \u00e9 de 839 \u00f3bitos por dia, queda de 12% em rela\u00e7\u00e3o ao dado de duas semanas atr\u00e1s, o que configura uma situa\u00e7\u00e3o de estabilidade. J\u00e1 a m\u00e9dia m\u00f3vel de casos \u00e9 de 28.692, queda de 15% em rela\u00e7\u00e3o ao dado de duas semanas atr\u00e1s, tamb\u00e9m dentro do limite da estabilidade. A m\u00e9dia \u00e9 um instrumento estat\u00edstico que busca amenizar grandes varia\u00e7\u00f5es nos dados, como costumam ocorrer em finais de semana e feriados. Ela \u00e9 calculada pela soma do n\u00famero de mortes dos \u00faltimos sete dias e a divis\u00e3o do resultado por sete. O momento merece aten\u00e7\u00e3o e cuidado, apesar dos n\u00fameros inferiores ao de semanas passadas. O pa\u00eds j\u00e1 tem circula\u00e7\u00e3o comunit\u00e1ria da mais transmiss\u00edvel variante delta, que vem causando aumentos expressivos de casos em outros pa\u00edses. Al\u00e9m disso, segundo o \u00faltimo boletim InfoGripe da Fiocruz, o Brasil apresenta sinais de crescimento da curva de casos de s\u00edndrome respirat\u00f3ria aguda grave (SRAG), ap\u00f3s quase tr\u00eas meses de queda. Os dados do pa\u00eds, coletados at\u00e9 20h, s\u00e3o fruto de colabora\u00e7\u00e3o entre Folha de S.Paulo, UOL, O Estado de S. Paulo, Extra, O Globo e G1 para reunir e divulgar os n\u00fameros relativos \u00e0 pandemia do novo coronav\u00edrus. As informa\u00e7\u00f5es s\u00e3o coletadas pelo cons\u00f3rcio de ve\u00edculos de imprensa diariamente com as Secretarias de Sa\u00fade estaduais. Os dados da vacina\u00e7\u00e3o contra a Covid-19, tamb\u00e9m coletados pelo cons\u00f3rcio, foram atualizados em 19 estados e no Distrito Federal. A iniciativa do cons\u00f3rcio de ve\u00edculos de imprensa ocorreu em resposta \u00e0s atitudes do governo Jair Bolsonaro (sem partido), que amea\u00e7ou sonegar dados, atrasou boletins sobre a doen\u00e7a e tirou informa\u00e7\u00f5es do ar, com a interrup\u00e7\u00e3o da divulga\u00e7\u00e3o dos totais de casos e mortes. Al\u00e9m disso, o governo divulgou dados conflitantes. FolhaPress<\/p>\n","protected":false},"author":6,"featured_media":223827,"comment_status":"closed","ping_status":"closed","sticky":false,"template":"","format":"standard","meta":{"sfsi_plus_gutenberg_text_before_share":"","sfsi_plus_gutenberg_show_text_before_share":"","sfsi_plus_gutenberg_icon_type":"","sfsi_plus_gutenberg_icon_alignemt":"","sfsi_plus_gutenburg_max_per_row":"","footnotes":""},"categories":[123,124,50],"tags":[],"class_list":["post-228058","post","type-post","status-publish","format-standard","has-post-thumbnail","hentry","category-brasil","category-covid-19","category-destaque"],"_links":{"self":[{"href":"https:\/\/www.caririemacao.com\/1\/wp-json\/wp\/v2\/posts\/228058","targetHints":{"allow":["GET"]}}],"collection":[{"href":"https:\/\/www.caririemacao.com\/1\/wp-json\/wp\/v2\/posts"}],"about":[{"href":"https:\/\/www.caririemacao.com\/1\/wp-json\/wp\/v2\/types\/post"}],"author":[{"embeddable":true,"href":"https:\/\/www.caririemacao.com\/1\/wp-json\/wp\/v2\/users\/6"}],"replies":[{"embeddable":true,"href":"https:\/\/www.caririemacao.com\/1\/wp-json\/wp\/v2\/comments?post=228058"}],"version-history":[{"count":1,"href":"https:\/\/www.caririemacao.com\/1\/wp-json\/wp\/v2\/posts\/228058\/revisions"}],"predecessor-version":[{"id":228059,"href":"https:\/\/www.caririemacao.com\/1\/wp-json\/wp\/v2\/posts\/228058\/revisions\/228059"}],"wp:featuredmedia":[{"embeddable":true,"href":"https:\/\/www.caririemacao.com\/1\/wp-json\/wp\/v2\/media\/223827"}],"wp:attachment":[{"href":"https:\/\/www.caririemacao.com\/1\/wp-json\/wp\/v2\/media?parent=228058"}],"wp:term":[{"taxonomy":"category","embeddable":true,"href":"https:\/\/www.caririemacao.com\/1\/wp-json\/wp\/v2\/categories?post=228058"},{"taxonomy":"post_tag","embeddable":true,"href":"https:\/\/www.caririemacao.com\/1\/wp-json\/wp\/v2\/tags?post=228058"}],"curies":[{"name":"wp","href":"https:\/\/api.w.org\/{rel}","templated":true}]}}