{"id":228579,"date":"2021-08-22T14:05:43","date_gmt":"2021-08-22T17:05:43","guid":{"rendered":"https:\/\/www.caririemacao.com\/1\/?p=228579"},"modified":"2021-08-22T14:05:44","modified_gmt":"2021-08-22T17:05:44","slug":"7-pessoas-morrem-nos-arredores-do-aeroporto-de-cabul-diz-ministerio-da-defesa-do-reino-unido","status":"publish","type":"post","link":"https:\/\/www.caririemacao.com\/1\/2021\/08\/22\/7-pessoas-morrem-nos-arredores-do-aeroporto-de-cabul-diz-ministerio-da-defesa-do-reino-unido\/","title":{"rendered":"7 pessoas morrem nos arredores do aeroporto de Cabul, diz Minist\u00e9rio da Defesa do Reino Unido"},"content":{"rendered":"\n<p class=\"wp-block-paragraph\">O Minist\u00e9rio da Defesa do Reino Unido informou que sete pessoas morreram no s\u00e1bado (21) em meio a uma multid\u00e3o nos arredores do aeroporto de Cabul, no\u00a0Afeganist\u00e3o, que tentava embarcar em voos para deixar o pa\u00eds.<\/p>\n\n\n\n<p class=\"wp-block-paragraph\">&#8220;Nossos sinceros pensamentos est\u00e3o com as fam\u00edlias dos sete afeg\u00e3os que morreram nas multid\u00f5es de Cabul&#8221;, diz uma nota do Minist\u00e9rio da Defesa brit\u00e2nico.<\/p>\n\n\n\n<p class=\"wp-block-paragraph\">Segundo a Reuters, as sete pessoas foram esmagadas contra os port\u00f5es. A ag\u00eancia disse que um oficial da Organiza\u00e7\u00e3o do Tratado do Atl\u00e2ntico Norte (Otan) relatou ao menos 20 mortes nos \u00faltimos sete dias dentro ou nos arredores do aeroporto.<\/p>\n\n\n\n<p class=\"wp-block-paragraph\">Um dirigente do Talib\u00e3 culpou os Estados Unidos pela situa\u00e7\u00e3o. &#8220;Fracassaram em impor ordem no aeroporto&#8221;, disse Amir Khan Mutaqi.<\/p>\n\n\n\n<p class=\"wp-block-paragraph\">O grupo extremista conseguiu estabelecer ordem e tentou organizar filas para o acesso, de acordo com informa\u00e7\u00f5es da Reuters. No s\u00e1bado, os Estados Unidos alertaram para os riscos na regi\u00e3o.<\/p>\n\n\n\n<p class=\"wp-block-paragraph\">Neste domingo (22), o secret\u00e1rio de Defesa do Reino Unido, Ben Wallace, escreveu uma coluna no jornal Daily Mail e disse que se o prazo estabelecido pelos EUA para deixar o Afeganist\u00e3o n\u00e3o for ampliado, n\u00e3o haver\u00e1 tempo para evacuar todas as pessoas que querem deixar o pa\u00eds.<\/p>\n\n\n\n<p class=\"wp-block-paragraph\">&#8220;Talvez os americanos possam ficar mais tempo, e eles ter\u00e3o nosso completo apoio se eles ficarem (&#8230;) Eu tenho dito o tempo todo que nenhuma na\u00e7\u00e3o vai conseguir retirar todo mundo&#8221;, afirmou Wallace.<\/p>\n\n\n\n<figure class=\"wp-block-image\"><img decoding=\"async\" src=\"https:\/\/s04.video.glbimg.com\/x240\/9790203.jpg\" alt=\"EUA avaliam uso de avi\u00f5es comerciais na opera\u00e7\u00e3o de resgate no Afeganist\u00e3o\" title=\"EUA avaliam uso de avi\u00f5es comerciais na opera\u00e7\u00e3o de resgate no Afeganist\u00e3o\"\/><\/figure>\n\n\n\n<p class=\"wp-block-paragraph\">Segundo ele, os afeg\u00e3os que queiram fugir do Talib\u00e3 ter\u00e3o que se encaminhar para as fronteiras por conta pr\u00f3pria se os americanos n\u00e3o estenderem a perman\u00eancia. &#8220;N\u00f3s vamos estabelecer uma s\u00e9rie de hubs nas fronteiras para aqueles afeg\u00e3os que n\u00f3s temos a obriga\u00e7\u00e3o de trazer para o Reino Unido&#8221;, disse.<\/p>\n\n\n\n<p class=\"wp-block-paragraph\">A Ag\u00eancia de Refugiados da ONU faz um apelo para que\u00a0pa\u00edses que fazem fronteira com o Afeganist\u00e3o mantenham as fronteiras abertas\u00a0para a entrada de imigrantes.<\/p>\n\n\n\n<p class=\"wp-block-paragraph\">Segundo a representante da ag\u00eancia, Caroline Van Buren, a maioria dos afeg\u00e3os n\u00e3o conseguem deixar o pa\u00eds por vias legais. Ela alertou que at\u00e9 o \u00faltimo s\u00e1bado n\u00e3o haviam voos comerciais chegando ou saindo de Cabul.<\/p>\n\n\n\n<h2 class=\"wp-block-heading\">EUA v\u00e3o usar bases na Espanha para receber afeg\u00e3os<\/h2>\n\n\n\n<figure class=\"wp-block-image\"><img decoding=\"async\" src=\"https:\/\/s03.video.glbimg.com\/x240\/9789994.jpg\" alt=\"Embaixada dos EUA no Afeganist\u00e3o pede que americanos se mantenham distantes do aeroporto\" title=\"Embaixada dos EUA no Afeganist\u00e3o pede que americanos se mantenham distantes do aeroporto\"\/><\/figure>\n\n\n\n<p class=\"wp-block-paragraph\">O presidente Joe Biden entrou em acordo com o primeiro-ministro espanhol, Pedro S\u00e1nchez, para usar duas bases militares no sul da Espanha para receber afeg\u00e3os que trabalharam para o governo dos EUA.<\/p>\n\n\n\n<p class=\"wp-block-paragraph\">&#8220;Eu tive uma conversa significativa com o presidente Joe Biden na qual falamos sobre interesses comuns, particularmente na situa\u00e7\u00e3o do Afeganist\u00e3o e a colabora\u00e7\u00e3o entre os nossos governos para evacuar cidad\u00e3os daquele pa\u00eds&#8221;, escreveu S\u00e1nchez em sua conta de Twitter.<\/p>\n\n\n\n<p class=\"wp-block-paragraph\">Os Estados Unidos aconselharam, neste s\u00e1bado (21), que norte-americanos no Afeganist\u00e3o evitem ir para o aeroporto de Cabul, ap\u00f3s milhares de pessoas terem tentado fugir do pa\u00eds depois que o Talib\u00e3 assumiu o poder.<\/p>\n\n\n\n<p class=\"wp-block-paragraph\">O aviso chegou ap\u00f3s um dos cofundadores do Talib\u00e3, Mullah Baradar, chegar a Cabul para reuni\u00f5es com outros l\u00edderes para formar um novo governo afeg\u00e3o.<\/p>\n\n\n\n<figure class=\"wp-block-image\"><img decoding=\"async\" src=\"https:\/\/s02.video.glbimg.com\/x240\/9790369.jpg\" alt=\"V\u00cdDEO: Entenda o hist\u00f3rico das disputas pelo poder no Afeganist\u00e3o\" title=\"V\u00cdDEO: Entenda o hist\u00f3rico das disputas pelo poder no Afeganist\u00e3o\"\/><\/figure>\n\n\n\n<p class=\"wp-block-paragraph\">V\u00cdDEO: Entenda o hist\u00f3rico das disputas pelo poder no Afeganist\u00e3o<\/p>\n","protected":false},"excerpt":{"rendered":"<p>O Minist\u00e9rio da Defesa do Reino Unido informou que sete pessoas morreram no s\u00e1bado (21) em meio a uma multid\u00e3o nos arredores do aeroporto de Cabul, no\u00a0Afeganist\u00e3o, que tentava embarcar em voos para deixar o pa\u00eds. &#8220;Nossos sinceros pensamentos est\u00e3o com as fam\u00edlias dos sete afeg\u00e3os que morreram nas multid\u00f5es de Cabul&#8221;, diz uma nota do Minist\u00e9rio da Defesa brit\u00e2nico. Segundo a Reuters, as sete pessoas foram esmagadas contra os port\u00f5es. A ag\u00eancia disse que um oficial da Organiza\u00e7\u00e3o do Tratado do Atl\u00e2ntico Norte (Otan) relatou ao menos 20 mortes nos \u00faltimos sete dias dentro ou nos arredores do aeroporto. Um dirigente do Talib\u00e3 culpou os Estados Unidos pela situa\u00e7\u00e3o. &#8220;Fracassaram em impor ordem no aeroporto&#8221;, disse Amir Khan Mutaqi. O grupo extremista conseguiu estabelecer ordem e tentou organizar filas para o acesso, de acordo com informa\u00e7\u00f5es da Reuters. No s\u00e1bado, os Estados Unidos alertaram para os riscos na regi\u00e3o. Neste domingo (22), o secret\u00e1rio de Defesa do Reino Unido, Ben Wallace, escreveu uma coluna no jornal Daily Mail e disse que se o prazo estabelecido pelos EUA para deixar o Afeganist\u00e3o n\u00e3o for ampliado, n\u00e3o haver\u00e1 tempo para evacuar todas as pessoas que querem deixar o pa\u00eds. &#8220;Talvez os americanos possam ficar mais tempo, e eles ter\u00e3o nosso completo apoio se eles ficarem (&#8230;) Eu tenho dito o tempo todo que nenhuma na\u00e7\u00e3o vai conseguir retirar todo mundo&#8221;, afirmou Wallace. Segundo ele, os afeg\u00e3os que queiram fugir do Talib\u00e3 ter\u00e3o que se encaminhar para as fronteiras por conta pr\u00f3pria se os americanos n\u00e3o estenderem a perman\u00eancia. &#8220;N\u00f3s vamos estabelecer uma s\u00e9rie de hubs nas fronteiras para aqueles afeg\u00e3os que n\u00f3s temos a obriga\u00e7\u00e3o de trazer para o Reino Unido&#8221;, disse. A Ag\u00eancia de Refugiados da ONU faz um apelo para que\u00a0pa\u00edses que fazem fronteira com o Afeganist\u00e3o mantenham as fronteiras abertas\u00a0para a entrada de imigrantes. Segundo a representante da ag\u00eancia, Caroline Van Buren, a maioria dos afeg\u00e3os n\u00e3o conseguem deixar o pa\u00eds por vias legais. Ela alertou que at\u00e9 o \u00faltimo s\u00e1bado n\u00e3o haviam voos comerciais chegando ou saindo de Cabul. EUA v\u00e3o usar bases na Espanha para receber afeg\u00e3os O presidente Joe Biden entrou em acordo com o primeiro-ministro espanhol, Pedro S\u00e1nchez, para usar duas bases militares no sul da Espanha para receber afeg\u00e3os que trabalharam para o governo dos EUA. &#8220;Eu tive uma conversa significativa com o presidente Joe Biden na qual falamos sobre interesses comuns, particularmente na situa\u00e7\u00e3o do Afeganist\u00e3o e a colabora\u00e7\u00e3o entre os nossos governos para evacuar cidad\u00e3os daquele pa\u00eds&#8221;, escreveu S\u00e1nchez em sua conta de Twitter. Os Estados Unidos aconselharam, neste s\u00e1bado (21), que norte-americanos no Afeganist\u00e3o evitem ir para o aeroporto de Cabul, ap\u00f3s milhares de pessoas terem tentado fugir do pa\u00eds depois que o Talib\u00e3 assumiu o poder. O aviso chegou ap\u00f3s um dos cofundadores do Talib\u00e3, Mullah Baradar, chegar a Cabul para reuni\u00f5es com outros l\u00edderes para formar um novo governo afeg\u00e3o. V\u00cdDEO: Entenda o hist\u00f3rico das disputas pelo poder no Afeganist\u00e3o<\/p>\n","protected":false},"author":6,"featured_media":228581,"comment_status":"closed","ping_status":"closed","sticky":false,"template":"","format":"standard","meta":{"sfsi_plus_gutenberg_text_before_share":"","sfsi_plus_gutenberg_show_text_before_share":"","sfsi_plus_gutenberg_icon_type":"","sfsi_plus_gutenberg_icon_alignemt":"","sfsi_plus_gutenburg_max_per_row":"","footnotes":""},"categories":[50,103],"tags":[],"class_list":["post-228579","post","type-post","status-publish","format-standard","has-post-thumbnail","hentry","category-destaque","category-mundo"],"_links":{"self":[{"href":"https:\/\/www.caririemacao.com\/1\/wp-json\/wp\/v2\/posts\/228579","targetHints":{"allow":["GET"]}}],"collection":[{"href":"https:\/\/www.caririemacao.com\/1\/wp-json\/wp\/v2\/posts"}],"about":[{"href":"https:\/\/www.caririemacao.com\/1\/wp-json\/wp\/v2\/types\/post"}],"author":[{"embeddable":true,"href":"https:\/\/www.caririemacao.com\/1\/wp-json\/wp\/v2\/users\/6"}],"replies":[{"embeddable":true,"href":"https:\/\/www.caririemacao.com\/1\/wp-json\/wp\/v2\/comments?post=228579"}],"version-history":[{"count":1,"href":"https:\/\/www.caririemacao.com\/1\/wp-json\/wp\/v2\/posts\/228579\/revisions"}],"predecessor-version":[{"id":228582,"href":"https:\/\/www.caririemacao.com\/1\/wp-json\/wp\/v2\/posts\/228579\/revisions\/228582"}],"wp:featuredmedia":[{"embeddable":true,"href":"https:\/\/www.caririemacao.com\/1\/wp-json\/wp\/v2\/media\/228581"}],"wp:attachment":[{"href":"https:\/\/www.caririemacao.com\/1\/wp-json\/wp\/v2\/media?parent=228579"}],"wp:term":[{"taxonomy":"category","embeddable":true,"href":"https:\/\/www.caririemacao.com\/1\/wp-json\/wp\/v2\/categories?post=228579"},{"taxonomy":"post_tag","embeddable":true,"href":"https:\/\/www.caririemacao.com\/1\/wp-json\/wp\/v2\/tags?post=228579"}],"curies":[{"name":"wp","href":"https:\/\/api.w.org\/{rel}","templated":true}]}}