{"id":230054,"date":"2021-09-07T15:09:58","date_gmt":"2021-09-07T18:09:58","guid":{"rendered":"https:\/\/www.caririemacao.com\/1\/?p=230054"},"modified":"2021-09-07T15:10:00","modified_gmt":"2021-09-07T18:10:00","slug":"prefeitura-de-coxixola-realizara-torneio-de-abertura-do-campeonato-municipal-e-entregara-uniformes-esportivos-no-proximo-domingo","status":"publish","type":"post","link":"https:\/\/www.caririemacao.com\/1\/2021\/09\/07\/prefeitura-de-coxixola-realizara-torneio-de-abertura-do-campeonato-municipal-e-entregara-uniformes-esportivos-no-proximo-domingo\/","title":{"rendered":"Prefeitura de Coxixola realizar\u00e1 Torneio de abertura do Campeonato Municipal e entregar\u00e1 uniformes esportivos no pr\u00f3ximo domingo"},"content":{"rendered":"\n<p class=\"wp-block-paragraph\">Dando apoio incondicional ao esporte do munic\u00edpio, A Prefeitura Municipal de Coxixola atrav\u00e9s da Secretaria de Esportes j\u00e1 se prepara ansiosamente para dar in\u00edcio ao grande Campeonato Coxixolense de Futebol Amador 2021, principal competi\u00e7\u00e3o esportiva do munic\u00edpio.<\/p>\n\n\n\n<p class=\"wp-block-paragraph\">Antes de dar o \u2018ponta p\u00e9 inicial\u2019 na principal competi\u00e7\u00e3o esportiva do munic\u00edpio que iniciar\u00e1 neste m\u00eas de setembro, a Prefeitura de Coxixola estar\u00e1 realizando no pr\u00f3ximo domingo, 12\/09, a 13\u00ba edi\u00e7\u00e3o do Torneio preparativo de abertura da competi\u00e7\u00e3o.<\/p>\n\n\n\n<p class=\"wp-block-paragraph\">O evento esportivo contar\u00e1 com a presen\u00e7a das 09 agremia\u00e7\u00f5es que estar\u00e3o participando do Campeonato Coxixolense e antes de a \u2018bola rolar\u2019, a Prefeitura de Coxixola estar\u00e1 realizando a partir d\u00e1s 08h da manh\u00e3, a cerim\u00f4nia de entrega dos uniformes esportivos as equipes de futebol.<\/p>\n\n\n\n<p class=\"wp-block-paragraph\">O evento ser\u00e1 realizado no Est\u00e1dio Municipal de Futebol \u2018Manoel de Joana\u2019, que fica localizado no centro da cidade e a expectativa da Prefeitura Municipal \u00e9 integrar as equipes de futebol de todo o munic\u00edpio, al\u00e9m de dar&nbsp;mais incentivo ao esporte amador, bem como, trazer qualidade de vida e bem estar aos jovens atletas coxixolenses.<\/p>\n\n\n\n<p class=\"wp-block-paragraph\">\u201cRespeitando os protocolos de seguran\u00e7a e gra\u00e7as \u00e0s a\u00e7\u00f5es desenvolvidas pelo munic\u00edpio, com intensa campanha de vacina\u00e7\u00e3o entre outras medidas, \u00e9 poss\u00edvel garantir gradativamente a volta das atividades esportivas em nosso munic\u00edpio. Esperamos realizar um grande Campeonato Municipal de Futebol e trazer mais qualidade de vida aos nossos atletas coxixolenses\u201d, destacou o prefeito de Coxixola, Nelsinho Honorato.<\/p>\n\n\n\n<figure class=\"wp-block-image\"><img decoding=\"async\" src=\"https:\/\/www.blogdobrunolira.com.br\/wp-content\/uploads\/2021\/09\/241379929_334406458371025_7402734928569041177_n-600x597-300x300.jpg\" alt=\"\" class=\"wp-image-43151\"\/><\/figure>\n\n\n\n<p class=\"wp-block-paragraph\"><em>Cariri Esporte<\/em><\/p>\n","protected":false},"excerpt":{"rendered":"<p>Dando apoio incondicional ao esporte do munic\u00edpio, A Prefeitura Municipal de Coxixola atrav\u00e9s da Secretaria de Esportes j\u00e1 se prepara ansiosamente para dar in\u00edcio ao grande Campeonato Coxixolense de Futebol Amador 2021, principal competi\u00e7\u00e3o esportiva do munic\u00edpio. Antes de dar o \u2018ponta p\u00e9 inicial\u2019 na principal competi\u00e7\u00e3o esportiva do munic\u00edpio que iniciar\u00e1 neste m\u00eas de setembro, a Prefeitura de Coxixola estar\u00e1 realizando no pr\u00f3ximo domingo, 12\/09, a 13\u00ba edi\u00e7\u00e3o do Torneio preparativo de abertura da competi\u00e7\u00e3o. O evento esportivo contar\u00e1 com a presen\u00e7a das 09 agremia\u00e7\u00f5es que estar\u00e3o participando do Campeonato Coxixolense e antes de a \u2018bola rolar\u2019, a Prefeitura de Coxixola estar\u00e1 realizando a partir d\u00e1s 08h da manh\u00e3, a cerim\u00f4nia de entrega dos uniformes esportivos as equipes de futebol. O evento ser\u00e1 realizado no Est\u00e1dio Municipal de Futebol \u2018Manoel de Joana\u2019, que fica localizado no centro da cidade e a expectativa da Prefeitura Municipal \u00e9 integrar as equipes de futebol de todo o munic\u00edpio, al\u00e9m de dar&nbsp;mais incentivo ao esporte amador, bem como, trazer qualidade de vida e bem estar aos jovens atletas coxixolenses. \u201cRespeitando os protocolos de seguran\u00e7a e gra\u00e7as \u00e0s a\u00e7\u00f5es desenvolvidas pelo munic\u00edpio, com intensa campanha de vacina\u00e7\u00e3o entre outras medidas, \u00e9 poss\u00edvel garantir gradativamente a volta das atividades esportivas em nosso munic\u00edpio. Esperamos realizar um grande Campeonato Municipal de Futebol e trazer mais qualidade de vida aos nossos atletas coxixolenses\u201d, destacou o prefeito de Coxixola, Nelsinho Honorato. Cariri Esporte<\/p>\n","protected":false},"author":6,"featured_media":230056,"comment_status":"closed","ping_status":"closed","sticky":false,"template":"","format":"standard","meta":{"sfsi_plus_gutenberg_text_before_share":"","sfsi_plus_gutenberg_show_text_before_share":"","sfsi_plus_gutenberg_icon_type":"","sfsi_plus_gutenberg_icon_alignemt":"","sfsi_plus_gutenburg_max_per_row":"","footnotes":""},"categories":[75],"tags":[],"class_list":["post-230054","post","type-post","status-publish","format-standard","has-post-thumbnail","hentry","category-coxixola"],"_links":{"self":[{"href":"https:\/\/www.caririemacao.com\/1\/wp-json\/wp\/v2\/posts\/230054","targetHints":{"allow":["GET"]}}],"collection":[{"href":"https:\/\/www.caririemacao.com\/1\/wp-json\/wp\/v2\/posts"}],"about":[{"href":"https:\/\/www.caririemacao.com\/1\/wp-json\/wp\/v2\/types\/post"}],"author":[{"embeddable":true,"href":"https:\/\/www.caririemacao.com\/1\/wp-json\/wp\/v2\/users\/6"}],"replies":[{"embeddable":true,"href":"https:\/\/www.caririemacao.com\/1\/wp-json\/wp\/v2\/comments?post=230054"}],"version-history":[{"count":1,"href":"https:\/\/www.caririemacao.com\/1\/wp-json\/wp\/v2\/posts\/230054\/revisions"}],"predecessor-version":[{"id":230057,"href":"https:\/\/www.caririemacao.com\/1\/wp-json\/wp\/v2\/posts\/230054\/revisions\/230057"}],"wp:featuredmedia":[{"embeddable":true,"href":"https:\/\/www.caririemacao.com\/1\/wp-json\/wp\/v2\/media\/230056"}],"wp:attachment":[{"href":"https:\/\/www.caririemacao.com\/1\/wp-json\/wp\/v2\/media?parent=230054"}],"wp:term":[{"taxonomy":"category","embeddable":true,"href":"https:\/\/www.caririemacao.com\/1\/wp-json\/wp\/v2\/categories?post=230054"},{"taxonomy":"post_tag","embeddable":true,"href":"https:\/\/www.caririemacao.com\/1\/wp-json\/wp\/v2\/tags?post=230054"}],"curies":[{"name":"wp","href":"https:\/\/api.w.org\/{rel}","templated":true}]}}