{"id":230272,"date":"2021-09-10T10:47:08","date_gmt":"2021-09-10T13:47:08","guid":{"rendered":"https:\/\/www.caririemacao.com\/1\/?p=230272"},"modified":"2021-09-10T10:47:12","modified_gmt":"2021-09-10T13:47:12","slug":"inflacao-disfarcada-faz-produtos-diminuirem-de-tamanho-sem-queda-no-preco","status":"publish","type":"post","link":"https:\/\/www.caririemacao.com\/1\/2021\/09\/10\/inflacao-disfarcada-faz-produtos-diminuirem-de-tamanho-sem-queda-no-preco\/","title":{"rendered":"Infla\u00e7\u00e3o disfar\u00e7ada faz produtos diminu\u00edrem de tamanho sem queda no pre\u00e7o"},"content":{"rendered":"\n<p class=\"wp-block-paragraph\">&nbsp;A infla\u00e7\u00e3o nem sempre aparece para o consumidor pelo aumento dos pre\u00e7os. Em alguns casos, o produto n\u00e3o fica mais caro, mas a embalagem passa a trazer menos unidades ou vem com pesos e medidas menores do que antes.<\/p>\n\n\n\n<p class=\"wp-block-paragraph\">O fen\u00f4meno \u00e9 conhecido em ingl\u00eas como &#8220;shrinkflation&#8221; e pode ser traduzido como &#8220;redufla\u00e7\u00e3o&#8221;. \u00c9 uma estrat\u00e9gia comercial das marcas: diminuir o produto para n\u00e3o aumentar o pre\u00e7o. Na pr\u00e1tica, fica mais caro para o consumidor, porque ele est\u00e1 comprando menos quantidade com o mesmo dinheiro.<\/p>\n\n\n\n<p class=\"wp-block-paragraph\">Brasileiros, que convivem com infla\u00e7\u00e3o acumulada de 9,68% em 12 meses, t\u00eam reclamado de produtos cada vez menores. A caixa de ovos que n\u00e3o vem mais com uma d\u00fazia, chocolates e biscoitos que encolheram, o sab\u00e3o em p\u00f3 que dura menos. S\u00e3o v\u00e1rios exemplos.<\/p>\n\n\n\n<p class=\"wp-block-paragraph\">Por lei, as empresas t\u00eam obriga\u00e7\u00e3o de avisar na embalagem quando houver uma redu\u00e7\u00e3o. Mas \u00f3rg\u00e3os de defesa do consumidor dizem que nem sempre esse aviso \u00e9 claro o suficiente. Em S\u00e3o Paulo, se o aviso for muito pequeno, o consumidor pode pedir o dinheiro de volta.<\/p>\n\n\n\n<p class=\"wp-block-paragraph\"><strong>CHOCOLATE COM MENOS DE 100g<\/strong><\/p>\n\n\n\n<p class=\"wp-block-paragraph\">O peso da barra de chocolate e da caixa de bombom \u00e9 um dos casos que mais geram coment\u00e1rios nas redes sociais. O consumidor percebeu que algumas marcas populares est\u00e3o vendendo embalagens cada vez menores.<\/p>\n\n\n\n<p class=\"wp-block-paragraph\">A Nestl\u00e9 declarou que &#8220;a ado\u00e7\u00e3o de novos formatos e tamanhos de embalagens pela empresa tem como objetivo acompanhar as tend\u00eancias de mercado, garantir a adequa\u00e7\u00e3o a inova\u00e7\u00f5es tecnol\u00f3gicas ou tamb\u00e9m padronizar a gramatura dos produtos das marcas, de forma a manter sua competitividade&#8221;.<\/p>\n\n\n\n<p class=\"wp-block-paragraph\">Disse tamb\u00e9m que as redu\u00e7\u00f5es s\u00e3o sempre destacadas na embalagem com o aviso &#8220;Novo peso&#8221;.<\/p>\n\n\n\n<p class=\"wp-block-paragraph\">A Lacta declarou que n\u00e3o reduziu o tamanho dos produtos nos \u00faltimos dois anos e que alguns at\u00e9 ficaram maiores neste per\u00edodo. Disse tamb\u00e9m que qualquer eventual redu\u00e7\u00e3o ser\u00e1 acompanhada da sinaliza\u00e7\u00e3o na embalagem, como determina a legisla\u00e7\u00e3o brasileira.<\/p>\n\n\n\n<p class=\"wp-block-paragraph\">REDU\u00c7\u00c3O NA PA\u00c7OCA E NO PACOTE DE A\u00c7\u00daCAR<\/p>\n\n\n\n<p class=\"wp-block-paragraph\">Nem a pa\u00e7oquinha, uma paix\u00e3o nacional, escapou. Uma das maiores fabricantes brasileiras, a Santa Helena, informou que reduziu 4g das embalagens retangulares, incluindo as da marca Cuida Bem.<\/p>\n\n\n\n<p class=\"wp-block-paragraph\">Segundo a Santa Helena, a redu\u00e7\u00e3o \u00e9 por causa da infla\u00e7\u00e3o nas mat\u00e9rias-primas. A empresa diz que houve aumento de 50% no valor do amendoim e de 39% no das embalagens.<\/p>\n\n\n\n<p class=\"wp-block-paragraph\">&#8220;Respeitamos a legisla\u00e7\u00e3o e os \u00f3rg\u00e3os competentes. Por isso, sempre comunicamos nas embalagens dos produtos, alertando os consumidores&#8221;, disse a Santa Helena sobre o alerta de redu\u00e7\u00e3o.<\/p>\n\n\n\n<p class=\"wp-block-paragraph\">Al\u00e9m do chocolate e da pa\u00e7oca, os consumidores de doce sentiram a &#8220;redufla\u00e7\u00e3o&#8221; at\u00e9 no pacote de a\u00e7\u00facar, que vem sendo comercializado com menos de 1kg.<\/p>\n\n\n\n<p class=\"wp-block-paragraph\"><strong>CAIXA DE OVOS E EMBALAGENS DE CARNE<\/strong><\/p>\n\n\n\n<p class=\"wp-block-paragraph\">A caixa de ovos de galinha com uma d\u00fazia costumava ser um padr\u00e3o nos mercados brasileiros. De uns tempos para c\u00e1, muitas marcas t\u00eam optado pela caixa com dez ovos apenas.<\/p>\n\n\n\n<p class=\"wp-block-paragraph\">A infla\u00e7\u00e3o da carne tamb\u00e9m levou a uma redu\u00e7\u00e3o na dimens\u00e3o das embalagens \u2014 e o consumidor percebeu. O tamanho da bandejinha de carne virou at\u00e9 meme nas redes sociais.<\/p>\n\n\n\n<p class=\"wp-block-paragraph\">A ABPA (Associa\u00e7\u00e3o Brasileira de Prote\u00edna Animal) declarou que &#8220;a decis\u00e3o de pesagem e quantitativos de produtos s\u00e3o estrat\u00e9gias individuais de cada agroind\u00fastria e granja produtora&#8221;. Disse tamb\u00e9m que &#8220;entre estas estrat\u00e9gias est\u00e3o a adequa\u00e7\u00e3o das por\u00e7\u00f5es de produtos para venda em quantitativos adequados \u00e0 demanda de padr\u00e3o de consumo das fam\u00edlias brasileiras em temos de n\u00fameros de membros, e de cada perfil de consumidor&#8221;.<\/p>\n\n\n\n<p class=\"wp-block-paragraph\"><strong>SAB\u00c3O EM P\u00d3 MENOR LAVA MAIS?<\/strong><\/p>\n\n\n\n<p class=\"wp-block-paragraph\">Outro item que tem chamado a aten\u00e7\u00e3o dos consumidores \u00e9 o sab\u00e3o em p\u00f3. A embalagem tradicional, com 1kg \u00e9 cada vez mais rara, sendo substitu\u00edda por caixas menores.<\/p>\n\n\n\n<p class=\"wp-block-paragraph\">A fabricante do sab\u00e3o Omo, l\u00edder do mercado, alega que a nova f\u00f3rmula faz com que o produto renda mais e que, portanto, n\u00e3o haveria preju\u00edzo ao consumidor.<\/p>\n\n\n\n<p class=\"wp-block-paragraph\"><strong>DISFAR\u00c7A INFLA\u00c7\u00c3O, DIZ ESPECIALISTA<\/strong><\/p>\n\n\n\n<p class=\"wp-block-paragraph\">Andr\u00e9 Braz, economista do Instituto Brasileiro de Economia (Ibre), da FGV (Funda\u00e7\u00e3o Getulio Vargas), diz que a redu\u00e7\u00e3o das medidas dos produtos \u00e9 uma estrat\u00e9gia comercial para mascarar a infla\u00e7\u00e3o. &#8220;\u00c9 uma forma de n\u00e3o repassar o pre\u00e7o ao consumidor final, uma estrat\u00e9gia de marketing&#8221;, diz.<\/p>\n\n\n\n<p class=\"wp-block-paragraph\">&#8220;O consumidor paga a mesma coisa, mas tem uma satisfa\u00e7\u00e3o menor com o mesmo produto. Com o tempo, ele percebe a diferen\u00e7a&#8221;, afirma o economista.<\/p>\n\n\n\n<p class=\"wp-block-paragraph\">Segundo Braz, quando um produto &#8220;encolhe&#8221;, isso precisa ser calculado nos \u00edndices de infla\u00e7\u00e3o (como IPCA, INPC e IGP-M). Mas como esse c\u00e1lculo n\u00e3o \u00e9 simples, \u00e9 comum que certos produtos sejam simplesmente exclu\u00eddos da lista de itens avaliados.<\/p>\n\n\n\n<p class=\"wp-block-paragraph\"><strong>DIMINUI\u00c7\u00c3O PRECISA SER AVISADA NA EMBALAGEM<\/strong><\/p>\n\n\n\n<p class=\"wp-block-paragraph\">A Secretaria Nacional do Consumidor (Senacon), ligada ao Minist\u00e9rio da Justi\u00e7a, afirmou que a redu\u00e7\u00e3o das medidas dos produtos \u00e9 permitida, desde que respeite as regras de sinaliza\u00e7\u00e3o.<\/p>\n\n\n\n<p class=\"wp-block-paragraph\">&#8220;No caso espec\u00edfico de produto embalado, existe uma determina\u00e7\u00e3o normativa que obriga os fornecedores a informarem na parte frontal do r\u00f3tulo desses produtos sempre que houver altera\u00e7\u00f5es quantitativas&#8221;, afirmou em nota.<\/p>\n\n\n\n<p class=\"wp-block-paragraph\">A reportagem questionou a Senacon sobre autua\u00e7\u00f5es a empresas que descumpriram a portaria do Minist\u00e9rio da Justi\u00e7a, mas a secretaria n\u00e3o respondeu.<\/p>\n\n\n\n<p class=\"wp-block-paragraph\">Segundo o Idec (Instituo Brasileiro de Defesa do Consumidor), as empresas s\u00e3o obrigadas a informar de maneira clara ao consumidor qualquer altera\u00e7\u00e3o em embalagem ou quantidade. &#8220;N\u00e3o adianta apenas uma pequena indica\u00e7\u00e3o no mesmo lugar onde o volume anterior estava. \u00c9 preciso ter destaque.&#8221;<\/p>\n\n\n\n<p class=\"wp-block-paragraph\">O Idec orienta a ficar atento ao tamanho da embalagem e ao pre\u00e7o, mesmo que seja um produto que voc\u00ea compra frequentemente.<\/p>\n\n\n\n<p class=\"wp-block-paragraph\">&#8220;Caso perceba que a quantidade diminuiu e n\u00e3o foi alertado de forma vis\u00edvel no r\u00f3tulo, fa\u00e7a uma reclama\u00e7\u00e3o ao Procon de sua cidade e acompanhe o processo.&#8221;<\/p>\n\n\n\n<p class=\"wp-block-paragraph\">O Procon-SP citou uma lei estadual que obriga as empresas em S\u00e3o Paulo a ocuparem pelo menos 20% da embalagem com um alerta em caso de redu\u00e7\u00e3o das medidas.<\/p>\n\n\n\n<p class=\"wp-block-paragraph\">&#8220;Aos consumidores que adquirirem os produtos em desconformidade com essa lei, fica assegurado o direito de troc\u00e1-los por outro produto de sua livre escolha ou obter a devolu\u00e7\u00e3o do valor pago em dinheiro&#8221;, afirmou.<\/p>\n\n\n\n<p class=\"wp-block-paragraph\">FolhaPress<\/p>\n","protected":false},"excerpt":{"rendered":"<p>&nbsp;A infla\u00e7\u00e3o nem sempre aparece para o consumidor pelo aumento dos pre\u00e7os. Em alguns casos, o produto n\u00e3o fica mais caro, mas a embalagem passa a trazer menos unidades ou vem com pesos e medidas menores do que antes. O fen\u00f4meno \u00e9 conhecido em ingl\u00eas como &#8220;shrinkflation&#8221; e pode ser traduzido como &#8220;redufla\u00e7\u00e3o&#8221;. \u00c9 uma estrat\u00e9gia comercial das marcas: diminuir o produto para n\u00e3o aumentar o pre\u00e7o. Na pr\u00e1tica, fica mais caro para o consumidor, porque ele est\u00e1 comprando menos quantidade com o mesmo dinheiro. Brasileiros, que convivem com infla\u00e7\u00e3o acumulada de 9,68% em 12 meses, t\u00eam reclamado de produtos cada vez menores. A caixa de ovos que n\u00e3o vem mais com uma d\u00fazia, chocolates e biscoitos que encolheram, o sab\u00e3o em p\u00f3 que dura menos. S\u00e3o v\u00e1rios exemplos. Por lei, as empresas t\u00eam obriga\u00e7\u00e3o de avisar na embalagem quando houver uma redu\u00e7\u00e3o. Mas \u00f3rg\u00e3os de defesa do consumidor dizem que nem sempre esse aviso \u00e9 claro o suficiente. Em S\u00e3o Paulo, se o aviso for muito pequeno, o consumidor pode pedir o dinheiro de volta. CHOCOLATE COM MENOS DE 100g O peso da barra de chocolate e da caixa de bombom \u00e9 um dos casos que mais geram coment\u00e1rios nas redes sociais. O consumidor percebeu que algumas marcas populares est\u00e3o vendendo embalagens cada vez menores. A Nestl\u00e9 declarou que &#8220;a ado\u00e7\u00e3o de novos formatos e tamanhos de embalagens pela empresa tem como objetivo acompanhar as tend\u00eancias de mercado, garantir a adequa\u00e7\u00e3o a inova\u00e7\u00f5es tecnol\u00f3gicas ou tamb\u00e9m padronizar a gramatura dos produtos das marcas, de forma a manter sua competitividade&#8221;. Disse tamb\u00e9m que as redu\u00e7\u00f5es s\u00e3o sempre destacadas na embalagem com o aviso &#8220;Novo peso&#8221;. A Lacta declarou que n\u00e3o reduziu o tamanho dos produtos nos \u00faltimos dois anos e que alguns at\u00e9 ficaram maiores neste per\u00edodo. Disse tamb\u00e9m que qualquer eventual redu\u00e7\u00e3o ser\u00e1 acompanhada da sinaliza\u00e7\u00e3o na embalagem, como determina a legisla\u00e7\u00e3o brasileira. REDU\u00c7\u00c3O NA PA\u00c7OCA E NO PACOTE DE A\u00c7\u00daCAR Nem a pa\u00e7oquinha, uma paix\u00e3o nacional, escapou. Uma das maiores fabricantes brasileiras, a Santa Helena, informou que reduziu 4g das embalagens retangulares, incluindo as da marca Cuida Bem. Segundo a Santa Helena, a redu\u00e7\u00e3o \u00e9 por causa da infla\u00e7\u00e3o nas mat\u00e9rias-primas. A empresa diz que houve aumento de 50% no valor do amendoim e de 39% no das embalagens. &#8220;Respeitamos a legisla\u00e7\u00e3o e os \u00f3rg\u00e3os competentes. Por isso, sempre comunicamos nas embalagens dos produtos, alertando os consumidores&#8221;, disse a Santa Helena sobre o alerta de redu\u00e7\u00e3o. Al\u00e9m do chocolate e da pa\u00e7oca, os consumidores de doce sentiram a &#8220;redufla\u00e7\u00e3o&#8221; at\u00e9 no pacote de a\u00e7\u00facar, que vem sendo comercializado com menos de 1kg. CAIXA DE OVOS E EMBALAGENS DE CARNE A caixa de ovos de galinha com uma d\u00fazia costumava ser um padr\u00e3o nos mercados brasileiros. De uns tempos para c\u00e1, muitas marcas t\u00eam optado pela caixa com dez ovos apenas. A infla\u00e7\u00e3o da carne tamb\u00e9m levou a uma redu\u00e7\u00e3o na dimens\u00e3o das embalagens \u2014 e o consumidor percebeu. O tamanho da bandejinha de carne virou at\u00e9 meme nas redes sociais. A ABPA (Associa\u00e7\u00e3o Brasileira de Prote\u00edna Animal) declarou que &#8220;a decis\u00e3o de pesagem e quantitativos de produtos s\u00e3o estrat\u00e9gias individuais de cada agroind\u00fastria e granja produtora&#8221;. Disse tamb\u00e9m que &#8220;entre estas estrat\u00e9gias est\u00e3o a adequa\u00e7\u00e3o das por\u00e7\u00f5es de produtos para venda em quantitativos adequados \u00e0 demanda de padr\u00e3o de consumo das fam\u00edlias brasileiras em temos de n\u00fameros de membros, e de cada perfil de consumidor&#8221;. SAB\u00c3O EM P\u00d3 MENOR LAVA MAIS? Outro item que tem chamado a aten\u00e7\u00e3o dos consumidores \u00e9 o sab\u00e3o em p\u00f3. A embalagem tradicional, com 1kg \u00e9 cada vez mais rara, sendo substitu\u00edda por caixas menores. A fabricante do sab\u00e3o Omo, l\u00edder do mercado, alega que a nova f\u00f3rmula faz com que o produto renda mais e que, portanto, n\u00e3o haveria preju\u00edzo ao consumidor. DISFAR\u00c7A INFLA\u00c7\u00c3O, DIZ ESPECIALISTA Andr\u00e9 Braz, economista do Instituto Brasileiro de Economia (Ibre), da FGV (Funda\u00e7\u00e3o Getulio Vargas), diz que a redu\u00e7\u00e3o das medidas dos produtos \u00e9 uma estrat\u00e9gia comercial para mascarar a infla\u00e7\u00e3o. &#8220;\u00c9 uma forma de n\u00e3o repassar o pre\u00e7o ao consumidor final, uma estrat\u00e9gia de marketing&#8221;, diz. &#8220;O consumidor paga a mesma coisa, mas tem uma satisfa\u00e7\u00e3o menor com o mesmo produto. Com o tempo, ele percebe a diferen\u00e7a&#8221;, afirma o economista. Segundo Braz, quando um produto &#8220;encolhe&#8221;, isso precisa ser calculado nos \u00edndices de infla\u00e7\u00e3o (como IPCA, INPC e IGP-M). Mas como esse c\u00e1lculo n\u00e3o \u00e9 simples, \u00e9 comum que certos produtos sejam simplesmente exclu\u00eddos da lista de itens avaliados. DIMINUI\u00c7\u00c3O PRECISA SER AVISADA NA EMBALAGEM A Secretaria Nacional do Consumidor (Senacon), ligada ao Minist\u00e9rio da Justi\u00e7a, afirmou que a redu\u00e7\u00e3o das medidas dos produtos \u00e9 permitida, desde que respeite as regras de sinaliza\u00e7\u00e3o. &#8220;No caso espec\u00edfico de produto embalado, existe uma determina\u00e7\u00e3o normativa que obriga os fornecedores a informarem na parte frontal do r\u00f3tulo desses produtos sempre que houver altera\u00e7\u00f5es quantitativas&#8221;, afirmou em nota. A reportagem questionou a Senacon sobre autua\u00e7\u00f5es a empresas que descumpriram a portaria do Minist\u00e9rio da Justi\u00e7a, mas a secretaria n\u00e3o respondeu. Segundo o Idec (Instituo Brasileiro de Defesa do Consumidor), as empresas s\u00e3o obrigadas a informar de maneira clara ao consumidor qualquer altera\u00e7\u00e3o em embalagem ou quantidade. &#8220;N\u00e3o adianta apenas uma pequena indica\u00e7\u00e3o no mesmo lugar onde o volume anterior estava. \u00c9 preciso ter destaque.&#8221; O Idec orienta a ficar atento ao tamanho da embalagem e ao pre\u00e7o, mesmo que seja um produto que voc\u00ea compra frequentemente. &#8220;Caso perceba que a quantidade diminuiu e n\u00e3o foi alertado de forma vis\u00edvel no r\u00f3tulo, fa\u00e7a uma reclama\u00e7\u00e3o ao Procon de sua cidade e acompanhe o processo.&#8221; O Procon-SP citou uma lei estadual que obriga as empresas em S\u00e3o Paulo a ocuparem pelo menos 20% da embalagem com um alerta em caso de redu\u00e7\u00e3o das medidas. &#8220;Aos consumidores que adquirirem os produtos em desconformidade com essa lei, fica assegurado o direito de troc\u00e1-los por outro produto de sua livre escolha ou obter a devolu\u00e7\u00e3o do valor pago em dinheiro&#8221;, afirmou. FolhaPress<\/p>\n","protected":false},"author":6,"featured_media":230273,"comment_status":"closed","ping_status":"closed","sticky":false,"template":"","format":"standard","meta":{"sfsi_plus_gutenberg_text_before_share":"","sfsi_plus_gutenberg_show_text_before_share":"","sfsi_plus_gutenberg_icon_type":"","sfsi_plus_gutenberg_icon_alignemt":"","sfsi_plus_gutenburg_max_per_row":"","footnotes":""},"categories":[50],"tags":[],"class_list":["post-230272","post","type-post","status-publish","format-standard","has-post-thumbnail","hentry","category-destaque"],"_links":{"self":[{"href":"https:\/\/www.caririemacao.com\/1\/wp-json\/wp\/v2\/posts\/230272","targetHints":{"allow":["GET"]}}],"collection":[{"href":"https:\/\/www.caririemacao.com\/1\/wp-json\/wp\/v2\/posts"}],"about":[{"href":"https:\/\/www.caririemacao.com\/1\/wp-json\/wp\/v2\/types\/post"}],"author":[{"embeddable":true,"href":"https:\/\/www.caririemacao.com\/1\/wp-json\/wp\/v2\/users\/6"}],"replies":[{"embeddable":true,"href":"https:\/\/www.caririemacao.com\/1\/wp-json\/wp\/v2\/comments?post=230272"}],"version-history":[{"count":1,"href":"https:\/\/www.caririemacao.com\/1\/wp-json\/wp\/v2\/posts\/230272\/revisions"}],"predecessor-version":[{"id":230274,"href":"https:\/\/www.caririemacao.com\/1\/wp-json\/wp\/v2\/posts\/230272\/revisions\/230274"}],"wp:featuredmedia":[{"embeddable":true,"href":"https:\/\/www.caririemacao.com\/1\/wp-json\/wp\/v2\/media\/230273"}],"wp:attachment":[{"href":"https:\/\/www.caririemacao.com\/1\/wp-json\/wp\/v2\/media?parent=230272"}],"wp:term":[{"taxonomy":"category","embeddable":true,"href":"https:\/\/www.caririemacao.com\/1\/wp-json\/wp\/v2\/categories?post=230272"},{"taxonomy":"post_tag","embeddable":true,"href":"https:\/\/www.caririemacao.com\/1\/wp-json\/wp\/v2\/tags?post=230272"}],"curies":[{"name":"wp","href":"https:\/\/api.w.org\/{rel}","templated":true}]}}