{"id":230333,"date":"2021-09-11T06:44:01","date_gmt":"2021-09-11T09:44:01","guid":{"rendered":"https:\/\/www.caririemacao.com\/1\/?p=230333"},"modified":"2021-09-11T06:44:04","modified_gmt":"2021-09-11T09:44:04","slug":"paraiba-registra-uma-morte-16-novos-casos-e-19-de-ocupacao-de-leitos-covid-19","status":"publish","type":"post","link":"https:\/\/www.caririemacao.com\/1\/2021\/09\/11\/paraiba-registra-uma-morte-16-novos-casos-e-19-de-ocupacao-de-leitos-covid-19\/","title":{"rendered":"Para\u00edba registra uma morte, 16 novos casos e 19% de ocupa\u00e7\u00e3o de leitos Covid-19"},"content":{"rendered":"\n<p class=\"wp-block-paragraph\">A Secretaria de Estado da Sa\u00fade (SES) registrou, nesta sexta (10), 16 casos de Covid-19, todos moderados ou graves. De acordo com o boletim epidemiol\u00f3gico divulgado pela Secretaria de Estado da Sa\u00fade (SES) ao&nbsp;<strong>ClickPB<\/strong>&nbsp;desde a \u00faltima atualiza\u00e7\u00e3o, em virtude da nova atualiza\u00e7\u00e3o do e-SUS Notifica e inconsist\u00eancia de dados, o boletim di\u00e1rio foi produzido sem informa\u00e7\u00f5es dos casos leves.&nbsp;<\/p>\n\n\n\n<p class=\"wp-block-paragraph\">Agora, a Para\u00edba totaliza 436.544 casos confirmados da doen\u00e7a, que est\u00e3o distribu\u00eddos por todos os 223 munic\u00edpios. At\u00e9 o momento, 1.176.444 testes para diagn\u00f3stico da Covid-19 j\u00e1 foram realizados.<\/p>\n\n\n\n<p class=\"wp-block-paragraph\">Tamb\u00e9m foi confirmado 01 novo \u00f3bito desde a \u00faltima atualiza\u00e7\u00e3o. O \u00f3bito ocorreu nas \u00faltimas 24h em hospital p\u00fablico. Com isso, o estado totaliza 9.231 mortes. O boletim registra ainda um total de 326.099 pacientes recuperados da doen\u00e7a.<\/p>\n\n\n\n<figure class=\"wp-block-image\"><img decoding=\"async\" src=\"https:\/\/www.clickpb.com.br\/media\/filer_public\/7d\/dc\/7ddc6825-9924-45a5-97e2-634310bee0e0\/whatsapp_image_2021-09-10_at_165446.jpeg\" alt=\"\"\/><\/figure>\n\n\n\n<p class=\"wp-block-paragraph\"><strong>Concentra\u00e7\u00e3o de casos<\/strong><\/p>\n\n\n\n<p class=\"wp-block-paragraph\">Tr\u00eas munic\u00edpios concentram 07 novos casos, o que corresponde a 43,75% dos casos registrados nesta sexta. S\u00e3o eles: Jo\u00e3o Pessoa, com 03 novos casos, totalizando 104.822; Campina Grande, com 02 novos casos, totalizando 44.266; Serra Branca, com 02 novos casos, totalizando 1.029.<\/p>\n\n\n\n<p class=\"wp-block-paragraph\"><em>* Dados oficiais preliminares (fonte: Sivep Gripe e SIM) extra\u00eddos \u00e0s 10h do dia 10\/09\/2021, sujeitos a altera\u00e7\u00e3o por parte dos munic\u00edpios.<\/em><\/p>\n\n\n\n<p class=\"wp-block-paragraph\"><strong>\u00d3bitos<\/strong><\/p>\n\n\n\n<p class=\"wp-block-paragraph\">At\u00e9 esta sexta, 222 cidades paraibanas registraram \u00f3bitos por Covid-19. O \u00f3bito confirmado neste boletim ocorreu entre um residente do munic\u00edpio Montadas. A v\u00edtima \u00e9 um homem de 64 anos, portador de diabetes e cardiopatia.<\/p>\n\n\n\n<p class=\"wp-block-paragraph\"><strong>Ocupa\u00e7\u00e3o de leitos Covid-19<\/strong><\/p>\n\n\n\n<p class=\"wp-block-paragraph\">A ocupa\u00e7\u00e3o total de leitos de UTI (adulto, pedi\u00e1trico e obst\u00e9trico) em todo o estado \u00e9 de 19%. Fazendo um recorte apenas dos leitos de UTI para adultos na Regi\u00e3o Metropolitana de Jo\u00e3o Pessoa, a taxa de ocupa\u00e7\u00e3o chega a 16%. Em Campina Grande est\u00e3o ocupados 26% dos leitos de UTI adulto e no sert\u00e3o 30% dos leitos de UTI para adultos. De acordo com o Centro Estadual de Regula\u00e7\u00e3o Hospitalar, 08 pacientes foram internados nas \u00faltimas 24h. Ao todo, 193 pacientes est\u00e3o internados nas unidades de refer\u00eancia.<\/p>\n\n\n\n<p class=\"wp-block-paragraph\"><strong>Cobertura Vacinal<\/strong><\/p>\n\n\n\n<p class=\"wp-block-paragraph\">Foi registrado no sistema de informa\u00e7\u00e3o SI-PNI a aplica\u00e7\u00e3o de 3.697.600 doses. At\u00e9 o momento, 2.572.740 pessoas foram vacinadas com a primeira dose e 1.124.860 completaram os esquemas vacinais onde 1.062.368 tomaram as duas doses e 62.492 utilizaram imunizante de dose \u00fanica. A Para\u00edba j\u00e1 distribuiu um total de 4.273.216 doses de vacina aos munic\u00edpios.&nbsp;<\/p>\n\n\n\n<figure class=\"wp-block-image\"><img decoding=\"async\" src=\"https:\/\/www.clickpb.com.br\/media\/filer_public\/67\/15\/67156c2f-cf6b-4a91-8a5b-40ad83aaadd0\/whatsapp_image_2021-09-10_at_165447.jpeg\" alt=\"\"\/><\/figure>\n","protected":false},"excerpt":{"rendered":"<p>A Secretaria de Estado da Sa\u00fade (SES) registrou, nesta sexta (10), 16 casos de Covid-19, todos moderados ou graves. De acordo com o boletim epidemiol\u00f3gico divulgado pela Secretaria de Estado da Sa\u00fade (SES) ao&nbsp;ClickPB&nbsp;desde a \u00faltima atualiza\u00e7\u00e3o, em virtude da nova atualiza\u00e7\u00e3o do e-SUS Notifica e inconsist\u00eancia de dados, o boletim di\u00e1rio foi produzido sem informa\u00e7\u00f5es dos casos leves.&nbsp; Agora, a Para\u00edba totaliza 436.544 casos confirmados da doen\u00e7a, que est\u00e3o distribu\u00eddos por todos os 223 munic\u00edpios. At\u00e9 o momento, 1.176.444 testes para diagn\u00f3stico da Covid-19 j\u00e1 foram realizados. Tamb\u00e9m foi confirmado 01 novo \u00f3bito desde a \u00faltima atualiza\u00e7\u00e3o. O \u00f3bito ocorreu nas \u00faltimas 24h em hospital p\u00fablico. Com isso, o estado totaliza 9.231 mortes. O boletim registra ainda um total de 326.099 pacientes recuperados da doen\u00e7a. Concentra\u00e7\u00e3o de casos Tr\u00eas munic\u00edpios concentram 07 novos casos, o que corresponde a 43,75% dos casos registrados nesta sexta. S\u00e3o eles: Jo\u00e3o Pessoa, com 03 novos casos, totalizando 104.822; Campina Grande, com 02 novos casos, totalizando 44.266; Serra Branca, com 02 novos casos, totalizando 1.029. * Dados oficiais preliminares (fonte: Sivep Gripe e SIM) extra\u00eddos \u00e0s 10h do dia 10\/09\/2021, sujeitos a altera\u00e7\u00e3o por parte dos munic\u00edpios. \u00d3bitos At\u00e9 esta sexta, 222 cidades paraibanas registraram \u00f3bitos por Covid-19. O \u00f3bito confirmado neste boletim ocorreu entre um residente do munic\u00edpio Montadas. A v\u00edtima \u00e9 um homem de 64 anos, portador de diabetes e cardiopatia. Ocupa\u00e7\u00e3o de leitos Covid-19 A ocupa\u00e7\u00e3o total de leitos de UTI (adulto, pedi\u00e1trico e obst\u00e9trico) em todo o estado \u00e9 de 19%. Fazendo um recorte apenas dos leitos de UTI para adultos na Regi\u00e3o Metropolitana de Jo\u00e3o Pessoa, a taxa de ocupa\u00e7\u00e3o chega a 16%. Em Campina Grande est\u00e3o ocupados 26% dos leitos de UTI adulto e no sert\u00e3o 30% dos leitos de UTI para adultos. De acordo com o Centro Estadual de Regula\u00e7\u00e3o Hospitalar, 08 pacientes foram internados nas \u00faltimas 24h. Ao todo, 193 pacientes est\u00e3o internados nas unidades de refer\u00eancia. Cobertura Vacinal Foi registrado no sistema de informa\u00e7\u00e3o SI-PNI a aplica\u00e7\u00e3o de 3.697.600 doses. At\u00e9 o momento, 2.572.740 pessoas foram vacinadas com a primeira dose e 1.124.860 completaram os esquemas vacinais onde 1.062.368 tomaram as duas doses e 62.492 utilizaram imunizante de dose \u00fanica. A Para\u00edba j\u00e1 distribuiu um total de 4.273.216 doses de vacina aos munic\u00edpios.&nbsp;<\/p>\n","protected":false},"author":6,"featured_media":230334,"comment_status":"closed","ping_status":"closed","sticky":false,"template":"","format":"standard","meta":{"sfsi_plus_gutenberg_text_before_share":"","sfsi_plus_gutenberg_show_text_before_share":"","sfsi_plus_gutenberg_icon_type":"","sfsi_plus_gutenberg_icon_alignemt":"","sfsi_plus_gutenburg_max_per_row":"","footnotes":""},"categories":[124,50,104],"tags":[],"class_list":["post-230333","post","type-post","status-publish","format-standard","has-post-thumbnail","hentry","category-covid-19","category-destaque","category-paraiba"],"_links":{"self":[{"href":"https:\/\/www.caririemacao.com\/1\/wp-json\/wp\/v2\/posts\/230333","targetHints":{"allow":["GET"]}}],"collection":[{"href":"https:\/\/www.caririemacao.com\/1\/wp-json\/wp\/v2\/posts"}],"about":[{"href":"https:\/\/www.caririemacao.com\/1\/wp-json\/wp\/v2\/types\/post"}],"author":[{"embeddable":true,"href":"https:\/\/www.caririemacao.com\/1\/wp-json\/wp\/v2\/users\/6"}],"replies":[{"embeddable":true,"href":"https:\/\/www.caririemacao.com\/1\/wp-json\/wp\/v2\/comments?post=230333"}],"version-history":[{"count":1,"href":"https:\/\/www.caririemacao.com\/1\/wp-json\/wp\/v2\/posts\/230333\/revisions"}],"predecessor-version":[{"id":230335,"href":"https:\/\/www.caririemacao.com\/1\/wp-json\/wp\/v2\/posts\/230333\/revisions\/230335"}],"wp:featuredmedia":[{"embeddable":true,"href":"https:\/\/www.caririemacao.com\/1\/wp-json\/wp\/v2\/media\/230334"}],"wp:attachment":[{"href":"https:\/\/www.caririemacao.com\/1\/wp-json\/wp\/v2\/media?parent=230333"}],"wp:term":[{"taxonomy":"category","embeddable":true,"href":"https:\/\/www.caririemacao.com\/1\/wp-json\/wp\/v2\/categories?post=230333"},{"taxonomy":"post_tag","embeddable":true,"href":"https:\/\/www.caririemacao.com\/1\/wp-json\/wp\/v2\/tags?post=230333"}],"curies":[{"name":"wp","href":"https:\/\/api.w.org\/{rel}","templated":true}]}}