{"id":230348,"date":"2021-09-11T06:51:52","date_gmt":"2021-09-11T09:51:52","guid":{"rendered":"https:\/\/www.caririemacao.com\/1\/?p=230348"},"modified":"2021-09-11T06:51:55","modified_gmt":"2021-09-11T09:51:55","slug":"brasil-tem-menor-media-movel-de-casos-de-covid-desde-8-de-novembro-de-2020","status":"publish","type":"post","link":"https:\/\/www.caririemacao.com\/1\/2021\/09\/11\/brasil-tem-menor-media-movel-de-casos-de-covid-desde-8-de-novembro-de-2020\/","title":{"rendered":"Brasil tem menor m\u00e9dia m\u00f3vel de casos de Covid desde 8 de novembro de 2020"},"content":{"rendered":"\n<p class=\"wp-block-paragraph\">&nbsp;O Brasil registrou 718 mortes por Covid e 16.371 casos, nesta sexta-feira (10). O pa\u00eds, assim, chegou \u00e0 m\u00e9dia m\u00f3vel de 17.165 casos por dia, a menor desde 8 de novembro de 2020, quando era de 16.534.<\/p>\n\n\n\n<p class=\"wp-block-paragraph\">Com os dados registrados, nesta sexta, o pa\u00eds soma 585.923 vidas perdidas e 20.974.623 pessoas infectadas desde o in\u00edcio da pandemia.<\/p>\n\n\n\n<p class=\"wp-block-paragraph\">A m\u00e9dia m\u00f3vel de mortes agora \u00e9 de 453 \u00f3bitos di\u00e1rios, redu\u00e7\u00e3o de 34% em rela\u00e7\u00e3o ao dado de duas semanas atr\u00e1s.<\/p>\n\n\n\n<p class=\"wp-block-paragraph\">Mesmo com n\u00fameros inferiores aos muito elevados dados anteriores, o momento merece aten\u00e7\u00e3o e cuidado. O pa\u00eds j\u00e1 tem circula\u00e7\u00e3o comunit\u00e1ria da mais transmiss\u00edvel variante delta, que vem causando aumentos expressivos de casos em outros pa\u00edses. A delta tamb\u00e9m j\u00e1 parece causar problemas no Rio de Janeiro, que v\u00ea aumentos de casos e interna\u00e7\u00f5es.<\/p>\n\n\n\n<p class=\"wp-block-paragraph\">Os dados do pa\u00eds, coletados at\u00e9 20h, s\u00e3o fruto de colabora\u00e7\u00e3o entre Folha de S.Paulo, UOL, O Estado de S. Paulo, Extra, O Globo e G1 para reunir e divulgar os n\u00fameros relativos \u00e0 pandemia do novo coronav\u00edrus. As informa\u00e7\u00f5es s\u00e3o recolhidas pelo cons\u00f3rcio de ve\u00edculos de imprensa diariamente com as Secretarias de Sa\u00fade estaduais.<\/p>\n\n\n\n<p class=\"wp-block-paragraph\">Os dados da vacina\u00e7\u00e3o contra a Covid-19, tamb\u00e9m coletados pelo cons\u00f3rcio, foram atualizados em 25 estados e no Distrito Federal.<\/p>\n\n\n\n<p class=\"wp-block-paragraph\">O Brasil registrou 2.267.354 doses de vacinas contra Covid-19, nesta sexta-feira. De acordo com dados das secretarias estaduais de Sa\u00fade, foram 743.157 primeiras doses e 1.473.711 segundas. Tamb\u00e9m foram registradas 2.579 doses \u00fanicas e 47.907 doses de refor\u00e7o.<\/p>\n\n\n\n<p class=\"wp-block-paragraph\">Ao todo, 137.488.532 pessoas receberam pelo menos a primeira dose de uma vacina contra a Covid no Brasil -67.756.058 delas j\u00e1 receberam a segunda dose do imunizante.<br>Somadas as doses \u00fanicas da vacina da Janssen contra a Covid, j\u00e1 s\u00e3o 71.901.248 pessoas com esquema vacinal completo no pa\u00eds.<\/p>\n\n\n\n<p class=\"wp-block-paragraph\">Com isso, 87,38% da popula\u00e7\u00e3o com mais de 18 anos j\u00e1 recebeu ao menos uma dose (nesse caso, a 1\u00aa dose de alguma vacina ou o imunizante de dose \u00fanica) e 44,36% (tamb\u00e9m com mais de 18 anos) recebeu as duas doses recebidas ou a dose \u00fanica da Janssen.<\/p>\n\n\n\n<p class=\"wp-block-paragraph\">O Brasil chegou recentemente a 40% de adultos com esquema vacinal completo. Se for considerada toda a popula\u00e7\u00e3o brasileira, a porcentagem de pessoas com esquema vacinal completo alcan\u00e7ou 30% recentemente.<\/p>\n\n\n\n<p class=\"wp-block-paragraph\">Mesmo quem completou o esquema vacinal com as duas doses deve manter cuidados b\u00e1sicos, como uso de m\u00e1scara e distanciamento social, afirmam especialistas.<\/p>\n\n\n\n<p class=\"wp-block-paragraph\">A iniciativa do cons\u00f3rcio de ve\u00edculos de imprensa ocorreu em resposta \u00e0s atitudes do governo Jair Bolsonaro (sem partido), que amea\u00e7ou sonegar dados, atrasou boletins sobre a doen\u00e7a e tirou informa\u00e7\u00f5es do ar, com a interrup\u00e7\u00e3o da divulga\u00e7\u00e3o dos totais de casos e mortes. Al\u00e9m disso, o governo divulgou dados conflitantes.<\/p>\n","protected":false},"excerpt":{"rendered":"<p>&nbsp;O Brasil registrou 718 mortes por Covid e 16.371 casos, nesta sexta-feira (10). O pa\u00eds, assim, chegou \u00e0 m\u00e9dia m\u00f3vel de 17.165 casos por dia, a menor desde 8 de novembro de 2020, quando era de 16.534. Com os dados registrados, nesta sexta, o pa\u00eds soma 585.923 vidas perdidas e 20.974.623 pessoas infectadas desde o in\u00edcio da pandemia. A m\u00e9dia m\u00f3vel de mortes agora \u00e9 de 453 \u00f3bitos di\u00e1rios, redu\u00e7\u00e3o de 34% em rela\u00e7\u00e3o ao dado de duas semanas atr\u00e1s. Mesmo com n\u00fameros inferiores aos muito elevados dados anteriores, o momento merece aten\u00e7\u00e3o e cuidado. O pa\u00eds j\u00e1 tem circula\u00e7\u00e3o comunit\u00e1ria da mais transmiss\u00edvel variante delta, que vem causando aumentos expressivos de casos em outros pa\u00edses. A delta tamb\u00e9m j\u00e1 parece causar problemas no Rio de Janeiro, que v\u00ea aumentos de casos e interna\u00e7\u00f5es. Os dados do pa\u00eds, coletados at\u00e9 20h, s\u00e3o fruto de colabora\u00e7\u00e3o entre Folha de S.Paulo, UOL, O Estado de S. Paulo, Extra, O Globo e G1 para reunir e divulgar os n\u00fameros relativos \u00e0 pandemia do novo coronav\u00edrus. As informa\u00e7\u00f5es s\u00e3o recolhidas pelo cons\u00f3rcio de ve\u00edculos de imprensa diariamente com as Secretarias de Sa\u00fade estaduais. Os dados da vacina\u00e7\u00e3o contra a Covid-19, tamb\u00e9m coletados pelo cons\u00f3rcio, foram atualizados em 25 estados e no Distrito Federal. O Brasil registrou 2.267.354 doses de vacinas contra Covid-19, nesta sexta-feira. De acordo com dados das secretarias estaduais de Sa\u00fade, foram 743.157 primeiras doses e 1.473.711 segundas. Tamb\u00e9m foram registradas 2.579 doses \u00fanicas e 47.907 doses de refor\u00e7o. Ao todo, 137.488.532 pessoas receberam pelo menos a primeira dose de uma vacina contra a Covid no Brasil -67.756.058 delas j\u00e1 receberam a segunda dose do imunizante.Somadas as doses \u00fanicas da vacina da Janssen contra a Covid, j\u00e1 s\u00e3o 71.901.248 pessoas com esquema vacinal completo no pa\u00eds. Com isso, 87,38% da popula\u00e7\u00e3o com mais de 18 anos j\u00e1 recebeu ao menos uma dose (nesse caso, a 1\u00aa dose de alguma vacina ou o imunizante de dose \u00fanica) e 44,36% (tamb\u00e9m com mais de 18 anos) recebeu as duas doses recebidas ou a dose \u00fanica da Janssen. O Brasil chegou recentemente a 40% de adultos com esquema vacinal completo. Se for considerada toda a popula\u00e7\u00e3o brasileira, a porcentagem de pessoas com esquema vacinal completo alcan\u00e7ou 30% recentemente. Mesmo quem completou o esquema vacinal com as duas doses deve manter cuidados b\u00e1sicos, como uso de m\u00e1scara e distanciamento social, afirmam especialistas. A iniciativa do cons\u00f3rcio de ve\u00edculos de imprensa ocorreu em resposta \u00e0s atitudes do governo Jair Bolsonaro (sem partido), que amea\u00e7ou sonegar dados, atrasou boletins sobre a doen\u00e7a e tirou informa\u00e7\u00f5es do ar, com a interrup\u00e7\u00e3o da divulga\u00e7\u00e3o dos totais de casos e mortes. Al\u00e9m disso, o governo divulgou dados conflitantes.<\/p>\n","protected":false},"author":6,"featured_media":230349,"comment_status":"closed","ping_status":"closed","sticky":false,"template":"","format":"standard","meta":{"sfsi_plus_gutenberg_text_before_share":"","sfsi_plus_gutenberg_show_text_before_share":"","sfsi_plus_gutenberg_icon_type":"","sfsi_plus_gutenberg_icon_alignemt":"","sfsi_plus_gutenburg_max_per_row":"","footnotes":""},"categories":[123,124,50],"tags":[],"class_list":["post-230348","post","type-post","status-publish","format-standard","has-post-thumbnail","hentry","category-brasil","category-covid-19","category-destaque"],"_links":{"self":[{"href":"https:\/\/www.caririemacao.com\/1\/wp-json\/wp\/v2\/posts\/230348","targetHints":{"allow":["GET"]}}],"collection":[{"href":"https:\/\/www.caririemacao.com\/1\/wp-json\/wp\/v2\/posts"}],"about":[{"href":"https:\/\/www.caririemacao.com\/1\/wp-json\/wp\/v2\/types\/post"}],"author":[{"embeddable":true,"href":"https:\/\/www.caririemacao.com\/1\/wp-json\/wp\/v2\/users\/6"}],"replies":[{"embeddable":true,"href":"https:\/\/www.caririemacao.com\/1\/wp-json\/wp\/v2\/comments?post=230348"}],"version-history":[{"count":1,"href":"https:\/\/www.caririemacao.com\/1\/wp-json\/wp\/v2\/posts\/230348\/revisions"}],"predecessor-version":[{"id":230350,"href":"https:\/\/www.caririemacao.com\/1\/wp-json\/wp\/v2\/posts\/230348\/revisions\/230350"}],"wp:featuredmedia":[{"embeddable":true,"href":"https:\/\/www.caririemacao.com\/1\/wp-json\/wp\/v2\/media\/230349"}],"wp:attachment":[{"href":"https:\/\/www.caririemacao.com\/1\/wp-json\/wp\/v2\/media?parent=230348"}],"wp:term":[{"taxonomy":"category","embeddable":true,"href":"https:\/\/www.caririemacao.com\/1\/wp-json\/wp\/v2\/categories?post=230348"},{"taxonomy":"post_tag","embeddable":true,"href":"https:\/\/www.caririemacao.com\/1\/wp-json\/wp\/v2\/tags?post=230348"}],"curies":[{"name":"wp","href":"https:\/\/api.w.org\/{rel}","templated":true}]}}