{"id":230422,"date":"2021-09-12T09:38:36","date_gmt":"2021-09-12T12:38:36","guid":{"rendered":"https:\/\/www.caririemacao.com\/1\/?p=230422"},"modified":"2021-09-12T09:38:38","modified_gmt":"2021-09-12T12:38:38","slug":"brasil-registra-667-mortes-por-covid-em-24-h-media-movel-e-de-468","status":"publish","type":"post","link":"https:\/\/www.caririemacao.com\/1\/2021\/09\/12\/brasil-registra-667-mortes-por-covid-em-24-h-media-movel-e-de-468\/","title":{"rendered":"Brasil registra 667 mortes por Covid em 24 h; m\u00e9dia m\u00f3vel \u00e9 de 468"},"content":{"rendered":"\n<p class=\"wp-block-paragraph\">O Brasil registrou 667 mortes por Covid e 14.079 casos neste s\u00e1bado (11).Com os dados registrados, nesta sexta, o pa\u00eds soma 586.590 vidas perdidas e 20.988.702 pessoas infectadas desde o in\u00edcio da pandemia.<\/p>\n\n\n\n<p class=\"wp-block-paragraph\">A m\u00e9dia m\u00f3vel semanal de mortes agora \u00e9 de 468 \u00f3bitos di\u00e1rios, redu\u00e7\u00e3o de 32% em rela\u00e7\u00e3o ao dado de duas semanas atr\u00e1s.<\/p>\n\n\n\n<p class=\"wp-block-paragraph\">Acre e Bahia n\u00e3o divulgaram os n\u00fameros de casos e mortes neste s\u00e1bado. A Secretaria da Sa\u00fade baiana afirmou ter havido instabilidade em sistema do Minist\u00e9rio da Sa\u00fade.<\/p>\n\n\n\n<p class=\"wp-block-paragraph\">Mesmo com n\u00fameros inferiores aos muito elevados dados anteriores, o momento merece aten\u00e7\u00e3o e cuidado. O pa\u00eds j\u00e1 tem circula\u00e7\u00e3o comunit\u00e1ria da mais transmiss\u00edvel variante delta, que vem causando aumentos expressivos de casos em outros pa\u00edses.<\/p>\n\n\n\n<p class=\"wp-block-paragraph\">Os dados do pa\u00eds, coletados at\u00e9 20h, s\u00e3o fruto de colabora\u00e7\u00e3o entre Folha, UOL, O Estado de S. Paulo, Extra, O Globo e G1 para reunir e divulgar os n\u00fameros relativos \u00e0 pandemia do novo coronav\u00edrus. As informa\u00e7\u00f5es s\u00e3o recolhidas pelo cons\u00f3rcio de ve\u00edculos de imprensa diariamente com as Secretarias de Sa\u00fade estaduais.<\/p>\n\n\n\n<p class=\"wp-block-paragraph\">Os dados da vacina\u00e7\u00e3o contra a Covid-19, tamb\u00e9m coletados pelo cons\u00f3rcio, foram atualizados.<\/p>\n\n\n\n<p class=\"wp-block-paragraph\">O Brasil registrou 1.214.766 doses de vacinas contra Covid-19 neste s\u00e1bado. De acordo com dados das secretarias estaduais de Sa\u00fade, foram 343.803 primeiras doses e 802.724 segundas. Tamb\u00e9m foram registradas 1.650 doses \u00fanicas e 66.589 doses de refor\u00e7o.<\/p>\n\n\n\n<p class=\"wp-block-paragraph\">Ao todo, 137.832.335 pessoas receberam pelo menos a primeira dose de uma vacina contra a Covid no Brasil \u201372.705.622 delas j\u00e1 est\u00e3o com esquema vacinal completo.<\/p>\n\n\n\n<p class=\"wp-block-paragraph\">O Brasil chegou recentemente a pouco mais de um ter\u00e7o da popula\u00e7\u00e3o com esquema vacinal completo.<\/p>\n\n\n\n<p class=\"wp-block-paragraph\">Mesmo quem completou o esquema vacinal com as duas doses deve manter cuidados b\u00e1sicos, como uso de m\u00e1scara e distanciamento social, afirmam especialistas.<\/p>\n\n\n\n<p class=\"wp-block-paragraph\">A iniciativa do cons\u00f3rcio de ve\u00edculos de imprensa ocorreu em resposta \u00e0s atitudes do governo Jair Bolsonaro (sem partido), que amea\u00e7ou sonegar dados, atrasou boletins sobre a doen\u00e7a e tirou informa\u00e7\u00f5es do ar, com a interrup\u00e7\u00e3o da divulga\u00e7\u00e3o dos totais de casos e mortes. Al\u00e9m disso, o governo divulgou dados conflitantes.<\/p>\n","protected":false},"excerpt":{"rendered":"<p>O Brasil registrou 667 mortes por Covid e 14.079 casos neste s\u00e1bado (11).Com os dados registrados, nesta sexta, o pa\u00eds soma 586.590 vidas perdidas e 20.988.702 pessoas infectadas desde o in\u00edcio da pandemia. A m\u00e9dia m\u00f3vel semanal de mortes agora \u00e9 de 468 \u00f3bitos di\u00e1rios, redu\u00e7\u00e3o de 32% em rela\u00e7\u00e3o ao dado de duas semanas atr\u00e1s. Acre e Bahia n\u00e3o divulgaram os n\u00fameros de casos e mortes neste s\u00e1bado. A Secretaria da Sa\u00fade baiana afirmou ter havido instabilidade em sistema do Minist\u00e9rio da Sa\u00fade. Mesmo com n\u00fameros inferiores aos muito elevados dados anteriores, o momento merece aten\u00e7\u00e3o e cuidado. O pa\u00eds j\u00e1 tem circula\u00e7\u00e3o comunit\u00e1ria da mais transmiss\u00edvel variante delta, que vem causando aumentos expressivos de casos em outros pa\u00edses. Os dados do pa\u00eds, coletados at\u00e9 20h, s\u00e3o fruto de colabora\u00e7\u00e3o entre Folha, UOL, O Estado de S. Paulo, Extra, O Globo e G1 para reunir e divulgar os n\u00fameros relativos \u00e0 pandemia do novo coronav\u00edrus. As informa\u00e7\u00f5es s\u00e3o recolhidas pelo cons\u00f3rcio de ve\u00edculos de imprensa diariamente com as Secretarias de Sa\u00fade estaduais. Os dados da vacina\u00e7\u00e3o contra a Covid-19, tamb\u00e9m coletados pelo cons\u00f3rcio, foram atualizados. O Brasil registrou 1.214.766 doses de vacinas contra Covid-19 neste s\u00e1bado. De acordo com dados das secretarias estaduais de Sa\u00fade, foram 343.803 primeiras doses e 802.724 segundas. Tamb\u00e9m foram registradas 1.650 doses \u00fanicas e 66.589 doses de refor\u00e7o. Ao todo, 137.832.335 pessoas receberam pelo menos a primeira dose de uma vacina contra a Covid no Brasil \u201372.705.622 delas j\u00e1 est\u00e3o com esquema vacinal completo. O Brasil chegou recentemente a pouco mais de um ter\u00e7o da popula\u00e7\u00e3o com esquema vacinal completo. Mesmo quem completou o esquema vacinal com as duas doses deve manter cuidados b\u00e1sicos, como uso de m\u00e1scara e distanciamento social, afirmam especialistas. A iniciativa do cons\u00f3rcio de ve\u00edculos de imprensa ocorreu em resposta \u00e0s atitudes do governo Jair Bolsonaro (sem partido), que amea\u00e7ou sonegar dados, atrasou boletins sobre a doen\u00e7a e tirou informa\u00e7\u00f5es do ar, com a interrup\u00e7\u00e3o da divulga\u00e7\u00e3o dos totais de casos e mortes. Al\u00e9m disso, o governo divulgou dados conflitantes.<\/p>\n","protected":false},"author":6,"featured_media":230423,"comment_status":"closed","ping_status":"closed","sticky":false,"template":"","format":"standard","meta":{"sfsi_plus_gutenberg_text_before_share":"","sfsi_plus_gutenberg_show_text_before_share":"","sfsi_plus_gutenberg_icon_type":"","sfsi_plus_gutenberg_icon_alignemt":"","sfsi_plus_gutenburg_max_per_row":"","footnotes":""},"categories":[123,124,50],"tags":[],"class_list":["post-230422","post","type-post","status-publish","format-standard","has-post-thumbnail","hentry","category-brasil","category-covid-19","category-destaque"],"_links":{"self":[{"href":"https:\/\/www.caririemacao.com\/1\/wp-json\/wp\/v2\/posts\/230422","targetHints":{"allow":["GET"]}}],"collection":[{"href":"https:\/\/www.caririemacao.com\/1\/wp-json\/wp\/v2\/posts"}],"about":[{"href":"https:\/\/www.caririemacao.com\/1\/wp-json\/wp\/v2\/types\/post"}],"author":[{"embeddable":true,"href":"https:\/\/www.caririemacao.com\/1\/wp-json\/wp\/v2\/users\/6"}],"replies":[{"embeddable":true,"href":"https:\/\/www.caririemacao.com\/1\/wp-json\/wp\/v2\/comments?post=230422"}],"version-history":[{"count":1,"href":"https:\/\/www.caririemacao.com\/1\/wp-json\/wp\/v2\/posts\/230422\/revisions"}],"predecessor-version":[{"id":230424,"href":"https:\/\/www.caririemacao.com\/1\/wp-json\/wp\/v2\/posts\/230422\/revisions\/230424"}],"wp:featuredmedia":[{"embeddable":true,"href":"https:\/\/www.caririemacao.com\/1\/wp-json\/wp\/v2\/media\/230423"}],"wp:attachment":[{"href":"https:\/\/www.caririemacao.com\/1\/wp-json\/wp\/v2\/media?parent=230422"}],"wp:term":[{"taxonomy":"category","embeddable":true,"href":"https:\/\/www.caririemacao.com\/1\/wp-json\/wp\/v2\/categories?post=230422"},{"taxonomy":"post_tag","embeddable":true,"href":"https:\/\/www.caririemacao.com\/1\/wp-json\/wp\/v2\/tags?post=230422"}],"curies":[{"name":"wp","href":"https:\/\/api.w.org\/{rel}","templated":true}]}}