{"id":230446,"date":"2021-09-13T06:52:10","date_gmt":"2021-09-13T09:52:10","guid":{"rendered":"https:\/\/www.caririemacao.com\/1\/?p=230446"},"modified":"2021-09-13T06:52:12","modified_gmt":"2021-09-13T09:52:12","slug":"mais-de-6-mil-candidatos-faltam-as-provas-do-concurso-da-fundacao-pb-saude","status":"publish","type":"post","link":"https:\/\/www.caririemacao.com\/1\/2021\/09\/13\/mais-de-6-mil-candidatos-faltam-as-provas-do-concurso-da-fundacao-pb-saude\/","title":{"rendered":"Mais de 6 mil candidatos faltam \u00e0s provas do concurso da Funda\u00e7\u00e3o PB Sa\u00fade"},"content":{"rendered":"\n<p class=\"wp-block-paragraph\">O diretor superintendente da PB Sa\u00fade, Daniel Beltrammi, visitou alguns locais de provas, observando o andamento das atividades e o cumprimento das medidas preventivas contra o covid-19. \u201cHoje \u00e9 um dia hist\u00f3rico para a Para\u00edba pois estamos selecionando as pessoas que estar\u00e3o conosco daqui para frente nos cuidados \u00e0 sa\u00fade da popula\u00e7\u00e3o. Atrav\u00e9s desse concurso, a Secretaria de Estado da Sa\u00fade, que representa o SUS paraibano, tem um papel decisivo na constru\u00e7\u00e3o de um futuro com uma sa\u00fade digna e de qualidade para todas as paraibanas e paraibanos\u201d.<\/p>\n\n\n\n<p class=\"wp-block-paragraph\">O concurso da Funda\u00e7\u00e3o PB Sa\u00fade reuniu candidatos de v\u00e1rios munic\u00edpios paraibanos, como o t\u00e9cnico de enfermagem Marcelo Gualberto, da cidade de Malta, que chegou cedo na UFPB, onde se submeteu ao concurso: \u201cEstou feliz com a possibilidade de realizar essa prova e bem confiante no resultado\u201d, afirmou. Delani Cunha, do munic\u00edpio de Cacimbas, que tamb\u00e9m est\u00e1 concorrendo \u00e0 vaga de t\u00e9cnica de enfermagem, falou sobre a organiza\u00e7\u00e3o do certame: \u201cA prova me surpreendeu positivamente, o concurso foi bastante organizado e aguardo um resultado positivo\u201d.<\/p>\n\n\n\n<p class=\"wp-block-paragraph\">Daniel Beltrammi comemorou os bons resultados da realiza\u00e7\u00e3o do Concurso. \u201cO Governo do Estado promoveu um concurso que teve seu dia de aplica\u00e7\u00e3o com elevados n\u00edveis de excel\u00eancia visando o conforto e a seguran\u00e7a das candidatas e dos candidatos. Desejamos sucesso \u00e0queles que se submeteram \u00e0s provas neste dia e lembramos que a divulga\u00e7\u00e3o do resultado est\u00e1 prevista no per\u00edodo compreendido entre 30 a 45 dias contados a partir de hoje\u201d, acrescentou.<\/p>\n\n\n\n<p class=\"wp-block-paragraph\">ClickPB<\/p>\n","protected":false},"excerpt":{"rendered":"<p>O diretor superintendente da PB Sa\u00fade, Daniel Beltrammi, visitou alguns locais de provas, observando o andamento das atividades e o cumprimento das medidas preventivas contra o covid-19. \u201cHoje \u00e9 um dia hist\u00f3rico para a Para\u00edba pois estamos selecionando as pessoas que estar\u00e3o conosco daqui para frente nos cuidados \u00e0 sa\u00fade da popula\u00e7\u00e3o. Atrav\u00e9s desse concurso, a Secretaria de Estado da Sa\u00fade, que representa o SUS paraibano, tem um papel decisivo na constru\u00e7\u00e3o de um futuro com uma sa\u00fade digna e de qualidade para todas as paraibanas e paraibanos\u201d. O concurso da Funda\u00e7\u00e3o PB Sa\u00fade reuniu candidatos de v\u00e1rios munic\u00edpios paraibanos, como o t\u00e9cnico de enfermagem Marcelo Gualberto, da cidade de Malta, que chegou cedo na UFPB, onde se submeteu ao concurso: \u201cEstou feliz com a possibilidade de realizar essa prova e bem confiante no resultado\u201d, afirmou. Delani Cunha, do munic\u00edpio de Cacimbas, que tamb\u00e9m est\u00e1 concorrendo \u00e0 vaga de t\u00e9cnica de enfermagem, falou sobre a organiza\u00e7\u00e3o do certame: \u201cA prova me surpreendeu positivamente, o concurso foi bastante organizado e aguardo um resultado positivo\u201d. Daniel Beltrammi comemorou os bons resultados da realiza\u00e7\u00e3o do Concurso. \u201cO Governo do Estado promoveu um concurso que teve seu dia de aplica\u00e7\u00e3o com elevados n\u00edveis de excel\u00eancia visando o conforto e a seguran\u00e7a das candidatas e dos candidatos. Desejamos sucesso \u00e0queles que se submeteram \u00e0s provas neste dia e lembramos que a divulga\u00e7\u00e3o do resultado est\u00e1 prevista no per\u00edodo compreendido entre 30 a 45 dias contados a partir de hoje\u201d, acrescentou. ClickPB<\/p>\n","protected":false},"author":6,"featured_media":230447,"comment_status":"closed","ping_status":"closed","sticky":false,"template":"","format":"standard","meta":{"sfsi_plus_gutenberg_text_before_share":"","sfsi_plus_gutenberg_show_text_before_share":"","sfsi_plus_gutenberg_icon_type":"","sfsi_plus_gutenberg_icon_alignemt":"","sfsi_plus_gutenburg_max_per_row":"","footnotes":""},"categories":[109,16],"tags":[],"class_list":["post-230446","post","type-post","status-publish","format-standard","has-post-thumbnail","hentry","category-concurso","category-saude"],"_links":{"self":[{"href":"https:\/\/www.caririemacao.com\/1\/wp-json\/wp\/v2\/posts\/230446","targetHints":{"allow":["GET"]}}],"collection":[{"href":"https:\/\/www.caririemacao.com\/1\/wp-json\/wp\/v2\/posts"}],"about":[{"href":"https:\/\/www.caririemacao.com\/1\/wp-json\/wp\/v2\/types\/post"}],"author":[{"embeddable":true,"href":"https:\/\/www.caririemacao.com\/1\/wp-json\/wp\/v2\/users\/6"}],"replies":[{"embeddable":true,"href":"https:\/\/www.caririemacao.com\/1\/wp-json\/wp\/v2\/comments?post=230446"}],"version-history":[{"count":1,"href":"https:\/\/www.caririemacao.com\/1\/wp-json\/wp\/v2\/posts\/230446\/revisions"}],"predecessor-version":[{"id":230448,"href":"https:\/\/www.caririemacao.com\/1\/wp-json\/wp\/v2\/posts\/230446\/revisions\/230448"}],"wp:featuredmedia":[{"embeddable":true,"href":"https:\/\/www.caririemacao.com\/1\/wp-json\/wp\/v2\/media\/230447"}],"wp:attachment":[{"href":"https:\/\/www.caririemacao.com\/1\/wp-json\/wp\/v2\/media?parent=230446"}],"wp:term":[{"taxonomy":"category","embeddable":true,"href":"https:\/\/www.caririemacao.com\/1\/wp-json\/wp\/v2\/categories?post=230446"},{"taxonomy":"post_tag","embeddable":true,"href":"https:\/\/www.caririemacao.com\/1\/wp-json\/wp\/v2\/tags?post=230446"}],"curies":[{"name":"wp","href":"https:\/\/api.w.org\/{rel}","templated":true}]}}