{"id":231170,"date":"2021-09-20T09:07:37","date_gmt":"2021-09-20T12:07:37","guid":{"rendered":"https:\/\/www.caririemacao.com\/1\/?p=231170"},"modified":"2021-09-20T09:07:39","modified_gmt":"2021-09-20T12:07:39","slug":"ataque-a-tiros-deixa-oito-pessoas-mortas-em-universidade-na-russia","status":"publish","type":"post","link":"https:\/\/www.caririemacao.com\/1\/2021\/09\/20\/ataque-a-tiros-deixa-oito-pessoas-mortas-em-universidade-na-russia\/","title":{"rendered":"Ataque a tiros deixa oito pessoas mortas em universidade na R\u00fassia"},"content":{"rendered":"\n<p class=\"wp-block-paragraph\">Ao menos oito pessoas morreram e v\u00e1rias ficaram feridas nesta segunda-feira (20) em um campus universit\u00e1rio de Perm, na R\u00fassia, ap\u00f3s um estudante atirar nas pessoas. Ele foi preso.<\/p>\n\n\n\n<p class=\"wp-block-paragraph\">&#8220;Um estudante que estava em um dos edif\u00edcios da universidade abriu fogo contra as pessoas ao seu redor&#8221;, informou o Comit\u00ea de Investiga\u00e7\u00e3o Russo, respons\u00e1vel pelas investiga\u00e7\u00f5es mais importantes do pa\u00eds.<\/p>\n\n\n\n<p class=\"wp-block-paragraph\">&#8220;Em consequ\u00eancia, oito pessoas morreram e v\u00e1rias ficaram feridas&#8221;, anunciou o comit\u00ea, que tamb\u00e9m disse que o atirador &#8220;ficou ferido durante a deten\u00e7\u00e3o, ao opor resist\u00eancia&#8221;. N\u00e3o h\u00e1 detalhes sobre o seu estado de sa\u00fade.<\/p>\n\n\n\n<p class=\"wp-block-paragraph\">O ataque ocorreu por volta das 11h (hor\u00e1rio local, 3h em Bras\u00edlia). Um v\u00eddeo divulgado nas redes sociais mostra um indiv\u00edduo vestido de preto caminhando na dire\u00e7\u00e3o da entrada do pr\u00e9dio e atirando.<\/p>\n\n\n\n<p class=\"wp-block-paragraph\">Outras imagens mostram estudantes fugindo dos tiros e pulando pelas janelas do primeiro andar de um pr\u00e9dio do campus, que fica na regi\u00e3o dos Urais.<\/p>\n\n\n\n<p class=\"wp-block-paragraph\">Outros ataques<br>Os ataques a tiros em escolas ou universidades eram raros na R\u00fassia, mas se tornaram mais frequentes nos \u00faltimos anos.<\/p>\n\n\n\n<p class=\"wp-block-paragraph\">O pa\u00eds tem uma legisla\u00e7\u00e3o rigorosa de controle de armas \u2014 e tornou-a ainda mais rigorosa devido a esses ataques.<\/p>\n\n\n\n<p class=\"wp-block-paragraph\">O presidente russo, Vladimir Putin, afirma que os incidentes s\u00e3o um fen\u00f4meno importado dos Estados Unidos e um efeito perverso da globaliza\u00e7\u00e3o.<\/p>\n\n\n\n<p class=\"wp-block-paragraph\">No o \u00faltimo ataque, em 11 de maio, um jovem de 19 anos abriu fogo contra uma escola de Kazan, no sudoeste do pa\u00eds, e matou nove pessoas.<\/p>\n\n\n\n<p class=\"wp-block-paragraph\">No mesmo dia, Putin ordenou uma revis\u00e3o das normas sobre o porte de armas, pois o atirador tinha permiss\u00e3o para o uso de uma arma semiautom\u00e1tica.<\/p>\n\n\n\n<p class=\"wp-block-paragraph\">Em outubro de 2018, um estudante matou 19 pessoas antes de cometer suic\u00eddio em um instituto de Kerch, uma cidade da pen\u00ednsula da Crimeia, na Ucr\u00e2nia, que a R\u00fassia invadiu e ocupou em 2014.<\/p>\n\n\n\n<p class=\"wp-block-paragraph\">Tentativas frustradas<br>Autoridades russas dizem ter desmantelado dezenas de planos de ataques contra centros de ensino nos \u00faltimos anos, normalmente planejados por adolescentes.<\/p>\n\n\n\n<p class=\"wp-block-paragraph\">Em fevereiro de 2020, as for\u00e7as de seguran\u00e7a prenderam dois jovens de nacionalidade russa, na \u00e9poca com 15 anos, que eram muito ativos em f\u00f3runs virtuais com a apologia do assassinato e do suic\u00eddio.<\/p>\n\n\n\n<p class=\"wp-block-paragraph\">De acordo com os investigadores, eles planejavam atacar um centro de ensino em Saratov, \u00e0s margens do rio Volga, no sudoeste do pa\u00eds.<\/p>\n\n\n\n<p class=\"wp-block-paragraph\">G1<\/p>\n","protected":false},"excerpt":{"rendered":"<p>Ao menos oito pessoas morreram e v\u00e1rias ficaram feridas nesta segunda-feira (20) em um campus universit\u00e1rio de Perm, na R\u00fassia, ap\u00f3s um estudante atirar nas pessoas. Ele foi preso. &#8220;Um estudante que estava em um dos edif\u00edcios da universidade abriu fogo contra as pessoas ao seu redor&#8221;, informou o Comit\u00ea de Investiga\u00e7\u00e3o Russo, respons\u00e1vel pelas investiga\u00e7\u00f5es mais importantes do pa\u00eds. &#8220;Em consequ\u00eancia, oito pessoas morreram e v\u00e1rias ficaram feridas&#8221;, anunciou o comit\u00ea, que tamb\u00e9m disse que o atirador &#8220;ficou ferido durante a deten\u00e7\u00e3o, ao opor resist\u00eancia&#8221;. N\u00e3o h\u00e1 detalhes sobre o seu estado de sa\u00fade. O ataque ocorreu por volta das 11h (hor\u00e1rio local, 3h em Bras\u00edlia). Um v\u00eddeo divulgado nas redes sociais mostra um indiv\u00edduo vestido de preto caminhando na dire\u00e7\u00e3o da entrada do pr\u00e9dio e atirando. Outras imagens mostram estudantes fugindo dos tiros e pulando pelas janelas do primeiro andar de um pr\u00e9dio do campus, que fica na regi\u00e3o dos Urais. Outros ataquesOs ataques a tiros em escolas ou universidades eram raros na R\u00fassia, mas se tornaram mais frequentes nos \u00faltimos anos. O pa\u00eds tem uma legisla\u00e7\u00e3o rigorosa de controle de armas \u2014 e tornou-a ainda mais rigorosa devido a esses ataques. O presidente russo, Vladimir Putin, afirma que os incidentes s\u00e3o um fen\u00f4meno importado dos Estados Unidos e um efeito perverso da globaliza\u00e7\u00e3o. No o \u00faltimo ataque, em 11 de maio, um jovem de 19 anos abriu fogo contra uma escola de Kazan, no sudoeste do pa\u00eds, e matou nove pessoas. No mesmo dia, Putin ordenou uma revis\u00e3o das normas sobre o porte de armas, pois o atirador tinha permiss\u00e3o para o uso de uma arma semiautom\u00e1tica. Em outubro de 2018, um estudante matou 19 pessoas antes de cometer suic\u00eddio em um instituto de Kerch, uma cidade da pen\u00ednsula da Crimeia, na Ucr\u00e2nia, que a R\u00fassia invadiu e ocupou em 2014. Tentativas frustradasAutoridades russas dizem ter desmantelado dezenas de planos de ataques contra centros de ensino nos \u00faltimos anos, normalmente planejados por adolescentes. Em fevereiro de 2020, as for\u00e7as de seguran\u00e7a prenderam dois jovens de nacionalidade russa, na \u00e9poca com 15 anos, que eram muito ativos em f\u00f3runs virtuais com a apologia do assassinato e do suic\u00eddio. De acordo com os investigadores, eles planejavam atacar um centro de ensino em Saratov, \u00e0s margens do rio Volga, no sudoeste do pa\u00eds. G1<\/p>\n","protected":false},"author":6,"featured_media":231171,"comment_status":"closed","ping_status":"closed","sticky":false,"template":"","format":"standard","meta":{"sfsi_plus_gutenberg_text_before_share":"","sfsi_plus_gutenberg_show_text_before_share":"","sfsi_plus_gutenberg_icon_type":"","sfsi_plus_gutenberg_icon_alignemt":"","sfsi_plus_gutenburg_max_per_row":"","footnotes":""},"categories":[103],"tags":[],"class_list":["post-231170","post","type-post","status-publish","format-standard","has-post-thumbnail","hentry","category-mundo"],"_links":{"self":[{"href":"https:\/\/www.caririemacao.com\/1\/wp-json\/wp\/v2\/posts\/231170","targetHints":{"allow":["GET"]}}],"collection":[{"href":"https:\/\/www.caririemacao.com\/1\/wp-json\/wp\/v2\/posts"}],"about":[{"href":"https:\/\/www.caririemacao.com\/1\/wp-json\/wp\/v2\/types\/post"}],"author":[{"embeddable":true,"href":"https:\/\/www.caririemacao.com\/1\/wp-json\/wp\/v2\/users\/6"}],"replies":[{"embeddable":true,"href":"https:\/\/www.caririemacao.com\/1\/wp-json\/wp\/v2\/comments?post=231170"}],"version-history":[{"count":1,"href":"https:\/\/www.caririemacao.com\/1\/wp-json\/wp\/v2\/posts\/231170\/revisions"}],"predecessor-version":[{"id":231172,"href":"https:\/\/www.caririemacao.com\/1\/wp-json\/wp\/v2\/posts\/231170\/revisions\/231172"}],"wp:featuredmedia":[{"embeddable":true,"href":"https:\/\/www.caririemacao.com\/1\/wp-json\/wp\/v2\/media\/231171"}],"wp:attachment":[{"href":"https:\/\/www.caririemacao.com\/1\/wp-json\/wp\/v2\/media?parent=231170"}],"wp:term":[{"taxonomy":"category","embeddable":true,"href":"https:\/\/www.caririemacao.com\/1\/wp-json\/wp\/v2\/categories?post=231170"},{"taxonomy":"post_tag","embeddable":true,"href":"https:\/\/www.caririemacao.com\/1\/wp-json\/wp\/v2\/tags?post=231170"}],"curies":[{"name":"wp","href":"https:\/\/api.w.org\/{rel}","templated":true}]}}