{"id":231265,"date":"2021-09-21T08:14:25","date_gmt":"2021-09-21T11:14:25","guid":{"rendered":"https:\/\/www.caririemacao.com\/1\/?p=231265"},"modified":"2021-09-21T08:14:27","modified_gmt":"2021-09-21T11:14:27","slug":"auxilio-emergencial-nascidos-em-janeiro-recebem-6a-parcela","status":"publish","type":"post","link":"https:\/\/www.caririemacao.com\/1\/2021\/09\/21\/auxilio-emergencial-nascidos-em-janeiro-recebem-6a-parcela\/","title":{"rendered":"Aux\u00edlio emergencial: nascidos em janeiro recebem 6\u00aa parcela"},"content":{"rendered":"\n<p class=\"wp-block-paragraph\">Trabalhadores informais e inscritos no Cadastro \u00danico para Programas Sociais do Governo Federal (Cad\u00danico) nascidos em janeiro recebem,&nbsp;hoje&nbsp;(21), a&nbsp;sexta&nbsp;parcela do aux\u00edlio emergencial 2021. O dinheiro ser\u00e1 depositado nas contas poupan\u00e7a digitais da Caixa Econ\u00f4mica Federal.<img decoding=\"async\" src=\"https:\/\/agenciabrasil.ebc.com.br\/ebc.png?id=1422173&amp;o=node\"><img decoding=\"async\" src=\"https:\/\/agenciabrasil.ebc.com.br\/ebc.gif?id=1422173&amp;o=node\"><\/p>\n\n\n\n<p class=\"wp-block-paragraph\">O calend\u00e1rio \u00e9 organizado em ciclos de cr\u00e9dito em conta e de saque em esp\u00e9cie, de acordo com o m\u00eas de nascimento. Quem recebe nesta&nbsp;ter\u00e7a-feira poder\u00e1 retirar o dinheiro a partir de&nbsp;4 de outubro&nbsp;nas ag\u00eancias da Caixa, lot\u00e9ricas ou nos correspondentes Caixa Aqui.<\/p>\n\n\n\n<p class=\"wp-block-paragraph\">Por enquanto, os recursos podem ser movimentados por meio do aplicativo Caixa Tem. Com ele \u00e9 poss\u00edvel pagar contas de \u00e1gua, luz, telefone, g\u00e1s e boletos em geral pelo pr\u00f3prio aplicativo ou nas lot\u00e9ricas, fazer compras pela internet e pelas maquininhas em diversos estabelecimentos comerciais, com o cart\u00e3o de d\u00e9bito virtual e QR Code.<\/p>\n\n\n\n<p class=\"wp-block-paragraph\">Para os benefici\u00e1rios do Bolsa Fam\u00edlia, vale o calend\u00e1rio e as regras de saque do programa social. O pagamento do&nbsp;<a href=\"https:\/\/agenciabrasil.ebc.com.br\/economia\/noticia\/2021-09\/beneficiarios-do-bolsa-familia-comecam-receber-6a-parcela-do-auxilio\" target=\"_blank\" rel=\"noreferrer noopener\">ciclo 6&nbsp;<\/a>do aux\u00edlio emergencial para esse p\u00fablico come\u00e7ou em&nbsp;17 de setembro&nbsp;e vai at\u00e9 o dia 30, de acordo com o N\u00famero de Inscri\u00e7\u00e3o Social (NIS). Nesta&nbsp;ter\u00e7a-feira, recebem os benefici\u00e1rios com NIS final 3.<\/p>\n\n\n\n<p class=\"wp-block-paragraph\">Em caso de d\u00favidas, a central telef\u00f4nica 111 da Caixa funciona de&nbsp;segunda&nbsp;a&nbsp;domingo, das 7h \u00e0s 22h. Al\u00e9m disso, o benefici\u00e1rio pode consultar o&nbsp;<em>site<\/em>&nbsp;<a href=\"https:\/\/auxilio.caixa.gov.br\/#\/inicio\" target=\"_blank\" rel=\"noreferrer noopener\">auxilio.caixa.gov.br<\/a>.<\/p>\n\n\n\n<figure class=\"wp-block-image\"><img decoding=\"async\" src=\"https:\/\/imagens.ebc.com.br\/l1E9mEBaq2Yka0OEJ4rwyex8BBA=\/754x0\/smart\/https:\/\/agenciabrasil.ebc.com.br\/sites\/default\/files\/thumbnails\/image\/auxilio_emergencial_bolsa_familia_sexta_parcela.jpg?itok=KMqbu6AL\" alt=\"Calend\u00e1rio de pagamento da sexta parcela do aux\u00edlio emergencial para benefici\u00e1rios do Bolsa Fam\u00edlia\" title=\"Divulga\u00e7\u00e3o\/Caixa\"\/><\/figure>\n\n\n\n<p class=\"wp-block-paragraph\">Calend\u00e1rio de pagamento da sexta parcela do aux\u00edlio emergencial para benefici\u00e1rios do Bolsa Fam\u00edlia &#8211;&nbsp;<strong>Divulga\u00e7\u00e3o\/Caixa<\/strong><\/p>\n\n\n\n<h2 class=\"wp-block-heading\">Regras<\/h2>\n\n\n\n<p class=\"wp-block-paragraph\">O aux\u00edlio emergencial foi criado em abril do ano passado pelo governo federal para atender pessoas vulner\u00e1veis afetadas pela pandemia de covid-19. Ele foi pago em cinco parcelas de R$ 600 ou R$ 1,2 mil para m\u00e3es chefes de fam\u00edlia monoparental e, depois, estendido at\u00e9&nbsp;31 de dezembro&nbsp;de 2020 em at\u00e9 quatro parcelas de R$ 300 ou R$ 600 cada.<\/p>\n\n\n\n<p class=\"wp-block-paragraph\">Neste ano, a nova rodada de pagamentos, durante sete meses, tem parcelas de R$ 150 a R$ 375, dependendo do perfil: as fam\u00edlias, em geral, recebem R$ 250; a fam\u00edlia monoparental, chefiada por uma mulher, recebe R$ 375; e pessoas que moram sozinhas recebem R$ 150.<\/p>\n\n\n\n<p class=\"wp-block-paragraph\">Pelas regras estabelecidas, o aux\u00edlio \u00e9 pago \u00e0s fam\u00edlias com renda mensal total de at\u00e9 tr\u00eas sal\u00e1rios m\u00ednimos, desde que a renda por pessoa seja inferior a meio sal\u00e1rio m\u00ednimo. \u00c9 necess\u00e1rio que o benefici\u00e1rio j\u00e1 tenha sido considerado eleg\u00edvel at\u00e9 o m\u00eas&nbsp;de dezembro&nbsp;de 2020, pois n\u00e3o houve nova fase de inscri\u00e7\u00f5es.<\/p>\n\n\n\n<p class=\"wp-block-paragraph\">Para quem recebe o Bolsa Fam\u00edlia, vale a regra do valor mais vantajoso, seja a parcela paga no programa social, seja a do aux\u00edlio emergencial.<\/p>\n\n\n\n<p class=\"wp-block-paragraph\">O programa se encerraria com a\u00a0quarta\u00a0parcela, depositada em julho e sacada em agosto, mas foi\u00a0<a rel=\"noreferrer noopener\" href=\"https:\/\/agenciabrasil.ebc.com.br\/politica\/noticia\/2021-07\/governo-prorroga-auxilio-emergencial-por-mais-tres-meses\" target=\"_blank\">prorrogado at\u00e9 outubro<\/a>, com os mesmos valores para o benef\u00edcio. <\/p>\n\n\n\n<p class=\"wp-block-paragraph\">Ag\u00eancia Brasil<\/p>\n","protected":false},"excerpt":{"rendered":"<p>Trabalhadores informais e inscritos no Cadastro \u00danico para Programas Sociais do Governo Federal (Cad\u00danico) nascidos em janeiro recebem,&nbsp;hoje&nbsp;(21), a&nbsp;sexta&nbsp;parcela do aux\u00edlio emergencial 2021. O dinheiro ser\u00e1 depositado nas contas poupan\u00e7a digitais da Caixa Econ\u00f4mica Federal. O calend\u00e1rio \u00e9 organizado em ciclos de cr\u00e9dito em conta e de saque em esp\u00e9cie, de acordo com o m\u00eas de nascimento. Quem recebe nesta&nbsp;ter\u00e7a-feira poder\u00e1 retirar o dinheiro a partir de&nbsp;4 de outubro&nbsp;nas ag\u00eancias da Caixa, lot\u00e9ricas ou nos correspondentes Caixa Aqui. Por enquanto, os recursos podem ser movimentados por meio do aplicativo Caixa Tem. Com ele \u00e9 poss\u00edvel pagar contas de \u00e1gua, luz, telefone, g\u00e1s e boletos em geral pelo pr\u00f3prio aplicativo ou nas lot\u00e9ricas, fazer compras pela internet e pelas maquininhas em diversos estabelecimentos comerciais, com o cart\u00e3o de d\u00e9bito virtual e QR Code. Para os benefici\u00e1rios do Bolsa Fam\u00edlia, vale o calend\u00e1rio e as regras de saque do programa social. O pagamento do&nbsp;ciclo 6&nbsp;do aux\u00edlio emergencial para esse p\u00fablico come\u00e7ou em&nbsp;17 de setembro&nbsp;e vai at\u00e9 o dia 30, de acordo com o N\u00famero de Inscri\u00e7\u00e3o Social (NIS). Nesta&nbsp;ter\u00e7a-feira, recebem os benefici\u00e1rios com NIS final 3. Em caso de d\u00favidas, a central telef\u00f4nica 111 da Caixa funciona de&nbsp;segunda&nbsp;a&nbsp;domingo, das 7h \u00e0s 22h. Al\u00e9m disso, o benefici\u00e1rio pode consultar o&nbsp;site&nbsp;auxilio.caixa.gov.br. Calend\u00e1rio de pagamento da sexta parcela do aux\u00edlio emergencial para benefici\u00e1rios do Bolsa Fam\u00edlia &#8211;&nbsp;Divulga\u00e7\u00e3o\/Caixa Regras O aux\u00edlio emergencial foi criado em abril do ano passado pelo governo federal para atender pessoas vulner\u00e1veis afetadas pela pandemia de covid-19. Ele foi pago em cinco parcelas de R$ 600 ou R$ 1,2 mil para m\u00e3es chefes de fam\u00edlia monoparental e, depois, estendido at\u00e9&nbsp;31 de dezembro&nbsp;de 2020 em at\u00e9 quatro parcelas de R$ 300 ou R$ 600 cada. Neste ano, a nova rodada de pagamentos, durante sete meses, tem parcelas de R$ 150 a R$ 375, dependendo do perfil: as fam\u00edlias, em geral, recebem R$ 250; a fam\u00edlia monoparental, chefiada por uma mulher, recebe R$ 375; e pessoas que moram sozinhas recebem R$ 150. Pelas regras estabelecidas, o aux\u00edlio \u00e9 pago \u00e0s fam\u00edlias com renda mensal total de at\u00e9 tr\u00eas sal\u00e1rios m\u00ednimos, desde que a renda por pessoa seja inferior a meio sal\u00e1rio m\u00ednimo. \u00c9 necess\u00e1rio que o benefici\u00e1rio j\u00e1 tenha sido considerado eleg\u00edvel at\u00e9 o m\u00eas&nbsp;de dezembro&nbsp;de 2020, pois n\u00e3o houve nova fase de inscri\u00e7\u00f5es. Para quem recebe o Bolsa Fam\u00edlia, vale a regra do valor mais vantajoso, seja a parcela paga no programa social, seja a do aux\u00edlio emergencial. O programa se encerraria com a\u00a0quarta\u00a0parcela, depositada em julho e sacada em agosto, mas foi\u00a0prorrogado at\u00e9 outubro, com os mesmos valores para o benef\u00edcio. Ag\u00eancia Brasil<\/p>\n","protected":false},"author":6,"featured_media":228916,"comment_status":"closed","ping_status":"closed","sticky":false,"template":"","format":"standard","meta":{"sfsi_plus_gutenberg_text_before_share":"","sfsi_plus_gutenberg_show_text_before_share":"","sfsi_plus_gutenberg_icon_type":"","sfsi_plus_gutenberg_icon_alignemt":"","sfsi_plus_gutenburg_max_per_row":"","footnotes":""},"categories":[50],"tags":[],"class_list":["post-231265","post","type-post","status-publish","format-standard","has-post-thumbnail","hentry","category-destaque"],"_links":{"self":[{"href":"https:\/\/www.caririemacao.com\/1\/wp-json\/wp\/v2\/posts\/231265","targetHints":{"allow":["GET"]}}],"collection":[{"href":"https:\/\/www.caririemacao.com\/1\/wp-json\/wp\/v2\/posts"}],"about":[{"href":"https:\/\/www.caririemacao.com\/1\/wp-json\/wp\/v2\/types\/post"}],"author":[{"embeddable":true,"href":"https:\/\/www.caririemacao.com\/1\/wp-json\/wp\/v2\/users\/6"}],"replies":[{"embeddable":true,"href":"https:\/\/www.caririemacao.com\/1\/wp-json\/wp\/v2\/comments?post=231265"}],"version-history":[{"count":1,"href":"https:\/\/www.caririemacao.com\/1\/wp-json\/wp\/v2\/posts\/231265\/revisions"}],"predecessor-version":[{"id":231266,"href":"https:\/\/www.caririemacao.com\/1\/wp-json\/wp\/v2\/posts\/231265\/revisions\/231266"}],"wp:featuredmedia":[{"embeddable":true,"href":"https:\/\/www.caririemacao.com\/1\/wp-json\/wp\/v2\/media\/228916"}],"wp:attachment":[{"href":"https:\/\/www.caririemacao.com\/1\/wp-json\/wp\/v2\/media?parent=231265"}],"wp:term":[{"taxonomy":"category","embeddable":true,"href":"https:\/\/www.caririemacao.com\/1\/wp-json\/wp\/v2\/categories?post=231265"},{"taxonomy":"post_tag","embeddable":true,"href":"https:\/\/www.caririemacao.com\/1\/wp-json\/wp\/v2\/tags?post=231265"}],"curies":[{"name":"wp","href":"https:\/\/api.w.org\/{rel}","templated":true}]}}