{"id":231606,"date":"2021-09-24T08:11:19","date_gmt":"2021-09-24T11:11:19","guid":{"rendered":"https:\/\/www.caririemacao.com\/1\/?p=231606"},"modified":"2021-09-24T08:11:24","modified_gmt":"2021-09-24T11:11:24","slug":"caixa-paga-6a-parcela-do-auxilio-emergencial-a-nascidos-em-abril","status":"publish","type":"post","link":"https:\/\/www.caririemacao.com\/1\/2021\/09\/24\/caixa-paga-6a-parcela-do-auxilio-emergencial-a-nascidos-em-abril\/","title":{"rendered":"Caixa paga 6\u00aa parcela do aux\u00edlio emergencial a nascidos em abril"},"content":{"rendered":"\n<p class=\"wp-block-paragraph\">Trabalhadores informais nascidos em abril recebem&nbsp;hoje&nbsp;(24) a&nbsp;sexta&nbsp;parcela da nova rodada do aux\u00edlio emergencial. O benef\u00edcio&nbsp;tem&nbsp;parcelas de R$ 150 a R$ 375, dependendo da fam\u00edlia.<img decoding=\"async\" src=\"https:\/\/agenciabrasil.ebc.com.br\/ebc.png?id=1422521&amp;o=node\"><img decoding=\"async\" src=\"https:\/\/agenciabrasil.ebc.com.br\/ebc.gif?id=1422521&amp;o=node\"><\/p>\n\n\n\n<p class=\"wp-block-paragraph\">O pagamento tamb\u00e9m ser\u00e1 feito a inscritos no Cadastro \u00danico de Programas Sociais do Governo Federal (Cad\u00danico) nascidos no mesmo m\u00eas. O dinheiro \u00e9&nbsp;depositado nas contas poupan\u00e7a digitais e poder\u00e1 ser movimentado pelo aplicativo Caixa Tem. Somente de duas a tr\u00eas semanas ap\u00f3s o dep\u00f3sito, o dinheiro poder\u00e1 ser sacado em esp\u00e9cie ou transferido para uma conta corrente.<\/p>\n\n\n\n<p class=\"wp-block-paragraph\">Tamb\u00e9m\u00a0hoje, recebem a\u00a0sexta\u00a0parcela do aux\u00edlio emergencial os participantes no Bolsa Fam\u00edlia com N\u00famero de Inscri\u00e7\u00e3o Social (NIS) de final 6. As datas da\u00a0prorroga\u00e7\u00e3o do benef\u00edcio\u00a0foram anunciadas em agosto.<\/p>\n\n\n\n<p class=\"wp-block-paragraph\">Ao todo 45,6 milh\u00f5es de brasileiros est\u00e3o sendo&nbsp;beneficiados pela nova rodada do aux\u00edlio emergencial. Ele&nbsp;\u00e9&nbsp;pago apenas a quem recebia o benef\u00edcio em dezembro de 2020. Tamb\u00e9m \u00e9 necess\u00e1rio cumprir outros requisitos para&nbsp;ter&nbsp;direito \u00e0 nova rodada (veja abaixo guia de perguntas e respostas).<\/p>\n\n\n\n<figure class=\"wp-block-image\"><img decoding=\"async\" src=\"https:\/\/imagens.ebc.com.br\/iLWIIqempzA_l9vHjz_0esa1Qno=\/754x0\/smart\/https:\/\/agenciabrasil.ebc.com.br\/sites\/default\/files\/thumbnails\/image\/auxilio_emergencial_sexta_parcela.jpg?itok=0qjs7Z78\" alt=\"Calend\u00e1rio de pagamento da sexta parcela do aux\u00edlio emergencial\" title=\"Caixa\/Divulga\u00e7\u00e3o\"\/><\/figure>\n\n\n\n<p class=\"wp-block-paragraph\">Calend\u00e1rio de pagamento da sexta parcela do aux\u00edlio emergencial &#8211;&nbsp;<strong>Caixa\/Divulga\u00e7\u00e3o<\/strong><\/p>\n\n\n\n<p class=\"wp-block-paragraph\">Para os benefici\u00e1rios do Bolsa Fam\u00edlia, o pagamento ocorre de forma distinta. Os inscritos podem sacar diretamente o dinheiro nos dez \u00faltimos dias \u00fateis de cada m\u00eas, com base no d\u00edgito final do NIS.<\/p>\n\n\n\n<p class=\"wp-block-paragraph\">O pagamento da&nbsp;sexta&nbsp;parcela aos inscritos no Bolsa Fam\u00edlia come\u00e7ou no \u00faltimo dia 17 e segue at\u00e9 o dia 30. O aux\u00edlio emergencial somente \u00e9&nbsp;depositado quando o valor \u00e9 superior ao benef\u00edcio do programa social.<\/p>\n\n\n\n<figure class=\"wp-block-image\"><img decoding=\"async\" src=\"https:\/\/imagens.ebc.com.br\/l1E9mEBaq2Yka0OEJ4rwyex8BBA=\/754x0\/smart\/https:\/\/agenciabrasil.ebc.com.br\/sites\/default\/files\/thumbnails\/image\/auxilio_emergencial_bolsa_familia_sexta_parcela.jpg?itok=KMqbu6AL\" alt=\"Calend\u00e1rio de pagamento da sexta parcela do aux\u00edlio emergencial para benefici\u00e1rios do Bolsa Fam\u00edlia\" title=\"Divulga\u00e7\u00e3o\/Caixa\"\/><\/figure>\n\n\n\n<p class=\"wp-block-paragraph\">Calend\u00e1rio de pagamento da sexta parcela do aux\u00edlio emergencial para benefici\u00e1rios do Bolsa Fam\u00edlia &#8211;&nbsp;<strong>Divulga\u00e7\u00e3o\/Caixa<\/strong><\/p>\n\n\n\n<p class=\"wp-block-paragraph\">Em todos os casos, o aux\u00edlio \u00e9&nbsp;pago apenas a quem recebia o benef\u00edcio em dezembro de 2020. Tamb\u00e9m \u00e9 necess\u00e1rio cumprir outros requisitos para&nbsp;ter&nbsp;direito \u00e0 nova rodada.<\/p>\n\n\n\n<p class=\"wp-block-paragraph\">O programa se encerraria em julho, mas foi&nbsp;<a href=\"https:\/\/agenciabrasil.ebc.com.br\/politica\/noticia\/2021-07\/governo-prorroga-auxilio-emergencial-por-mais-tres-meses\" target=\"_blank\" rel=\"noreferrer noopener\">prorrogado at\u00e9 outubro<\/a>, com os mesmos valores para as parcelas.<\/p>\n\n\n\n<p class=\"wp-block-paragraph\">\u00a0Ag\u00eancia Brasil\u00a0<\/p>\n","protected":false},"excerpt":{"rendered":"<p>Trabalhadores informais nascidos em abril recebem&nbsp;hoje&nbsp;(24) a&nbsp;sexta&nbsp;parcela da nova rodada do aux\u00edlio emergencial. O benef\u00edcio&nbsp;tem&nbsp;parcelas de R$ 150 a R$ 375, dependendo da fam\u00edlia. O pagamento tamb\u00e9m ser\u00e1 feito a inscritos no Cadastro \u00danico de Programas Sociais do Governo Federal (Cad\u00danico) nascidos no mesmo m\u00eas. O dinheiro \u00e9&nbsp;depositado nas contas poupan\u00e7a digitais e poder\u00e1 ser movimentado pelo aplicativo Caixa Tem. Somente de duas a tr\u00eas semanas ap\u00f3s o dep\u00f3sito, o dinheiro poder\u00e1 ser sacado em esp\u00e9cie ou transferido para uma conta corrente. Tamb\u00e9m\u00a0hoje, recebem a\u00a0sexta\u00a0parcela do aux\u00edlio emergencial os participantes no Bolsa Fam\u00edlia com N\u00famero de Inscri\u00e7\u00e3o Social (NIS) de final 6. As datas da\u00a0prorroga\u00e7\u00e3o do benef\u00edcio\u00a0foram anunciadas em agosto. Ao todo 45,6 milh\u00f5es de brasileiros est\u00e3o sendo&nbsp;beneficiados pela nova rodada do aux\u00edlio emergencial. Ele&nbsp;\u00e9&nbsp;pago apenas a quem recebia o benef\u00edcio em dezembro de 2020. Tamb\u00e9m \u00e9 necess\u00e1rio cumprir outros requisitos para&nbsp;ter&nbsp;direito \u00e0 nova rodada (veja abaixo guia de perguntas e respostas). Calend\u00e1rio de pagamento da sexta parcela do aux\u00edlio emergencial &#8211;&nbsp;Caixa\/Divulga\u00e7\u00e3o Para os benefici\u00e1rios do Bolsa Fam\u00edlia, o pagamento ocorre de forma distinta. Os inscritos podem sacar diretamente o dinheiro nos dez \u00faltimos dias \u00fateis de cada m\u00eas, com base no d\u00edgito final do NIS. O pagamento da&nbsp;sexta&nbsp;parcela aos inscritos no Bolsa Fam\u00edlia come\u00e7ou no \u00faltimo dia 17 e segue at\u00e9 o dia 30. O aux\u00edlio emergencial somente \u00e9&nbsp;depositado quando o valor \u00e9 superior ao benef\u00edcio do programa social. Calend\u00e1rio de pagamento da sexta parcela do aux\u00edlio emergencial para benefici\u00e1rios do Bolsa Fam\u00edlia &#8211;&nbsp;Divulga\u00e7\u00e3o\/Caixa Em todos os casos, o aux\u00edlio \u00e9&nbsp;pago apenas a quem recebia o benef\u00edcio em dezembro de 2020. Tamb\u00e9m \u00e9 necess\u00e1rio cumprir outros requisitos para&nbsp;ter&nbsp;direito \u00e0 nova rodada. O programa se encerraria em julho, mas foi&nbsp;prorrogado at\u00e9 outubro, com os mesmos valores para as parcelas. \u00a0Ag\u00eancia Brasil\u00a0<\/p>\n","protected":false},"author":6,"featured_media":231607,"comment_status":"closed","ping_status":"closed","sticky":false,"template":"","format":"standard","meta":{"sfsi_plus_gutenberg_text_before_share":"","sfsi_plus_gutenberg_show_text_before_share":"","sfsi_plus_gutenberg_icon_type":"","sfsi_plus_gutenberg_icon_alignemt":"","sfsi_plus_gutenburg_max_per_row":"","footnotes":""},"categories":[50,107],"tags":[],"class_list":["post-231606","post","type-post","status-publish","format-standard","has-post-thumbnail","hentry","category-destaque","category-economia"],"_links":{"self":[{"href":"https:\/\/www.caririemacao.com\/1\/wp-json\/wp\/v2\/posts\/231606","targetHints":{"allow":["GET"]}}],"collection":[{"href":"https:\/\/www.caririemacao.com\/1\/wp-json\/wp\/v2\/posts"}],"about":[{"href":"https:\/\/www.caririemacao.com\/1\/wp-json\/wp\/v2\/types\/post"}],"author":[{"embeddable":true,"href":"https:\/\/www.caririemacao.com\/1\/wp-json\/wp\/v2\/users\/6"}],"replies":[{"embeddable":true,"href":"https:\/\/www.caririemacao.com\/1\/wp-json\/wp\/v2\/comments?post=231606"}],"version-history":[{"count":1,"href":"https:\/\/www.caririemacao.com\/1\/wp-json\/wp\/v2\/posts\/231606\/revisions"}],"predecessor-version":[{"id":231608,"href":"https:\/\/www.caririemacao.com\/1\/wp-json\/wp\/v2\/posts\/231606\/revisions\/231608"}],"wp:featuredmedia":[{"embeddable":true,"href":"https:\/\/www.caririemacao.com\/1\/wp-json\/wp\/v2\/media\/231607"}],"wp:attachment":[{"href":"https:\/\/www.caririemacao.com\/1\/wp-json\/wp\/v2\/media?parent=231606"}],"wp:term":[{"taxonomy":"category","embeddable":true,"href":"https:\/\/www.caririemacao.com\/1\/wp-json\/wp\/v2\/categories?post=231606"},{"taxonomy":"post_tag","embeddable":true,"href":"https:\/\/www.caririemacao.com\/1\/wp-json\/wp\/v2\/tags?post=231606"}],"curies":[{"name":"wp","href":"https:\/\/api.w.org\/{rel}","templated":true}]}}