{"id":231701,"date":"2021-09-25T09:37:29","date_gmt":"2021-09-25T12:37:29","guid":{"rendered":"https:\/\/www.caririemacao.com\/1\/?p=231701"},"modified":"2021-09-25T09:37:32","modified_gmt":"2021-09-25T12:37:32","slug":"semob-bloqueia-trecho-da-avenida-panoramica-em-joao-pessoa-para-realizacao-da-copa-brasil-de-paraciclismo","status":"publish","type":"post","link":"https:\/\/www.caririemacao.com\/1\/2021\/09\/25\/semob-bloqueia-trecho-da-avenida-panoramica-em-joao-pessoa-para-realizacao-da-copa-brasil-de-paraciclismo\/","title":{"rendered":"Semob bloqueia trecho da Avenida Panor\u00e2mica, em Jo\u00e3o Pessoa, para realiza\u00e7\u00e3o da Copa Brasil de Paraciclismo"},"content":{"rendered":"\n<p class=\"wp-block-paragraph\">Para garantir a seguran\u00e7a vi\u00e1ria dos participantes da 1\u00aa etapa da Copa Brasil de Paraciclismo, que ser\u00e1 realizada neste fim de semana em Jo\u00e3o Pessoa, a Superintend\u00eancia Executiva de Mobilidade Urbana (Semob-JP) informa, que o trecho da Avenida Panor\u00e2mica, entre a Esta\u00e7\u00e3o Cabo Branco \u2013 Ci\u00eancia, Cultura e Arte e a entrada do bairro da Penha, estar\u00e1 sendo isolado para uso apenas dos participantes do evento.<\/p>\n\n\n\n<p class=\"wp-block-paragraph\">De acordo com o superintendente da Semob-JP, George Morais, a Prefeitura de Jo\u00e3o Pessoa est\u00e1 dando total apoio ao evento e, a Semob-JP, estar\u00e1 presente para assegurar a pr\u00e1tica do esporte em todo o circuito. \u201cVamos manter este esquema especial tanto no s\u00e1bado, quanto no domingo a pedido da Secretaria de Juventude, Esporte e Recrea\u00e7\u00e3o e, orientamos aos que n\u00e3o estejam inscritos, que busquem outras rotas para atividades f\u00edsicas, de lazer ou apenas de deslocamento neste final de semana\u201d, ressaltou.<\/p>\n\n\n\n<p class=\"wp-block-paragraph\">R\u00f4mulo Ara\u00fajo, chefe da Divis\u00e3o de Mobilidade Urbana (Dmob), explica que os agentes da Semob-JP estar\u00e3o dando apoio na localidade e, entre 7h e 13h, os bloqueios estar\u00e3o montados para impedir o acesso de ve\u00edculos. \u201cNo total ser\u00e3o quatro pontos de bloqueios, sendo um na Esta\u00e7\u00e3o Cabo Branco, outro no posto de combust\u00edveis na entrada da Penha e os demais na Rua Ricardo Albuquerque Campos e Aderbal Maia Paiva\u201d, explicou R\u00f4mulo Ara\u00fajo.&nbsp;&nbsp;<\/p>\n\n\n\n<p class=\"wp-block-paragraph\"><strong>Como vai ficar<\/strong><\/p>\n\n\n\n<p class=\"wp-block-paragraph\">Quem seguir pela PB-008, sentido Jacar\u00e9\/Altiplano, poder\u00e1 entrar a direita no acesso a Praia da Penha ou contornar a esquerda para Avenida Hilton Souto Maior. Quem vier pela Avenida Hilton Souto Maior, sentido Mangabeira\/Penha poder\u00e1 entra a direita na PB-008 e seguir por Jacarap\u00e9 ou contornar a esquerda para ter acesso a Praia da Penha.<\/p>\n\n\n\n<figure class=\"wp-block-image\"><img decoding=\"async\" src=\"https:\/\/www.clickpb.com.br\/media\/filer_public\/62\/93\/62934a96-c6ae-4932-850d-61e5bf41d7ca\/copa_do_brasil_paraciclismo.jpeg\" alt=\"\"\/><\/figure>\n\n\n\n<p class=\"wp-block-paragraph\">ClickPB<\/p>\n","protected":false},"excerpt":{"rendered":"<p>Para garantir a seguran\u00e7a vi\u00e1ria dos participantes da 1\u00aa etapa da Copa Brasil de Paraciclismo, que ser\u00e1 realizada neste fim de semana em Jo\u00e3o Pessoa, a Superintend\u00eancia Executiva de Mobilidade Urbana (Semob-JP) informa, que o trecho da Avenida Panor\u00e2mica, entre a Esta\u00e7\u00e3o Cabo Branco \u2013 Ci\u00eancia, Cultura e Arte e a entrada do bairro da Penha, estar\u00e1 sendo isolado para uso apenas dos participantes do evento. De acordo com o superintendente da Semob-JP, George Morais, a Prefeitura de Jo\u00e3o Pessoa est\u00e1 dando total apoio ao evento e, a Semob-JP, estar\u00e1 presente para assegurar a pr\u00e1tica do esporte em todo o circuito. \u201cVamos manter este esquema especial tanto no s\u00e1bado, quanto no domingo a pedido da Secretaria de Juventude, Esporte e Recrea\u00e7\u00e3o e, orientamos aos que n\u00e3o estejam inscritos, que busquem outras rotas para atividades f\u00edsicas, de lazer ou apenas de deslocamento neste final de semana\u201d, ressaltou. R\u00f4mulo Ara\u00fajo, chefe da Divis\u00e3o de Mobilidade Urbana (Dmob), explica que os agentes da Semob-JP estar\u00e3o dando apoio na localidade e, entre 7h e 13h, os bloqueios estar\u00e3o montados para impedir o acesso de ve\u00edculos. \u201cNo total ser\u00e3o quatro pontos de bloqueios, sendo um na Esta\u00e7\u00e3o Cabo Branco, outro no posto de combust\u00edveis na entrada da Penha e os demais na Rua Ricardo Albuquerque Campos e Aderbal Maia Paiva\u201d, explicou R\u00f4mulo Ara\u00fajo.&nbsp;&nbsp; Como vai ficar Quem seguir pela PB-008, sentido Jacar\u00e9\/Altiplano, poder\u00e1 entrar a direita no acesso a Praia da Penha ou contornar a esquerda para Avenida Hilton Souto Maior. Quem vier pela Avenida Hilton Souto Maior, sentido Mangabeira\/Penha poder\u00e1 entra a direita na PB-008 e seguir por Jacarap\u00e9 ou contornar a esquerda para ter acesso a Praia da Penha. ClickPB<\/p>\n","protected":false},"author":6,"featured_media":231702,"comment_status":"closed","ping_status":"closed","sticky":false,"template":"","format":"standard","meta":{"sfsi_plus_gutenberg_text_before_share":"","sfsi_plus_gutenberg_show_text_before_share":"","sfsi_plus_gutenberg_icon_type":"","sfsi_plus_gutenberg_icon_alignemt":"","sfsi_plus_gutenburg_max_per_row":"","footnotes":""},"categories":[115],"tags":[],"class_list":["post-231701","post","type-post","status-publish","format-standard","has-post-thumbnail","hentry","category-joao-pessoa"],"_links":{"self":[{"href":"https:\/\/www.caririemacao.com\/1\/wp-json\/wp\/v2\/posts\/231701","targetHints":{"allow":["GET"]}}],"collection":[{"href":"https:\/\/www.caririemacao.com\/1\/wp-json\/wp\/v2\/posts"}],"about":[{"href":"https:\/\/www.caririemacao.com\/1\/wp-json\/wp\/v2\/types\/post"}],"author":[{"embeddable":true,"href":"https:\/\/www.caririemacao.com\/1\/wp-json\/wp\/v2\/users\/6"}],"replies":[{"embeddable":true,"href":"https:\/\/www.caririemacao.com\/1\/wp-json\/wp\/v2\/comments?post=231701"}],"version-history":[{"count":1,"href":"https:\/\/www.caririemacao.com\/1\/wp-json\/wp\/v2\/posts\/231701\/revisions"}],"predecessor-version":[{"id":231703,"href":"https:\/\/www.caririemacao.com\/1\/wp-json\/wp\/v2\/posts\/231701\/revisions\/231703"}],"wp:featuredmedia":[{"embeddable":true,"href":"https:\/\/www.caririemacao.com\/1\/wp-json\/wp\/v2\/media\/231702"}],"wp:attachment":[{"href":"https:\/\/www.caririemacao.com\/1\/wp-json\/wp\/v2\/media?parent=231701"}],"wp:term":[{"taxonomy":"category","embeddable":true,"href":"https:\/\/www.caririemacao.com\/1\/wp-json\/wp\/v2\/categories?post=231701"},{"taxonomy":"post_tag","embeddable":true,"href":"https:\/\/www.caririemacao.com\/1\/wp-json\/wp\/v2\/tags?post=231701"}],"curies":[{"name":"wp","href":"https:\/\/api.w.org\/{rel}","templated":true}]}}