{"id":232344,"date":"2021-10-03T12:27:34","date_gmt":"2021-10-03T15:27:34","guid":{"rendered":"https:\/\/www.caririemacao.com\/1\/?p=232344"},"modified":"2021-10-03T12:27:39","modified_gmt":"2021-10-03T15:27:39","slug":"vacina-da-pfizer-e-a-mais-distribuida-aos-estados-em-agosto-e-setembro","status":"publish","type":"post","link":"https:\/\/www.caririemacao.com\/1\/2021\/10\/03\/vacina-da-pfizer-e-a-mais-distribuida-aos-estados-em-agosto-e-setembro\/","title":{"rendered":"Vacina da Pfizer \u00e9 a mais distribu\u00edda aos estados em agosto e setembro"},"content":{"rendered":"\n<p class=\"wp-block-paragraph\">Inicialmente rejeitada pelo governo federal, a vacina da Pfizer representa 51% das doses distribu\u00eddas aos estados nos \u00faltimos dois meses, liderando as entregas da pasta em agosto e setembro.<\/p>\n\n\n\n<p class=\"wp-block-paragraph\">Foram 60 milh\u00f5es de doses neste per\u00edodo, sendo 26 milh\u00f5es em agosto e 34 milh\u00f5es em setembro. Em rela\u00e7\u00e3o \u00e0 Fiocruz\/AstraZeneca, foram distribu\u00eddos 22 milh\u00f5es de doses nos \u00faltimos dois meses. No mesmo per\u00edodo, foram 36 milh\u00f5es do Instituto Butantan\/Sinovac e 100 mil da Janssen.<\/p>\n\n\n\n<p class=\"wp-block-paragraph\">O governo federal demorou sete meses para fechar contrato ap\u00f3s a primeira oferta Pfizer, que previa que as primeiras entregas fossem feitas ainda em dezembro de 2020. Na verdade, aconteceram no final de abril de 2021.<\/p>\n\n\n\n<p class=\"wp-block-paragraph\">A Pfizer teve ao menos 53 emails sem respostas por parte do governo, segundo o vice-presidente da comiss\u00e3o da CPI da Covid, Randolfe Rodrigues (Rede-AP). A demora foi motivo de investiga\u00e7\u00e3o da comiss\u00e3o.<\/p>\n\n\n\n<p class=\"wp-block-paragraph\">As correspond\u00eancias foram direcionadas para todas as pessoas do alto escal\u00e3o da Sa\u00fade na gest\u00e3o do ent\u00e3o ministro Eduardo Pazuello, e encaminhadas tamb\u00e9m para membros do Pal\u00e1cio do Planalto.<\/p>\n\n\n\n<p class=\"wp-block-paragraph\">O Minist\u00e9rio da Sa\u00fade chegou a divulgar uma nota dizendo que &#8220;cl\u00e1usulas leoninas&#8221; da empresa norte-americana criavam barreiras nas negocia\u00e7\u00f5es. A pasta s\u00f3 firmou acordo com o laborat\u00f3rio em 19 de mar\u00e7o deste ano, gra\u00e7as a uma lei de iniciativa do Congresso.<\/p>\n\n\n\n<p class=\"wp-block-paragraph\">A resist\u00eancia do governo em adquirir as vacinas da Pfizer possibilitou a abertura da porteira da Sa\u00fade para a s\u00e9rie de negocia\u00e7\u00f5es suspeitas na aquisi\u00e7\u00e3o de imunizantes. Nesse intervalo, a pasta discutiu ofertas de vacinas com entregas improv\u00e1veis, al\u00e9m da compra de germicida no auge da pandemia.<\/p>\n\n\n\n<p class=\"wp-block-paragraph\">Segundo a Pfizer, a previs\u00e3o \u00e9 entregar todas as doses referentes ao primeiro contrato com o Minist\u00e9rio da Sa\u00fade at\u00e9 este domingo (3). Um novo compromisso foi assinado em maio para entrega de mais 100 milh\u00f5es de doses.<\/p>\n\n\n\n<p class=\"wp-block-paragraph\">No Brasil, j\u00e1 foram distribu\u00eddos 301 milh\u00f5es de doses de vacina contra a Covid-19 at\u00e9 a \u00faltima sexta-feira (1\u00b0). Apesar da Pfizer liderar o n\u00famero de entregas nos dois \u00faltimos meses, as vacinas da Fiocruz\/AstraZeneca e do Instituto Butantan\/Sinovac foram as mais distribu\u00eddas, na soma total, at\u00e9 o momento.<\/p>\n\n\n\n<p class=\"wp-block-paragraph\">Nos quantitativos de distribui\u00e7\u00e3o est\u00e3o as doses de contratos diretos do governo com os laborat\u00f3rios, as que foram adquiridas atrav\u00e9s do cons\u00f3rcio Covax Facility e outras doadas ao PNI (Programa Nacional de Imuniza\u00e7\u00e3o).<\/p>\n\n\n\n<p class=\"wp-block-paragraph\">Al\u00e9m disso, h\u00e1 17 milh\u00f5es de doses na pasta em fase de libera\u00e7\u00e3o da Pfizer, do Instituto Butantan, da Fiocruz e doses da Coronavac por meio do cons\u00f3rcio Covax Facility.<\/p>\n\n\n\n<p class=\"wp-block-paragraph\">Em contratos j\u00e1 firmados diretamente com os laborat\u00f3rios, a pasta ainda precisa receber 100 milh\u00f5es de doses da Pfizer, 36,1 milh\u00f5es da Janssen e 70 milh\u00f5es da AstraZeneca. H\u00e1 previs\u00e3o de doses tamb\u00e9m por meio do cons\u00f3rcio Covax Facility e com contratos ainda em tratativa.<\/p>\n\n\n\n<p class=\"wp-block-paragraph\">O Instituto Butantan, que tamb\u00e9m demorou a conseguir fechar contrato com a pasta por resist\u00eancia do governo, finalizou a entrega dos 100 milh\u00f5es de doses ao PNI, referentes a dois contratos.<\/p>\n\n\n\n<p class=\"wp-block-paragraph\">Foi por&nbsp;causa da Coronavac que o pa\u00eds conseguiu come\u00e7ar a imuniza\u00e7\u00e3o em 17 de janeiro deste ano. A primeira pessoa escolhida foi a enfermeira Monica Calazans, em S\u00e3o Paulo.<\/p>\n\n\n\n<p class=\"wp-block-paragraph\">Ela recebeu o imunizante depois que a Anvisa aprovou o seu uso emergencial. A profissional participou dos ensaios cl\u00ednicos da vacina, mas estava no grupo placebo.<\/p>\n\n\n\n<p class=\"wp-block-paragraph\">&#8220;O Minist\u00e9rio da Sa\u00fade informa que j\u00e1 foram contratadas mais de 600 milh\u00f5es de doses de vacinas Covid-19 apenas neste ano. O quantitativo \u00e9 suficiente para concluir a vacina\u00e7\u00e3o de toda a popula\u00e7\u00e3o brasileira com duas doses e a dose de refor\u00e7o em idosos acima de 60 anos e imunossuprimidos&#8221;, disse a pasta em nota.<\/p>\n\n\n\n<p class=\"wp-block-paragraph\">No pa\u00eds, 93,3% da popula\u00e7\u00e3o com mais de 18 anos j\u00e1 recebeu ao menos uma dose (a primeira dose de alguma vacina ou o imunizante de dose \u00fanica) e 57,1% (tamb\u00e9m com mais de 18 anos) recebeu as duas doses recebidas ou a dose \u00fanica da Janssen.<\/p>\n\n\n\n<p class=\"wp-block-paragraph\">Nas \u00faltimas semanas, adolescentes de 12 a 17 anos foram inclu\u00eddos no grupo de vacina\u00e7\u00e3o pela pasta. J\u00e1 os idosos a partir dos 60 anos, imunossuprimidos e profissionais de sa\u00fade passaram a receber doses de refor\u00e7o.<\/p>\n\n\n\n<p class=\"wp-block-paragraph\">Mauro Junqueira, secret\u00e1rio-executivo do Conasems (Conselho Nacional de Secretarias Municipais de Sa\u00fade), disse que a estrat\u00e9gia do Minist\u00e9rio da Sa\u00fade de fechar contrato com os laborat\u00f3rios que tinham imunizantes dispon\u00edveis foi importante para garantir que o pa\u00eds ficasse abastecido durante todo o ano.<\/p>\n\n\n\n<p class=\"wp-block-paragraph\">&#8220;Os n\u00fameros da pandemia ainda s\u00e3o preocupantes, mas bem melhor que cen\u00e1rios anteriores com a vacina\u00e7\u00e3o. Estamos diariamente fechando leitos porque o n\u00famero de pacientes reduziu com o programa de imuniza\u00e7\u00e3o&#8221;, disse.<\/p>\n\n\n\n<p class=\"wp-block-paragraph\">Para o pr\u00f3ximo ano, o Minist\u00e9rio da Sa\u00fade informou que mant\u00e9m di\u00e1logo com laborat\u00f3rios para analisar a aquisi\u00e7\u00e3o de doses para um poss\u00edvel novo ciclo de imuniza\u00e7\u00e3o.<\/p>\n\n\n\n<p class=\"wp-block-paragraph\">O ministro da Sa\u00fade substituto, Rodrigo Cruz, disse em reuni\u00e3o da Comiss\u00e3o Intergestores Tripartite, na quinta-feira (30), que o planejamento da vacina\u00e7\u00e3o para 2022 est\u00e1 caminhando.<\/p>\n\n\n\n<p class=\"wp-block-paragraph\">&#8220;A gente j\u00e1 tem duas vacinas com registro definitivo da Anvisa, que s\u00e3o a AstraZeneca e a Pfizer. A gente tem caminhado em negocia\u00e7\u00f5es com os laborat\u00f3rios que j\u00e1 t\u00eam uma oferta para a gente&#8221;, disse.<\/p>\n\n\n\n<p class=\"wp-block-paragraph\">&#8220;Hoje, os estudos apontam necessidade de uma dose de refor\u00e7o para a popula\u00e7\u00e3o vacinada. Por \u00f3bvio, a gente n\u00e3o tem garantia e no futuro isso pode ser alterado, mas em breve a gente vai trazer a not\u00edcia do nosso processo de planejamento de aquisi\u00e7\u00e3o de vacina para 2022&#8221;, finalizou.<\/p>\n\n\n\n<p class=\"wp-block-paragraph\">Como mostrou a Folha de S.Paulo, o governo Jair Bolsonaro (sem partido) reservou para compras de vacina contra a Covid-19 em 2022 um valor 85% menor do que o previsto para 2021.<\/p>\n\n\n\n<p class=\"wp-block-paragraph\">De acordo com o Or\u00e7amento do ano que vem apresentado ao Congresso em agosto, ser\u00e3o R$ 3,9 bilh\u00f5es para aquisi\u00e7\u00e3o de imunizantes, contra R$ 27,8 bilh\u00f5es autorizados para a mesma finalidade neste ano.<\/p>\n\n\n\n<p class=\"wp-block-paragraph\">FolhaPress<\/p>\n","protected":false},"excerpt":{"rendered":"<p>Inicialmente rejeitada pelo governo federal, a vacina da Pfizer representa 51% das doses distribu\u00eddas aos estados nos \u00faltimos dois meses, liderando as entregas da pasta em agosto e setembro. Foram 60 milh\u00f5es de doses neste per\u00edodo, sendo 26 milh\u00f5es em agosto e 34 milh\u00f5es em setembro. Em rela\u00e7\u00e3o \u00e0 Fiocruz\/AstraZeneca, foram distribu\u00eddos 22 milh\u00f5es de doses nos \u00faltimos dois meses. No mesmo per\u00edodo, foram 36 milh\u00f5es do Instituto Butantan\/Sinovac e 100 mil da Janssen. O governo federal demorou sete meses para fechar contrato ap\u00f3s a primeira oferta Pfizer, que previa que as primeiras entregas fossem feitas ainda em dezembro de 2020. Na verdade, aconteceram no final de abril de 2021. A Pfizer teve ao menos 53 emails sem respostas por parte do governo, segundo o vice-presidente da comiss\u00e3o da CPI da Covid, Randolfe Rodrigues (Rede-AP). A demora foi motivo de investiga\u00e7\u00e3o da comiss\u00e3o. As correspond\u00eancias foram direcionadas para todas as pessoas do alto escal\u00e3o da Sa\u00fade na gest\u00e3o do ent\u00e3o ministro Eduardo Pazuello, e encaminhadas tamb\u00e9m para membros do Pal\u00e1cio do Planalto. O Minist\u00e9rio da Sa\u00fade chegou a divulgar uma nota dizendo que &#8220;cl\u00e1usulas leoninas&#8221; da empresa norte-americana criavam barreiras nas negocia\u00e7\u00f5es. A pasta s\u00f3 firmou acordo com o laborat\u00f3rio em 19 de mar\u00e7o deste ano, gra\u00e7as a uma lei de iniciativa do Congresso. A resist\u00eancia do governo em adquirir as vacinas da Pfizer possibilitou a abertura da porteira da Sa\u00fade para a s\u00e9rie de negocia\u00e7\u00f5es suspeitas na aquisi\u00e7\u00e3o de imunizantes. Nesse intervalo, a pasta discutiu ofertas de vacinas com entregas improv\u00e1veis, al\u00e9m da compra de germicida no auge da pandemia. Segundo a Pfizer, a previs\u00e3o \u00e9 entregar todas as doses referentes ao primeiro contrato com o Minist\u00e9rio da Sa\u00fade at\u00e9 este domingo (3). Um novo compromisso foi assinado em maio para entrega de mais 100 milh\u00f5es de doses. No Brasil, j\u00e1 foram distribu\u00eddos 301 milh\u00f5es de doses de vacina contra a Covid-19 at\u00e9 a \u00faltima sexta-feira (1\u00b0). Apesar da Pfizer liderar o n\u00famero de entregas nos dois \u00faltimos meses, as vacinas da Fiocruz\/AstraZeneca e do Instituto Butantan\/Sinovac foram as mais distribu\u00eddas, na soma total, at\u00e9 o momento. Nos quantitativos de distribui\u00e7\u00e3o est\u00e3o as doses de contratos diretos do governo com os laborat\u00f3rios, as que foram adquiridas atrav\u00e9s do cons\u00f3rcio Covax Facility e outras doadas ao PNI (Programa Nacional de Imuniza\u00e7\u00e3o). Al\u00e9m disso, h\u00e1 17 milh\u00f5es de doses na pasta em fase de libera\u00e7\u00e3o da Pfizer, do Instituto Butantan, da Fiocruz e doses da Coronavac por meio do cons\u00f3rcio Covax Facility. Em contratos j\u00e1 firmados diretamente com os laborat\u00f3rios, a pasta ainda precisa receber 100 milh\u00f5es de doses da Pfizer, 36,1 milh\u00f5es da Janssen e 70 milh\u00f5es da AstraZeneca. H\u00e1 previs\u00e3o de doses tamb\u00e9m por meio do cons\u00f3rcio Covax Facility e com contratos ainda em tratativa. O Instituto Butantan, que tamb\u00e9m demorou a conseguir fechar contrato com a pasta por resist\u00eancia do governo, finalizou a entrega dos 100 milh\u00f5es de doses ao PNI, referentes a dois contratos. Foi por&nbsp;causa da Coronavac que o pa\u00eds conseguiu come\u00e7ar a imuniza\u00e7\u00e3o em 17 de janeiro deste ano. A primeira pessoa escolhida foi a enfermeira Monica Calazans, em S\u00e3o Paulo. Ela recebeu o imunizante depois que a Anvisa aprovou o seu uso emergencial. A profissional participou dos ensaios cl\u00ednicos da vacina, mas estava no grupo placebo. &#8220;O Minist\u00e9rio da Sa\u00fade informa que j\u00e1 foram contratadas mais de 600 milh\u00f5es de doses de vacinas Covid-19 apenas neste ano. O quantitativo \u00e9 suficiente para concluir a vacina\u00e7\u00e3o de toda a popula\u00e7\u00e3o brasileira com duas doses e a dose de refor\u00e7o em idosos acima de 60 anos e imunossuprimidos&#8221;, disse a pasta em nota. No pa\u00eds, 93,3% da popula\u00e7\u00e3o com mais de 18 anos j\u00e1 recebeu ao menos uma dose (a primeira dose de alguma vacina ou o imunizante de dose \u00fanica) e 57,1% (tamb\u00e9m com mais de 18 anos) recebeu as duas doses recebidas ou a dose \u00fanica da Janssen. Nas \u00faltimas semanas, adolescentes de 12 a 17 anos foram inclu\u00eddos no grupo de vacina\u00e7\u00e3o pela pasta. J\u00e1 os idosos a partir dos 60 anos, imunossuprimidos e profissionais de sa\u00fade passaram a receber doses de refor\u00e7o. Mauro Junqueira, secret\u00e1rio-executivo do Conasems (Conselho Nacional de Secretarias Municipais de Sa\u00fade), disse que a estrat\u00e9gia do Minist\u00e9rio da Sa\u00fade de fechar contrato com os laborat\u00f3rios que tinham imunizantes dispon\u00edveis foi importante para garantir que o pa\u00eds ficasse abastecido durante todo o ano. &#8220;Os n\u00fameros da pandemia ainda s\u00e3o preocupantes, mas bem melhor que cen\u00e1rios anteriores com a vacina\u00e7\u00e3o. Estamos diariamente fechando leitos porque o n\u00famero de pacientes reduziu com o programa de imuniza\u00e7\u00e3o&#8221;, disse. Para o pr\u00f3ximo ano, o Minist\u00e9rio da Sa\u00fade informou que mant\u00e9m di\u00e1logo com laborat\u00f3rios para analisar a aquisi\u00e7\u00e3o de doses para um poss\u00edvel novo ciclo de imuniza\u00e7\u00e3o. O ministro da Sa\u00fade substituto, Rodrigo Cruz, disse em reuni\u00e3o da Comiss\u00e3o Intergestores Tripartite, na quinta-feira (30), que o planejamento da vacina\u00e7\u00e3o para 2022 est\u00e1 caminhando. &#8220;A gente j\u00e1 tem duas vacinas com registro definitivo da Anvisa, que s\u00e3o a AstraZeneca e a Pfizer. A gente tem caminhado em negocia\u00e7\u00f5es com os laborat\u00f3rios que j\u00e1 t\u00eam uma oferta para a gente&#8221;, disse. &#8220;Hoje, os estudos apontam necessidade de uma dose de refor\u00e7o para a popula\u00e7\u00e3o vacinada. Por \u00f3bvio, a gente n\u00e3o tem garantia e no futuro isso pode ser alterado, mas em breve a gente vai trazer a not\u00edcia do nosso processo de planejamento de aquisi\u00e7\u00e3o de vacina para 2022&#8221;, finalizou. Como mostrou a Folha de S.Paulo, o governo Jair Bolsonaro (sem partido) reservou para compras de vacina contra a Covid-19 em 2022 um valor 85% menor do que o previsto para 2021. De acordo com o Or\u00e7amento do ano que vem apresentado ao Congresso em agosto, ser\u00e3o R$ 3,9 bilh\u00f5es para aquisi\u00e7\u00e3o de imunizantes, contra R$ 27,8 bilh\u00f5es autorizados para a mesma finalidade neste ano. FolhaPress<\/p>\n","protected":false},"author":6,"featured_media":232345,"comment_status":"closed","ping_status":"closed","sticky":false,"template":"","format":"standard","meta":{"sfsi_plus_gutenberg_text_before_share":"","sfsi_plus_gutenberg_show_text_before_share":"","sfsi_plus_gutenberg_icon_type":"","sfsi_plus_gutenberg_icon_alignemt":"","sfsi_plus_gutenburg_max_per_row":"","footnotes":""},"categories":[2],"tags":[],"class_list":["post-232344","post","type-post","status-publish","format-standard","has-post-thumbnail","hentry","category-geral"],"_links":{"self":[{"href":"https:\/\/www.caririemacao.com\/1\/wp-json\/wp\/v2\/posts\/232344","targetHints":{"allow":["GET"]}}],"collection":[{"href":"https:\/\/www.caririemacao.com\/1\/wp-json\/wp\/v2\/posts"}],"about":[{"href":"https:\/\/www.caririemacao.com\/1\/wp-json\/wp\/v2\/types\/post"}],"author":[{"embeddable":true,"href":"https:\/\/www.caririemacao.com\/1\/wp-json\/wp\/v2\/users\/6"}],"replies":[{"embeddable":true,"href":"https:\/\/www.caririemacao.com\/1\/wp-json\/wp\/v2\/comments?post=232344"}],"version-history":[{"count":1,"href":"https:\/\/www.caririemacao.com\/1\/wp-json\/wp\/v2\/posts\/232344\/revisions"}],"predecessor-version":[{"id":232346,"href":"https:\/\/www.caririemacao.com\/1\/wp-json\/wp\/v2\/posts\/232344\/revisions\/232346"}],"wp:featuredmedia":[{"embeddable":true,"href":"https:\/\/www.caririemacao.com\/1\/wp-json\/wp\/v2\/media\/232345"}],"wp:attachment":[{"href":"https:\/\/www.caririemacao.com\/1\/wp-json\/wp\/v2\/media?parent=232344"}],"wp:term":[{"taxonomy":"category","embeddable":true,"href":"https:\/\/www.caririemacao.com\/1\/wp-json\/wp\/v2\/categories?post=232344"},{"taxonomy":"post_tag","embeddable":true,"href":"https:\/\/www.caririemacao.com\/1\/wp-json\/wp\/v2\/tags?post=232344"}],"curies":[{"name":"wp","href":"https:\/\/api.w.org\/{rel}","templated":true}]}}