{"id":232765,"date":"2021-10-08T02:13:18","date_gmt":"2021-10-08T05:13:18","guid":{"rendered":"https:\/\/www.caririemacao.com\/1\/?p=232765"},"modified":"2021-10-08T02:13:20","modified_gmt":"2021-10-08T05:13:20","slug":"acao-rapida-policia-militar-prende-traficante-com-quase-3kg-de-maconha-em-monteiro","status":"publish","type":"post","link":"https:\/\/www.caririemacao.com\/1\/2021\/10\/08\/acao-rapida-policia-militar-prende-traficante-com-quase-3kg-de-maconha-em-monteiro\/","title":{"rendered":"A\u00c7\u00c3O R\u00c1PIDA: Pol\u00edcia Militar prende traficante com quase 3kg de maconha em Monteiro"},"content":{"rendered":"\n<p class=\"wp-block-paragraph\">Na noite desta quinta-feira (07), por volta das 21h, a For\u00e7a T\u00e1tica do 11\u00ba BPM prendeu um homem por tr\u00e1fico de drogas, nas imedia\u00e7\u00f5es do bairro S\u00e3o Vicente, em Monteiro-PB.<\/p>\n\n\n\n<p class=\"wp-block-paragraph\">Durante as rondas, os policiais militares visualizaram um ve\u00edculo Volkswagen Gol de cor cinza em atitude suspeita, ao tentar abordar o ve\u00edculo o condutor tentou empreender em fuga, mas conseguiu ser parado. Durante a persegui\u00e7\u00e3o, o indiv\u00edduo ainda tentou se desfazer da droga, mas os policiais a apreenderam.<\/p>\n\n\n\n<p class=\"wp-block-paragraph\">Com o acusado foi encontrado quase 3KG(2,93Kg) de uma subst\u00e2ncia an\u00e1loga \u00e0 maconha, al\u00e9m de uma balan\u00e7a de precis\u00e3o. Ap\u00f3s uma consulta dos antecedentes do acusado foi poss\u00edvel constatar que o mesmo j\u00e1 teria respondido pelo crime de tr\u00e1fico de drogas.<\/p>\n\n\n\n<p class=\"wp-block-paragraph\">O acusado, bem como todo o material apreendido, foi conduzido \u00e0 Delegacia de Pol\u00edcia Civil para tomada de medidas legais.<\/p>\n\n\n\n<p class=\"wp-block-paragraph\"><\/p>\n\n\n\n<p class=\"wp-block-paragraph\"><strong>Cariri em A\u00e7\u00e3o <\/strong>com informa\u00e7\u00f5es do 11\u00ba BPM \u2013 Batalh\u00e3o 1\u00ba SGT Ylton Sales Silva (Se\u00e7\u00e3o de Comunica\u00e7\u00e3o Social e Marketing Institucional do 11\u00ba BPM)<\/p>\n","protected":false},"excerpt":{"rendered":"<p>Na noite desta quinta-feira (07), por volta das 21h, a For\u00e7a T\u00e1tica do 11\u00ba BPM prendeu um homem por tr\u00e1fico de drogas, nas imedia\u00e7\u00f5es do bairro S\u00e3o Vicente, em Monteiro-PB. Durante as rondas, os policiais militares visualizaram um ve\u00edculo Volkswagen Gol de cor cinza em atitude suspeita, ao tentar abordar o ve\u00edculo o condutor tentou empreender em fuga, mas conseguiu ser parado. Durante a persegui\u00e7\u00e3o, o indiv\u00edduo ainda tentou se desfazer da droga, mas os policiais a apreenderam. Com o acusado foi encontrado quase 3KG(2,93Kg) de uma subst\u00e2ncia an\u00e1loga \u00e0 maconha, al\u00e9m de uma balan\u00e7a de precis\u00e3o. Ap\u00f3s uma consulta dos antecedentes do acusado foi poss\u00edvel constatar que o mesmo j\u00e1 teria respondido pelo crime de tr\u00e1fico de drogas. O acusado, bem como todo o material apreendido, foi conduzido \u00e0 Delegacia de Pol\u00edcia Civil para tomada de medidas legais. Cariri em A\u00e7\u00e3o com informa\u00e7\u00f5es do 11\u00ba BPM \u2013 Batalh\u00e3o 1\u00ba SGT Ylton Sales Silva (Se\u00e7\u00e3o de Comunica\u00e7\u00e3o Social e Marketing Institucional do 11\u00ba BPM)<\/p>\n","protected":false},"author":2,"featured_media":232767,"comment_status":"closed","ping_status":"closed","sticky":false,"template":"","format":"standard","meta":{"sfsi_plus_gutenberg_text_before_share":"","sfsi_plus_gutenberg_show_text_before_share":"","sfsi_plus_gutenberg_icon_type":"","sfsi_plus_gutenberg_icon_alignemt":"","sfsi_plus_gutenburg_max_per_row":"","footnotes":""},"categories":[1],"tags":[],"class_list":["post-232765","post","type-post","status-publish","format-standard","has-post-thumbnail","hentry","category-o-site"],"_links":{"self":[{"href":"https:\/\/www.caririemacao.com\/1\/wp-json\/wp\/v2\/posts\/232765","targetHints":{"allow":["GET"]}}],"collection":[{"href":"https:\/\/www.caririemacao.com\/1\/wp-json\/wp\/v2\/posts"}],"about":[{"href":"https:\/\/www.caririemacao.com\/1\/wp-json\/wp\/v2\/types\/post"}],"author":[{"embeddable":true,"href":"https:\/\/www.caririemacao.com\/1\/wp-json\/wp\/v2\/users\/2"}],"replies":[{"embeddable":true,"href":"https:\/\/www.caririemacao.com\/1\/wp-json\/wp\/v2\/comments?post=232765"}],"version-history":[{"count":1,"href":"https:\/\/www.caririemacao.com\/1\/wp-json\/wp\/v2\/posts\/232765\/revisions"}],"predecessor-version":[{"id":232768,"href":"https:\/\/www.caririemacao.com\/1\/wp-json\/wp\/v2\/posts\/232765\/revisions\/232768"}],"wp:featuredmedia":[{"embeddable":true,"href":"https:\/\/www.caririemacao.com\/1\/wp-json\/wp\/v2\/media\/232767"}],"wp:attachment":[{"href":"https:\/\/www.caririemacao.com\/1\/wp-json\/wp\/v2\/media?parent=232765"}],"wp:term":[{"taxonomy":"category","embeddable":true,"href":"https:\/\/www.caririemacao.com\/1\/wp-json\/wp\/v2\/categories?post=232765"},{"taxonomy":"post_tag","embeddable":true,"href":"https:\/\/www.caririemacao.com\/1\/wp-json\/wp\/v2\/tags?post=232765"}],"curies":[{"name":"wp","href":"https:\/\/api.w.org\/{rel}","templated":true}]}}