{"id":233886,"date":"2021-10-26T10:26:49","date_gmt":"2021-10-26T13:26:49","guid":{"rendered":"https:\/\/www.caririemacao.com\/1\/?p=233886"},"modified":"2021-10-26T10:26:53","modified_gmt":"2021-10-26T13:26:53","slug":"youtube-derruba-live-em-que-bolsonaro-associa-aids-com-vacina-da-covid-e-suspende-canal-por-uma-semana","status":"publish","type":"post","link":"https:\/\/www.caririemacao.com\/1\/2021\/10\/26\/youtube-derruba-live-em-que-bolsonaro-associa-aids-com-vacina-da-covid-e-suspende-canal-por-uma-semana\/","title":{"rendered":"YouTube derruba live em que Bolsonaro associa Aids com vacina da Covid e suspende canal por uma semana"},"content":{"rendered":"\n<p class=\"wp-block-paragraph\">Na noite desta segunda-feira (25), o YouTube tirou do ar a live semanal do presidente Jair Bolsonaro (sem partido) transmitida na \u00faltima quinta-feira (21). Facebook e Instagram fizeram o mesmo no domingo (24).<\/p>\n\n\n\n<p class=\"wp-block-paragraph\">Nela, Bolsonaro leu uma suposta not\u00edcia que alertava que &#8220;vacinados [contra a Covid] est\u00e3o desenvolvendo a s\u00edndrome da imunodefici\u00eancia adquirida [Aids]&#8221;.<\/p>\n\n\n\n<p class=\"wp-block-paragraph\">M\u00e9dicos, no entanto, afirmam que a associa\u00e7\u00e3o entre o imunizante contra o coronav\u00edrus e a transmiss\u00e3o do HIV, o v\u00edrus da Aids, \u00e9 falsa, inexistente e absurda.<\/p>\n\n\n\n<p class=\"wp-block-paragraph\">A rela\u00e7\u00e3o estabelecida por Bolsonaro gerou revolta nas comunidades m\u00e9dicas e cient\u00edficas nos \u00faltimos dias. Em entrevista \u00e0 reportagem, Carlos Lula, presidente do Conselho Nacional de Secret\u00e1rios de Sa\u00fade (Conass), classificou a live como absurda, tr\u00e1gica, falsa, mentirosa e grotesca.<\/p>\n\n\n\n<p class=\"wp-block-paragraph\">&#8220;Removemos um v\u00eddeo do canal de Jair Bolsonaro por violar as nossas diretrizes de desinforma\u00e7\u00e3o m\u00e9dica sobre a Covid-19 ao alegar que as vacinas n\u00e3o reduzem o risco de contrair a doen\u00e7a e que causam outras doen\u00e7as infecciosas&#8221;, disse o YouTube, em nota.<\/p>\n\n\n\n<p class=\"wp-block-paragraph\">&#8220;As nossas diretrizes est\u00e3o de acordo com a orienta\u00e7\u00e3o das autoridades de sa\u00fade locais e globais, e atualizamos as nossas pol\u00edticas \u00e0 medida que a orienta\u00e7\u00e3o muda. Aplicamos as nossas pol\u00edticas de forma consistente em toda a plataforma, independentemente de quem for o criador ou qual a sua opini\u00e3o pol\u00edtica&#8221;, completou.<\/p>\n\n\n\n<p class=\"wp-block-paragraph\">A plataforma tamb\u00e9m suspendeu por uma semana o canal de Jair Bolsonaro. Ele n\u00e3o poder\u00e1 publicar novos v\u00eddeos nesse per\u00edodo. Caso ele volte a publicar um v\u00eddeo com desinforma\u00e7\u00f5es em 90 dias, a suspens\u00e3o dobrar\u00e1 de tempo.<\/p>\n\n\n\n<p class=\"wp-block-paragraph\">M\u00e9dicos e cientistas ouvidos pela reportagem afirmam que a rela\u00e7\u00e3o entre a vacina contra a Covid-19 e a Aids \u00e9 absurda. Jamal Suleiman, infectologista do Instituto de Infectologia Emilio Ribas, destaca que as vacinas da Covid n\u00e3o utilizam nenhum fragmento de HIV em sua composi\u00e7\u00e3o.<\/p>\n\n\n\n<p class=\"wp-block-paragraph\">Jamal Suleiman, infectologista do Instituto de Infectologia Emilio Ribas, destaca que as vacinas da Covid n\u00e3o utilizam nenhum fragmento de HIV em sua composi\u00e7\u00e3o.<\/p>\n\n\n\n<p class=\"wp-block-paragraph\">Denise Garrett, epidemiologista e vice-presidente do Instituto Sabin (EUA), refor\u00e7a: &#8220;N\u00e3o tem nenhuma possibilidade ou plausabilidade dessas vacinas fazerem isso. A afirma\u00e7\u00e3o \u00e9 absurda e anticient\u00edfica.&#8221;<\/p>\n\n\n\n<p class=\"wp-block-paragraph\">Al\u00e9m disso, enfatiza Suleiman, s\u00e3o doen\u00e7as com transmiss\u00f5es completamente diferentes. Enquanto o HIV \u00e9 transmitido por meio de rela\u00e7\u00f5es sexuais e compartilhamento de seringas, o novo coronav\u00edrus que causa a Covid se espalha por meio da respira\u00e7\u00e3o.<\/p>\n\n\n\n<p class=\"wp-block-paragraph\">&#8220;O presidente tem uma fixa\u00e7\u00e3o anal e precisa ir para o div\u00e3&#8221;, comenta Suleiman. &#8220;Ao dizer isso, o presidente coloca em xeque o PNI [Programa Nacional de Imuniza\u00e7\u00e3o].&#8221;<\/p>\n\n\n\n<p class=\"wp-block-paragraph\">ClickPB<\/p>\n","protected":false},"excerpt":{"rendered":"<p>Na noite desta segunda-feira (25), o YouTube tirou do ar a live semanal do presidente Jair Bolsonaro (sem partido) transmitida na \u00faltima quinta-feira (21). Facebook e Instagram fizeram o mesmo no domingo (24). Nela, Bolsonaro leu uma suposta not\u00edcia que alertava que &#8220;vacinados [contra a Covid] est\u00e3o desenvolvendo a s\u00edndrome da imunodefici\u00eancia adquirida [Aids]&#8221;. M\u00e9dicos, no entanto, afirmam que a associa\u00e7\u00e3o entre o imunizante contra o coronav\u00edrus e a transmiss\u00e3o do HIV, o v\u00edrus da Aids, \u00e9 falsa, inexistente e absurda. A rela\u00e7\u00e3o estabelecida por Bolsonaro gerou revolta nas comunidades m\u00e9dicas e cient\u00edficas nos \u00faltimos dias. Em entrevista \u00e0 reportagem, Carlos Lula, presidente do Conselho Nacional de Secret\u00e1rios de Sa\u00fade (Conass), classificou a live como absurda, tr\u00e1gica, falsa, mentirosa e grotesca. &#8220;Removemos um v\u00eddeo do canal de Jair Bolsonaro por violar as nossas diretrizes de desinforma\u00e7\u00e3o m\u00e9dica sobre a Covid-19 ao alegar que as vacinas n\u00e3o reduzem o risco de contrair a doen\u00e7a e que causam outras doen\u00e7as infecciosas&#8221;, disse o YouTube, em nota. &#8220;As nossas diretrizes est\u00e3o de acordo com a orienta\u00e7\u00e3o das autoridades de sa\u00fade locais e globais, e atualizamos as nossas pol\u00edticas \u00e0 medida que a orienta\u00e7\u00e3o muda. Aplicamos as nossas pol\u00edticas de forma consistente em toda a plataforma, independentemente de quem for o criador ou qual a sua opini\u00e3o pol\u00edtica&#8221;, completou. A plataforma tamb\u00e9m suspendeu por uma semana o canal de Jair Bolsonaro. Ele n\u00e3o poder\u00e1 publicar novos v\u00eddeos nesse per\u00edodo. Caso ele volte a publicar um v\u00eddeo com desinforma\u00e7\u00f5es em 90 dias, a suspens\u00e3o dobrar\u00e1 de tempo. M\u00e9dicos e cientistas ouvidos pela reportagem afirmam que a rela\u00e7\u00e3o entre a vacina contra a Covid-19 e a Aids \u00e9 absurda. Jamal Suleiman, infectologista do Instituto de Infectologia Emilio Ribas, destaca que as vacinas da Covid n\u00e3o utilizam nenhum fragmento de HIV em sua composi\u00e7\u00e3o. Jamal Suleiman, infectologista do Instituto de Infectologia Emilio Ribas, destaca que as vacinas da Covid n\u00e3o utilizam nenhum fragmento de HIV em sua composi\u00e7\u00e3o. Denise Garrett, epidemiologista e vice-presidente do Instituto Sabin (EUA), refor\u00e7a: &#8220;N\u00e3o tem nenhuma possibilidade ou plausabilidade dessas vacinas fazerem isso. A afirma\u00e7\u00e3o \u00e9 absurda e anticient\u00edfica.&#8221; Al\u00e9m disso, enfatiza Suleiman, s\u00e3o doen\u00e7as com transmiss\u00f5es completamente diferentes. Enquanto o HIV \u00e9 transmitido por meio de rela\u00e7\u00f5es sexuais e compartilhamento de seringas, o novo coronav\u00edrus que causa a Covid se espalha por meio da respira\u00e7\u00e3o. &#8220;O presidente tem uma fixa\u00e7\u00e3o anal e precisa ir para o div\u00e3&#8221;, comenta Suleiman. &#8220;Ao dizer isso, o presidente coloca em xeque o PNI [Programa Nacional de Imuniza\u00e7\u00e3o].&#8221; ClickPB<\/p>\n","protected":false},"author":6,"featured_media":233887,"comment_status":"closed","ping_status":"closed","sticky":false,"template":"","format":"standard","meta":{"sfsi_plus_gutenberg_text_before_share":"","sfsi_plus_gutenberg_show_text_before_share":"","sfsi_plus_gutenberg_icon_type":"","sfsi_plus_gutenberg_icon_alignemt":"","sfsi_plus_gutenburg_max_per_row":"","footnotes":""},"categories":[50,98],"tags":[],"class_list":["post-233886","post","type-post","status-publish","format-standard","has-post-thumbnail","hentry","category-destaque","category-presidente"],"_links":{"self":[{"href":"https:\/\/www.caririemacao.com\/1\/wp-json\/wp\/v2\/posts\/233886","targetHints":{"allow":["GET"]}}],"collection":[{"href":"https:\/\/www.caririemacao.com\/1\/wp-json\/wp\/v2\/posts"}],"about":[{"href":"https:\/\/www.caririemacao.com\/1\/wp-json\/wp\/v2\/types\/post"}],"author":[{"embeddable":true,"href":"https:\/\/www.caririemacao.com\/1\/wp-json\/wp\/v2\/users\/6"}],"replies":[{"embeddable":true,"href":"https:\/\/www.caririemacao.com\/1\/wp-json\/wp\/v2\/comments?post=233886"}],"version-history":[{"count":1,"href":"https:\/\/www.caririemacao.com\/1\/wp-json\/wp\/v2\/posts\/233886\/revisions"}],"predecessor-version":[{"id":233888,"href":"https:\/\/www.caririemacao.com\/1\/wp-json\/wp\/v2\/posts\/233886\/revisions\/233888"}],"wp:featuredmedia":[{"embeddable":true,"href":"https:\/\/www.caririemacao.com\/1\/wp-json\/wp\/v2\/media\/233887"}],"wp:attachment":[{"href":"https:\/\/www.caririemacao.com\/1\/wp-json\/wp\/v2\/media?parent=233886"}],"wp:term":[{"taxonomy":"category","embeddable":true,"href":"https:\/\/www.caririemacao.com\/1\/wp-json\/wp\/v2\/categories?post=233886"},{"taxonomy":"post_tag","embeddable":true,"href":"https:\/\/www.caririemacao.com\/1\/wp-json\/wp\/v2\/tags?post=233886"}],"curies":[{"name":"wp","href":"https:\/\/api.w.org\/{rel}","templated":true}]}}