{"id":233892,"date":"2021-10-26T14:49:15","date_gmt":"2021-10-26T17:49:15","guid":{"rendered":"https:\/\/www.caririemacao.com\/1\/?p=233892"},"modified":"2021-10-26T14:50:02","modified_gmt":"2021-10-26T17:50:02","slug":"moacir-rodrigues-irmao-de-romero-declara-que-alianca-entre-ex-prefeito-e-joao-azevedo-sera-discutida-em-brasilia-nesta-terca-feira","status":"publish","type":"post","link":"https:\/\/www.caririemacao.com\/1\/2021\/10\/26\/moacir-rodrigues-irmao-de-romero-declara-que-alianca-entre-ex-prefeito-e-joao-azevedo-sera-discutida-em-brasilia-nesta-terca-feira\/","title":{"rendered":"Moacir Rodrigues, irm\u00e3o de Romero, declara que alian\u00e7a entre ex-prefeito e Jo\u00e3o Azev\u00eado ser\u00e1 discutida em Bras\u00edlia, nesta ter\u00e7a-feira"},"content":{"rendered":"\n<p class=\"wp-block-paragraph\">O deputado estadual Moacir Rodrigues (PSL) declarou nesta ter\u00e7a-feira (26) que a alian\u00e7a entre o seu irm\u00e3o, o ex-prefeito de Campina Grande, Romero Rodrigues (PSD) e o governador da Para\u00edba, Jo\u00e3o Azev\u00eado (Cidadania), para as elei\u00e7\u00f5es de 2022 ser\u00e1 discutida hoje em Bras\u00edlia.<\/p>\n\n\n\n<p class=\"wp-block-paragraph\">O parlamentar deu como certa a uni\u00e3o entre as lideran\u00e7as pol\u00edticas do estado e revelou que tudo se dar\u00e1 com o aval de Gilberto Kassab, presidente nacional do PSD, que ir\u00e1 se reunir com Jo\u00e3o e Romero nesta ter\u00e7a-feira, em Bras\u00edlia.<\/p>\n\n\n\n<p class=\"wp-block-paragraph\">Moacir disse ainda, em entrevista \u00e0 r\u00e1dio Correio FM, que estaria sendo debatido um \u201cnovo pacto pol\u00edtico\u201d que abarcaria Jo\u00e3o, Romero e Aguinaldo Ribeiro na chapa majorit\u00e1ria.<\/p>\n\n\n\n<p class=\"wp-block-paragraph\">\u201cO novo pacto seria Jo\u00e3o candidato a governador, Romero na vice e Aguinaldo candidato a senador, seria esse o novo pacto pol\u00edtico na Para\u00edba\u201d, declarou.<\/p>\n\n\n\n<p class=\"wp-block-paragraph\">De acordo com o deputado Moacir, este pacto est\u00e1 sendo defendido por Daniella Ribeiro, Aguinaldo Ribeiro e C\u00edcero Lucena. Ele ainda declarou que a discuss\u00e3o sobre poss\u00edvel alian\u00e7a est\u00e1 sendo feita \u00e0s claras, diferentemente do que alguns apontam que esteja sendo feito de forma secreta.<\/p>\n\n\n\n<p class=\"wp-block-paragraph\">\u201cForam feitas umas chapas bem antes, na calada da noite e \u00e0s escondidas, que n\u00e3o vieram a p\u00fablico e nem vir\u00e3o. Acordo por debaixo do pano, j\u00e1 essa proposta esta sendo feita e debatida por toda a sociedade\u201d, disse o parlamentar.<\/p>\n","protected":false},"excerpt":{"rendered":"<p>O deputado estadual Moacir Rodrigues (PSL) declarou nesta ter\u00e7a-feira (26) que a alian\u00e7a entre o seu irm\u00e3o, o ex-prefeito de Campina Grande, Romero Rodrigues (PSD) e o governador da Para\u00edba, Jo\u00e3o Azev\u00eado (Cidadania), para as elei\u00e7\u00f5es de 2022 ser\u00e1 discutida hoje em Bras\u00edlia. O parlamentar deu como certa a uni\u00e3o entre as lideran\u00e7as pol\u00edticas do estado e revelou que tudo se dar\u00e1 com o aval de Gilberto Kassab, presidente nacional do PSD, que ir\u00e1 se reunir com Jo\u00e3o e Romero nesta ter\u00e7a-feira, em Bras\u00edlia. Moacir disse ainda, em entrevista \u00e0 r\u00e1dio Correio FM, que estaria sendo debatido um \u201cnovo pacto pol\u00edtico\u201d que abarcaria Jo\u00e3o, Romero e Aguinaldo Ribeiro na chapa majorit\u00e1ria. \u201cO novo pacto seria Jo\u00e3o candidato a governador, Romero na vice e Aguinaldo candidato a senador, seria esse o novo pacto pol\u00edtico na Para\u00edba\u201d, declarou. De acordo com o deputado Moacir, este pacto est\u00e1 sendo defendido por Daniella Ribeiro, Aguinaldo Ribeiro e C\u00edcero Lucena. Ele ainda declarou que a discuss\u00e3o sobre poss\u00edvel alian\u00e7a est\u00e1 sendo feita \u00e0s claras, diferentemente do que alguns apontam que esteja sendo feito de forma secreta. \u201cForam feitas umas chapas bem antes, na calada da noite e \u00e0s escondidas, que n\u00e3o vieram a p\u00fablico e nem vir\u00e3o. Acordo por debaixo do pano, j\u00e1 essa proposta esta sendo feita e debatida por toda a sociedade\u201d, disse o parlamentar.<\/p>\n","protected":false},"author":6,"featured_media":233893,"comment_status":"closed","ping_status":"closed","sticky":false,"template":"","format":"standard","meta":{"sfsi_plus_gutenberg_text_before_share":"","sfsi_plus_gutenberg_show_text_before_share":"","sfsi_plus_gutenberg_icon_type":"","sfsi_plus_gutenberg_icon_alignemt":"","sfsi_plus_gutenburg_max_per_row":"","footnotes":""},"categories":[104],"tags":[],"class_list":["post-233892","post","type-post","status-publish","format-standard","has-post-thumbnail","hentry","category-paraiba"],"_links":{"self":[{"href":"https:\/\/www.caririemacao.com\/1\/wp-json\/wp\/v2\/posts\/233892","targetHints":{"allow":["GET"]}}],"collection":[{"href":"https:\/\/www.caririemacao.com\/1\/wp-json\/wp\/v2\/posts"}],"about":[{"href":"https:\/\/www.caririemacao.com\/1\/wp-json\/wp\/v2\/types\/post"}],"author":[{"embeddable":true,"href":"https:\/\/www.caririemacao.com\/1\/wp-json\/wp\/v2\/users\/6"}],"replies":[{"embeddable":true,"href":"https:\/\/www.caririemacao.com\/1\/wp-json\/wp\/v2\/comments?post=233892"}],"version-history":[{"count":1,"href":"https:\/\/www.caririemacao.com\/1\/wp-json\/wp\/v2\/posts\/233892\/revisions"}],"predecessor-version":[{"id":233894,"href":"https:\/\/www.caririemacao.com\/1\/wp-json\/wp\/v2\/posts\/233892\/revisions\/233894"}],"wp:featuredmedia":[{"embeddable":true,"href":"https:\/\/www.caririemacao.com\/1\/wp-json\/wp\/v2\/media\/233893"}],"wp:attachment":[{"href":"https:\/\/www.caririemacao.com\/1\/wp-json\/wp\/v2\/media?parent=233892"}],"wp:term":[{"taxonomy":"category","embeddable":true,"href":"https:\/\/www.caririemacao.com\/1\/wp-json\/wp\/v2\/categories?post=233892"},{"taxonomy":"post_tag","embeddable":true,"href":"https:\/\/www.caririemacao.com\/1\/wp-json\/wp\/v2\/tags?post=233892"}],"curies":[{"name":"wp","href":"https:\/\/api.w.org\/{rel}","templated":true}]}}