{"id":234114,"date":"2021-10-29T08:43:32","date_gmt":"2021-10-29T11:43:32","guid":{"rendered":"https:\/\/www.caririemacao.com\/1\/?p=234114"},"modified":"2021-10-29T08:43:35","modified_gmt":"2021-10-29T11:43:35","slug":"caixa-paga-auxilio-emergencial-a-nascidos-em-setembro-2","status":"publish","type":"post","link":"https:\/\/www.caririemacao.com\/1\/2021\/10\/29\/caixa-paga-auxilio-emergencial-a-nascidos-em-setembro-2\/","title":{"rendered":"Caixa paga aux\u00edlio emergencial a nascidos em setembro"},"content":{"rendered":"\n<p class=\"wp-block-paragraph\">Trabalhadores informais nascidos em setembro recebem&nbsp;hoje&nbsp;(29) a s\u00e9tima parcela do aux\u00edlio emergencial em 2021. O benef\u00edcio tem&nbsp;parcelas de R$ 150 a R$ 375, dependendo da fam\u00edlia.<img decoding=\"async\" src=\"https:\/\/agenciabrasil.ebc.com.br\/ebc.png?id=1426013&amp;o=node\"><img decoding=\"async\" src=\"https:\/\/agenciabrasil.ebc.com.br\/ebc.gif?id=1426013&amp;o=node\"><\/p>\n\n\n\n<p class=\"wp-block-paragraph\">O pagamento tamb\u00e9m ser\u00e1 feito a inscritos no Cadastro \u00danico de Programas Sociais do Governo Federal (Cad\u00danico) nascidos no mesmo m\u00eas. O dinheiro \u00e9&nbsp;depositado nas contas poupan\u00e7a digitais e pode ser movimentado pelo aplicativo Caixa Tem. Somente de duas a tr\u00eas semanas ap\u00f3s o dep\u00f3sito, o dinheiro poder\u00e1 ser sacado em esp\u00e9cie ou transferido para uma conta corrente.<\/p>\n\n\n\n<p class=\"wp-block-paragraph\">Tamb\u00e9m\u00a0recebem hoje a s\u00e9tima parcela do aux\u00edlio emergencial os participantes do Bolsa Fam\u00edlia com N\u00famero de Inscri\u00e7\u00e3o Social (NIS) de final 0. As datas da\u00a0prorroga\u00e7\u00e3o do benef\u00edcio\u00a0foram anunciadas em agosto.<\/p>\n\n\n\n<p class=\"wp-block-paragraph\">Ao todo, 45,6 milh\u00f5es de brasileiros est\u00e3o sendo&nbsp;beneficiados pela rodada do aux\u00edlio emergencial deste ano. O benef\u00edcio come\u00e7ou a ser pago em abril.<\/p>\n\n\n\n<figure class=\"wp-block-image\"><img decoding=\"async\" src=\"https:\/\/imagens.ebc.com.br\/G4m6yPbZFqd9i3jbb_ccXx4-qQc=\/754x0\/smart\/https:\/\/agenciabrasil.ebc.com.br\/sites\/default\/files\/thumbnails\/image\/setima_parcela_do_auxilio_emrgencial_para_beneficiarios_do_cadunico.jpg?itok=TEDN5OEC\" alt=\" S\u00e9tima parcela do aux\u00edlio emergencial para benefici\u00e1rios do Cad\u00danico\" title=\"Caixa\/Divulga\u00e7\u00e3o\"\/><\/figure>\n\n\n\n<p class=\"wp-block-paragraph\">S\u00e9tima parcela do aux\u00edlio emergencial para benefici\u00e1rios do Cad\u00danico &#8211;&nbsp;<strong>Caixa\/Divulga\u00e7\u00e3o<\/strong><\/p>\n\n\n\n<p class=\"wp-block-paragraph\">Para os benefici\u00e1rios do Bolsa Fam\u00edlia, o pagamento ocorre de forma distinta. Os inscritos podem sacar diretamente o dinheiro nos dez \u00faltimos dias \u00fateis de cada m\u00eas, com base no d\u00edgito final do NIS.<\/p>\n\n\n\n<p class=\"wp-block-paragraph\">O pagamento da s\u00e9tima parcela aos inscritos no Bolsa Fam\u00edlia come\u00e7ou no \u00faltimo dia 18 e segue at\u00e9&nbsp;hoje&nbsp;(30). O aux\u00edlio emergencial somente \u00e9&nbsp;depositado quando o valor \u00e9&nbsp;superior ao benef\u00edcio do programa social.<\/p>\n\n\n\n<figure class=\"wp-block-image\"><img decoding=\"async\" src=\"https:\/\/imagens.ebc.com.br\/jAJYGX5eiPGW1_uk7OX4_X8BguE=\/754x0\/smart\/https:\/\/agenciabrasil.ebc.com.br\/sites\/default\/files\/thumbnails\/image\/setima_parcela_do_auxilio_emergencial_para_beneficiarios_do_bolsa_familia.jpg?itok=Uy40oZxk\" alt=\"Calend\u00e1rio da s\u00e9tima parcela do auxilio emergencial para benefici\u00e1rios do bolsa fam\u00edlia\" title=\"Divulga\u00e7\u00e3o\/Caixa\"\/><\/figure>\n\n\n\n<p class=\"wp-block-paragraph\">Calend\u00e1rio da s\u00e9tima parcela do auxilio emergencial para benefici\u00e1rios do bolsa fam\u00edlia &#8211;&nbsp;<strong>Divulga\u00e7\u00e3o\/Caixa<\/strong><\/p>\n\n\n\n<p class=\"wp-block-paragraph\">Em todos os casos, o aux\u00edlio est\u00e1 sendo pago apenas a quem recebia o benef\u00edcio em dezembro de 2020. Tamb\u00e9m \u00e9 necess\u00e1rio cumprir outros requisitos para&nbsp;ter&nbsp;direito \u00e0 atual rodada (veja guia de perguntas e respostas no \u00faltimo par\u00e1grafo).<\/p>\n\n\n\n<p class=\"wp-block-paragraph\">O programa se encerraria em julho, mas foi&nbsp;<a href=\"https:\/\/agenciabrasil.ebc.com.br\/politica\/noticia\/2021-07\/governo-prorroga-auxilio-emergencial-por-mais-tres-meses\" target=\"_blank\" rel=\"noreferrer noopener\">prorrogado at\u00e9 outubro<\/a>, com os mesmos valores para as parcelas. A partir&nbsp;de novembro, o p\u00fablico do Bolsa Fam\u00edlia ser\u00e1 migrado para o Aux\u00edlio Brasil.<\/p>\n\n\n\n<p class=\"wp-block-paragraph\">\u00a0<strong>Ag\u00eancia Brasil<\/strong><\/p>\n","protected":false},"excerpt":{"rendered":"<p>Trabalhadores informais nascidos em setembro recebem&nbsp;hoje&nbsp;(29) a s\u00e9tima parcela do aux\u00edlio emergencial em 2021. O benef\u00edcio tem&nbsp;parcelas de R$ 150 a R$ 375, dependendo da fam\u00edlia. O pagamento tamb\u00e9m ser\u00e1 feito a inscritos no Cadastro \u00danico de Programas Sociais do Governo Federal (Cad\u00danico) nascidos no mesmo m\u00eas. O dinheiro \u00e9&nbsp;depositado nas contas poupan\u00e7a digitais e pode ser movimentado pelo aplicativo Caixa Tem. Somente de duas a tr\u00eas semanas ap\u00f3s o dep\u00f3sito, o dinheiro poder\u00e1 ser sacado em esp\u00e9cie ou transferido para uma conta corrente. Tamb\u00e9m\u00a0recebem hoje a s\u00e9tima parcela do aux\u00edlio emergencial os participantes do Bolsa Fam\u00edlia com N\u00famero de Inscri\u00e7\u00e3o Social (NIS) de final 0. As datas da\u00a0prorroga\u00e7\u00e3o do benef\u00edcio\u00a0foram anunciadas em agosto. Ao todo, 45,6 milh\u00f5es de brasileiros est\u00e3o sendo&nbsp;beneficiados pela rodada do aux\u00edlio emergencial deste ano. O benef\u00edcio come\u00e7ou a ser pago em abril. S\u00e9tima parcela do aux\u00edlio emergencial para benefici\u00e1rios do Cad\u00danico &#8211;&nbsp;Caixa\/Divulga\u00e7\u00e3o Para os benefici\u00e1rios do Bolsa Fam\u00edlia, o pagamento ocorre de forma distinta. Os inscritos podem sacar diretamente o dinheiro nos dez \u00faltimos dias \u00fateis de cada m\u00eas, com base no d\u00edgito final do NIS. O pagamento da s\u00e9tima parcela aos inscritos no Bolsa Fam\u00edlia come\u00e7ou no \u00faltimo dia 18 e segue at\u00e9&nbsp;hoje&nbsp;(30). O aux\u00edlio emergencial somente \u00e9&nbsp;depositado quando o valor \u00e9&nbsp;superior ao benef\u00edcio do programa social. Calend\u00e1rio da s\u00e9tima parcela do auxilio emergencial para benefici\u00e1rios do bolsa fam\u00edlia &#8211;&nbsp;Divulga\u00e7\u00e3o\/Caixa Em todos os casos, o aux\u00edlio est\u00e1 sendo pago apenas a quem recebia o benef\u00edcio em dezembro de 2020. Tamb\u00e9m \u00e9 necess\u00e1rio cumprir outros requisitos para&nbsp;ter&nbsp;direito \u00e0 atual rodada (veja guia de perguntas e respostas no \u00faltimo par\u00e1grafo). O programa se encerraria em julho, mas foi&nbsp;prorrogado at\u00e9 outubro, com os mesmos valores para as parcelas. A partir&nbsp;de novembro, o p\u00fablico do Bolsa Fam\u00edlia ser\u00e1 migrado para o Aux\u00edlio Brasil. \u00a0Ag\u00eancia Brasil<\/p>\n","protected":false},"author":6,"featured_media":234115,"comment_status":"closed","ping_status":"closed","sticky":false,"template":"","format":"standard","meta":{"sfsi_plus_gutenberg_text_before_share":"","sfsi_plus_gutenberg_show_text_before_share":"","sfsi_plus_gutenberg_icon_type":"","sfsi_plus_gutenberg_icon_alignemt":"","sfsi_plus_gutenburg_max_per_row":"","footnotes":""},"categories":[50],"tags":[],"class_list":["post-234114","post","type-post","status-publish","format-standard","has-post-thumbnail","hentry","category-destaque"],"_links":{"self":[{"href":"https:\/\/www.caririemacao.com\/1\/wp-json\/wp\/v2\/posts\/234114","targetHints":{"allow":["GET"]}}],"collection":[{"href":"https:\/\/www.caririemacao.com\/1\/wp-json\/wp\/v2\/posts"}],"about":[{"href":"https:\/\/www.caririemacao.com\/1\/wp-json\/wp\/v2\/types\/post"}],"author":[{"embeddable":true,"href":"https:\/\/www.caririemacao.com\/1\/wp-json\/wp\/v2\/users\/6"}],"replies":[{"embeddable":true,"href":"https:\/\/www.caririemacao.com\/1\/wp-json\/wp\/v2\/comments?post=234114"}],"version-history":[{"count":1,"href":"https:\/\/www.caririemacao.com\/1\/wp-json\/wp\/v2\/posts\/234114\/revisions"}],"predecessor-version":[{"id":234116,"href":"https:\/\/www.caririemacao.com\/1\/wp-json\/wp\/v2\/posts\/234114\/revisions\/234116"}],"wp:featuredmedia":[{"embeddable":true,"href":"https:\/\/www.caririemacao.com\/1\/wp-json\/wp\/v2\/media\/234115"}],"wp:attachment":[{"href":"https:\/\/www.caririemacao.com\/1\/wp-json\/wp\/v2\/media?parent=234114"}],"wp:term":[{"taxonomy":"category","embeddable":true,"href":"https:\/\/www.caririemacao.com\/1\/wp-json\/wp\/v2\/categories?post=234114"},{"taxonomy":"post_tag","embeddable":true,"href":"https:\/\/www.caririemacao.com\/1\/wp-json\/wp\/v2\/tags?post=234114"}],"curies":[{"name":"wp","href":"https:\/\/api.w.org\/{rel}","templated":true}]}}