{"id":234224,"date":"2021-11-01T06:41:36","date_gmt":"2021-11-01T09:41:36","guid":{"rendered":"https:\/\/www.caririemacao.com\/1\/?p=234224"},"modified":"2021-11-01T06:41:38","modified_gmt":"2021-11-01T09:41:38","slug":"brasil-registra-56-mortes-por-covid-em-24-h-e-mais-de-5-mil-casos","status":"publish","type":"post","link":"https:\/\/www.caririemacao.com\/1\/2021\/11\/01\/brasil-registra-56-mortes-por-covid-em-24-h-e-mais-de-5-mil-casos\/","title":{"rendered":"Brasil registra 56 mortes por Covid em 24 h e mais de 5 mil casos"},"content":{"rendered":"\n<p class=\"wp-block-paragraph\">O Brasil registrou 56 mortes por Covid e 5.475 casos da doen\u00e7a, neste domingo (31). Com isso, o pa\u00eds chega a 607.820 vidas perdidas e a 21.807.176 pessoas infectadas pelo Sars-CoV-2 desde o in\u00edcio da pandemia.<\/p>\n\n\n\n<p class=\"wp-block-paragraph\">As m\u00e9dias m\u00f3veis permanecem em estabilidade, ou seja, sem varia\u00e7\u00f5es superiores a 15%. No momento, as m\u00e9dias s\u00e3o de 305 \u00f3bitos por dia e de 11.409 infec\u00e7\u00f5es por dia.<br>Aos domingo, segundas e feriados, dados da pandemia s\u00e3o menores, por atrasos nas notifica\u00e7\u00f5es nas secretarias de sa\u00fade.<\/p>\n\n\n\n<p class=\"wp-block-paragraph\">Os dados do pa\u00eds, coletados at\u00e9 20h, s\u00e3o fruto de colabora\u00e7\u00e3o entre Folha de S.Paulo, UOL, O Estado de S. Paulo, Extra, O Globo e G1 para reunir e divulgar os n\u00fameros relativos \u00e0 pandemia do novo coronav\u00edrus. As informa\u00e7\u00f5es s\u00e3o recolhidas pelo cons\u00f3rcio de ve\u00edculos de imprensa diariamente com as Secretarias de Sa\u00fade estaduais.<\/p>\n\n\n\n<p class=\"wp-block-paragraph\">Os dados da vacina\u00e7\u00e3o contra a Covid-19, tamb\u00e9m coletados pelo cons\u00f3rcio, foram atualizados em 15 estados.<\/p>\n\n\n\n<p class=\"wp-block-paragraph\">O Brasil registrou 1.657.287 doses de vacinas contra Covid-19, neste domingo. De acordo com dados das secretarias estaduais de Sa\u00fade, foram 89.108 primeiras doses e 1.272.480 segundas. Tamb\u00e9m foram registradas 4.497 doses \u00fanicas e 291.202 doses de refor\u00e7o.<\/p>\n\n\n\n<p class=\"wp-block-paragraph\">Ao todo, 154.712.254 pessoas receberam pelo menos a primeira dose de uma vacina contra a Covid no Brasil \u2013112.529.966 delas j\u00e1 receberam a segunda dose do imunizante. Somadas as doses \u00fanicas da vacina da Janssen contra a Covid, j\u00e1 s\u00e3o 117.062.012 pessoas com esquema vacinal completo no pa\u00eds.<\/p>\n\n\n\n<p class=\"wp-block-paragraph\">Assim, o pa\u00eds j\u00e1 tem 72,53% da popula\u00e7\u00e3o com a 1\u00aa dose e 54,88% dos brasileiros com esquema vacinal completo. Considerando somente a popula\u00e7\u00e3o adulta, os valores s\u00e3o, respectivamente, de 95,45% e 72,22%.<\/p>\n\n\n\n<p class=\"wp-block-paragraph\">Mesmo quem completou o esquema vacinal com as duas doses deve manter cuidados b\u00e1sicos, como uso de m\u00e1scara e distanciamento social, afirmam especialistas.<\/p>\n\n\n\n<p class=\"wp-block-paragraph\">A iniciativa do cons\u00f3rcio de ve\u00edculos de imprensa ocorreu em resposta \u00e0s atitudes do governo Jair Bolsonaro (sem partido), que amea\u00e7ou sonegar dados, atrasou boletins sobre a doen\u00e7a e tirou informa\u00e7\u00f5es do ar, com a interrup\u00e7\u00e3o da divulga\u00e7\u00e3o dos totais de casos e mortes. Al\u00e9m disso, o governo divulgou dados conflitantes.<\/p>\n\n\n\n<p class=\"wp-block-paragraph\">FolhaPress<\/p>\n","protected":false},"excerpt":{"rendered":"<p>O Brasil registrou 56 mortes por Covid e 5.475 casos da doen\u00e7a, neste domingo (31). Com isso, o pa\u00eds chega a 607.820 vidas perdidas e a 21.807.176 pessoas infectadas pelo Sars-CoV-2 desde o in\u00edcio da pandemia. As m\u00e9dias m\u00f3veis permanecem em estabilidade, ou seja, sem varia\u00e7\u00f5es superiores a 15%. No momento, as m\u00e9dias s\u00e3o de 305 \u00f3bitos por dia e de 11.409 infec\u00e7\u00f5es por dia.Aos domingo, segundas e feriados, dados da pandemia s\u00e3o menores, por atrasos nas notifica\u00e7\u00f5es nas secretarias de sa\u00fade. Os dados do pa\u00eds, coletados at\u00e9 20h, s\u00e3o fruto de colabora\u00e7\u00e3o entre Folha de S.Paulo, UOL, O Estado de S. Paulo, Extra, O Globo e G1 para reunir e divulgar os n\u00fameros relativos \u00e0 pandemia do novo coronav\u00edrus. As informa\u00e7\u00f5es s\u00e3o recolhidas pelo cons\u00f3rcio de ve\u00edculos de imprensa diariamente com as Secretarias de Sa\u00fade estaduais. Os dados da vacina\u00e7\u00e3o contra a Covid-19, tamb\u00e9m coletados pelo cons\u00f3rcio, foram atualizados em 15 estados. O Brasil registrou 1.657.287 doses de vacinas contra Covid-19, neste domingo. De acordo com dados das secretarias estaduais de Sa\u00fade, foram 89.108 primeiras doses e 1.272.480 segundas. Tamb\u00e9m foram registradas 4.497 doses \u00fanicas e 291.202 doses de refor\u00e7o. Ao todo, 154.712.254 pessoas receberam pelo menos a primeira dose de uma vacina contra a Covid no Brasil \u2013112.529.966 delas j\u00e1 receberam a segunda dose do imunizante. Somadas as doses \u00fanicas da vacina da Janssen contra a Covid, j\u00e1 s\u00e3o 117.062.012 pessoas com esquema vacinal completo no pa\u00eds. Assim, o pa\u00eds j\u00e1 tem 72,53% da popula\u00e7\u00e3o com a 1\u00aa dose e 54,88% dos brasileiros com esquema vacinal completo. Considerando somente a popula\u00e7\u00e3o adulta, os valores s\u00e3o, respectivamente, de 95,45% e 72,22%. Mesmo quem completou o esquema vacinal com as duas doses deve manter cuidados b\u00e1sicos, como uso de m\u00e1scara e distanciamento social, afirmam especialistas. A iniciativa do cons\u00f3rcio de ve\u00edculos de imprensa ocorreu em resposta \u00e0s atitudes do governo Jair Bolsonaro (sem partido), que amea\u00e7ou sonegar dados, atrasou boletins sobre a doen\u00e7a e tirou informa\u00e7\u00f5es do ar, com a interrup\u00e7\u00e3o da divulga\u00e7\u00e3o dos totais de casos e mortes. Al\u00e9m disso, o governo divulgou dados conflitantes. FolhaPress<\/p>\n","protected":false},"author":6,"featured_media":231792,"comment_status":"closed","ping_status":"closed","sticky":false,"template":"","format":"standard","meta":{"sfsi_plus_gutenberg_text_before_share":"","sfsi_plus_gutenberg_show_text_before_share":"","sfsi_plus_gutenberg_icon_type":"","sfsi_plus_gutenberg_icon_alignemt":"","sfsi_plus_gutenburg_max_per_row":"","footnotes":""},"categories":[123,124,50],"tags":[],"class_list":["post-234224","post","type-post","status-publish","format-standard","has-post-thumbnail","hentry","category-brasil","category-covid-19","category-destaque"],"_links":{"self":[{"href":"https:\/\/www.caririemacao.com\/1\/wp-json\/wp\/v2\/posts\/234224","targetHints":{"allow":["GET"]}}],"collection":[{"href":"https:\/\/www.caririemacao.com\/1\/wp-json\/wp\/v2\/posts"}],"about":[{"href":"https:\/\/www.caririemacao.com\/1\/wp-json\/wp\/v2\/types\/post"}],"author":[{"embeddable":true,"href":"https:\/\/www.caririemacao.com\/1\/wp-json\/wp\/v2\/users\/6"}],"replies":[{"embeddable":true,"href":"https:\/\/www.caririemacao.com\/1\/wp-json\/wp\/v2\/comments?post=234224"}],"version-history":[{"count":1,"href":"https:\/\/www.caririemacao.com\/1\/wp-json\/wp\/v2\/posts\/234224\/revisions"}],"predecessor-version":[{"id":234225,"href":"https:\/\/www.caririemacao.com\/1\/wp-json\/wp\/v2\/posts\/234224\/revisions\/234225"}],"wp:featuredmedia":[{"embeddable":true,"href":"https:\/\/www.caririemacao.com\/1\/wp-json\/wp\/v2\/media\/231792"}],"wp:attachment":[{"href":"https:\/\/www.caririemacao.com\/1\/wp-json\/wp\/v2\/media?parent=234224"}],"wp:term":[{"taxonomy":"category","embeddable":true,"href":"https:\/\/www.caririemacao.com\/1\/wp-json\/wp\/v2\/categories?post=234224"},{"taxonomy":"post_tag","embeddable":true,"href":"https:\/\/www.caririemacao.com\/1\/wp-json\/wp\/v2\/tags?post=234224"}],"curies":[{"name":"wp","href":"https:\/\/api.w.org\/{rel}","templated":true}]}}