{"id":234644,"date":"2021-11-07T18:56:56","date_gmt":"2021-11-07T21:56:56","guid":{"rendered":"https:\/\/www.caririemacao.com\/1\/?p=234644"},"modified":"2021-11-07T18:56:58","modified_gmt":"2021-11-07T21:56:58","slug":"homem-e-condenado-apos-mais-de-170-fraudes-no-auxilio-emergencial","status":"publish","type":"post","link":"https:\/\/www.caririemacao.com\/1\/2021\/11\/07\/homem-e-condenado-apos-mais-de-170-fraudes-no-auxilio-emergencial\/","title":{"rendered":"Homem \u00e9 condenado ap\u00f3s mais de 170 fraudes no aux\u00edlio emergencial"},"content":{"rendered":"\n<p class=\"wp-block-paragraph\">Um homem foi condenado pela Justi\u00e7a Federal de S\u00e3o Paulo a tr\u00eas anos e seis meses de pris\u00e3o por fraudar o aux\u00edlio emergencial mais de 170 vezes.<\/p>\n\n\n\n<p class=\"wp-block-paragraph\">Segundo a den\u00fancia oferecida pelo Minist\u00e9rio P\u00fablico Federal, ele recebeu indevidamente R$ 435 mil em parcelas do benef\u00edcio lan\u00e7ado pelo Governo Federal durante a pandemia.<\/p>\n\n\n\n<p class=\"wp-block-paragraph\">Quando come\u00e7ou com as fraudes, o jovem ainda era menor de idade. Documentos falsos possibilitavam que os crimes fossem cometidos. Os investigadores detectaram ao menos 170 pagamentos em contas digitais que come\u00e7aram em maio de 2020.<\/p>\n\n\n\n<p class=\"wp-block-paragraph\">\u201cImportante mencionar que a demonstra\u00e7\u00e3o da autoria n\u00e3o se sustenta apenas na confiss\u00e3o do avisado. Ela tamb\u00e9m se baseia nas circunst\u00e2ncias em que o acusado foi preso em flagrante, al\u00e9m de prova material robusta\u201d, escreveu a ju\u00edza Valdirene Ribeiro de Souza Falc\u00e3o, da 9\u00aa Vara Federal de Campinas (SP), na decis\u00e3o.<\/p>\n\n\n\n<p class=\"wp-block-paragraph\">O rapaz admitiu ter cometido o crime, e segundo ele, depois disso, estava tentando \u201cseguir a vida\u201d, e que \u201cqueria trabalhar e viver normalmente\u201d. Para despistar os investigadores, ele se hospedou em hot\u00e9is, mas foi preso pela Pol\u00edcia Federal em S\u00e3o Paulo.<\/p>\n\n\n\n<p class=\"wp-block-paragraph\">IG<\/p>\n","protected":false},"excerpt":{"rendered":"<p>Um homem foi condenado pela Justi\u00e7a Federal de S\u00e3o Paulo a tr\u00eas anos e seis meses de pris\u00e3o por fraudar o aux\u00edlio emergencial mais de 170 vezes. Segundo a den\u00fancia oferecida pelo Minist\u00e9rio P\u00fablico Federal, ele recebeu indevidamente R$ 435 mil em parcelas do benef\u00edcio lan\u00e7ado pelo Governo Federal durante a pandemia. Quando come\u00e7ou com as fraudes, o jovem ainda era menor de idade. Documentos falsos possibilitavam que os crimes fossem cometidos. Os investigadores detectaram ao menos 170 pagamentos em contas digitais que come\u00e7aram em maio de 2020. \u201cImportante mencionar que a demonstra\u00e7\u00e3o da autoria n\u00e3o se sustenta apenas na confiss\u00e3o do avisado. Ela tamb\u00e9m se baseia nas circunst\u00e2ncias em que o acusado foi preso em flagrante, al\u00e9m de prova material robusta\u201d, escreveu a ju\u00edza Valdirene Ribeiro de Souza Falc\u00e3o, da 9\u00aa Vara Federal de Campinas (SP), na decis\u00e3o. O rapaz admitiu ter cometido o crime, e segundo ele, depois disso, estava tentando \u201cseguir a vida\u201d, e que \u201cqueria trabalhar e viver normalmente\u201d. Para despistar os investigadores, ele se hospedou em hot\u00e9is, mas foi preso pela Pol\u00edcia Federal em S\u00e3o Paulo. IG<\/p>\n","protected":false},"author":6,"featured_media":232456,"comment_status":"closed","ping_status":"closed","sticky":false,"template":"","format":"standard","meta":{"sfsi_plus_gutenberg_text_before_share":"","sfsi_plus_gutenberg_show_text_before_share":"","sfsi_plus_gutenberg_icon_type":"","sfsi_plus_gutenberg_icon_alignemt":"","sfsi_plus_gutenburg_max_per_row":"","footnotes":""},"categories":[123],"tags":[],"class_list":["post-234644","post","type-post","status-publish","format-standard","has-post-thumbnail","hentry","category-brasil"],"_links":{"self":[{"href":"https:\/\/www.caririemacao.com\/1\/wp-json\/wp\/v2\/posts\/234644","targetHints":{"allow":["GET"]}}],"collection":[{"href":"https:\/\/www.caririemacao.com\/1\/wp-json\/wp\/v2\/posts"}],"about":[{"href":"https:\/\/www.caririemacao.com\/1\/wp-json\/wp\/v2\/types\/post"}],"author":[{"embeddable":true,"href":"https:\/\/www.caririemacao.com\/1\/wp-json\/wp\/v2\/users\/6"}],"replies":[{"embeddable":true,"href":"https:\/\/www.caririemacao.com\/1\/wp-json\/wp\/v2\/comments?post=234644"}],"version-history":[{"count":1,"href":"https:\/\/www.caririemacao.com\/1\/wp-json\/wp\/v2\/posts\/234644\/revisions"}],"predecessor-version":[{"id":234645,"href":"https:\/\/www.caririemacao.com\/1\/wp-json\/wp\/v2\/posts\/234644\/revisions\/234645"}],"wp:featuredmedia":[{"embeddable":true,"href":"https:\/\/www.caririemacao.com\/1\/wp-json\/wp\/v2\/media\/232456"}],"wp:attachment":[{"href":"https:\/\/www.caririemacao.com\/1\/wp-json\/wp\/v2\/media?parent=234644"}],"wp:term":[{"taxonomy":"category","embeddable":true,"href":"https:\/\/www.caririemacao.com\/1\/wp-json\/wp\/v2\/categories?post=234644"},{"taxonomy":"post_tag","embeddable":true,"href":"https:\/\/www.caririemacao.com\/1\/wp-json\/wp\/v2\/tags?post=234644"}],"curies":[{"name":"wp","href":"https:\/\/api.w.org\/{rel}","templated":true}]}}