{"id":234950,"date":"2021-11-12T06:55:35","date_gmt":"2021-11-12T09:55:35","guid":{"rendered":"https:\/\/www.caririemacao.com\/1\/?p=234950"},"modified":"2021-11-12T06:55:38","modified_gmt":"2021-11-12T09:55:38","slug":"brasil-registra-243-mortes-por-covid-em-24-h-e-mais-de-15-mil-casos","status":"publish","type":"post","link":"https:\/\/www.caririemacao.com\/1\/2021\/11\/12\/brasil-registra-243-mortes-por-covid-em-24-h-e-mais-de-15-mil-casos\/","title":{"rendered":"Brasil registra 243 mortes por Covid em 24 h e mais de 15 mil casos"},"content":{"rendered":"\n<p class=\"wp-block-paragraph\">&nbsp;O Brasil registrou 243 mortes por Covid e 15.144 casos da doen\u00e7a, nesta quinta-feira (11). Com isso, o pa\u00eds chegou a 610.323 vidas perdidas e a 21.926.526 pessoas infectadas pelo Sars-CoV-2 desde o in\u00edcio da pandemia.<\/p>\n\n\n\n<p class=\"wp-block-paragraph\">A m\u00e9dia m\u00f3vel de mortes permanece em queda. Agora ocorrem 230 \u00f3bitos por dia, redu\u00e7\u00e3o de 30% em rela\u00e7\u00e3o ao dado de duas semanas atr\u00e1s.<\/p>\n\n\n\n<p class=\"wp-block-paragraph\">J\u00e1 a m\u00e9dia de casos se manteve em estabilidade, ou seja, sem varia\u00e7\u00f5es superiores a 15%. Ela agora \u00e9 de 11.421 infec\u00e7\u00f5es por dia.<\/p>\n\n\n\n<p class=\"wp-block-paragraph\">Os dados do pa\u00eds, coletados at\u00e9 20h, s\u00e3o fruto de colabora\u00e7\u00e3o entre Folha de S.Paulo, UOL, O Estado de S. Paulo, Extra, O Globo e G1 para reunir e divulgar os n\u00fameros relativos \u00e0 pandemia do novo coronav\u00edrus. As informa\u00e7\u00f5es s\u00e3o recolhidas pelo cons\u00f3rcio de ve\u00edculos de imprensa diariamente com as Secretarias de Sa\u00fade estaduais.<\/p>\n\n\n\n<p class=\"wp-block-paragraph\">Os dados da vacina\u00e7\u00e3o contra a Covid-19, tamb\u00e9m coletados pelo cons\u00f3rcio, foram atualizados em 24 estados e no Distrito Federal.<\/p>\n\n\n\n<p class=\"wp-block-paragraph\">O Brasil registrou 1.485.500 doses de vacinas contra Covid-19, nesta quinta. De acordo com dados das secretarias estaduais de Sa\u00fade, foram 228.513 primeiras doses e 917.622 segundas. Tamb\u00e9m foram registradas 3.242 doses \u00fanicas e 336.123 doses de refor\u00e7o.<\/p>\n\n\n\n<p class=\"wp-block-paragraph\">Santa Catarina, na quarta, havia apresentado uma grande revis\u00e3o nos n\u00fameros de vacinas aplicadas. Segundo a secretaria de sa\u00fade do estado &#8220;houve um problema no banco de dados nacional, do Minist\u00e9rio da Sa\u00fade&#8221; e estava ocorrendo contabiliza\u00e7\u00e3o de &#8220;algumas doses das vacinas de rotina junto com as vacinas Covid&#8221;.<\/p>\n\n\n\n<p class=\"wp-block-paragraph\">O Paran\u00e1 n\u00e3o atualizou dados de vacina por &#8220;instabilidade no sistema&#8221;.<\/p>\n\n\n\n<p class=\"wp-block-paragraph\">Por fim, o Rio de Janeiro est\u00e1, pelo terceiro dia, com problemas nos registros de doses \u00fanicas.<\/p>\n\n\n\n<p class=\"wp-block-paragraph\">Ao todo, 156.632.260 pessoas receberam pelo menos a primeira dose de uma vacina contra a Covid no Brasil \u2013 118.796.814 delas j\u00e1 receberam a segunda dose do imunizante. Somadas as doses \u00fanicas da vacina da Janssen contra a Covid, j\u00e1 s\u00e3o 123.407.869 pessoas com esquema vacinal completo no pa\u00eds.<\/p>\n\n\n\n<p class=\"wp-block-paragraph\">Assim, o pa\u00eds j\u00e1 tem 73,43% da popula\u00e7\u00e3o com a 1\u00aa dose e 57,85% dos brasileiros com esquema vacinal completo. Considerando somente a popula\u00e7\u00e3o adulta, os valores s\u00e3o, respectivamente, de 96,63% e 76,13%.<\/p>\n\n\n\n<p class=\"wp-block-paragraph\">Mesmo quem completou o esquema vacinal com as duas doses deve manter cuidados b\u00e1sicos, como uso de m\u00e1scara e distanciamento social, afirmam especialistas.<\/p>\n\n\n\n<p class=\"wp-block-paragraph\">A iniciativa do cons\u00f3rcio de ve\u00edculos de imprensa ocorreu em resposta \u00e0s atitudes do governo Jair Bolsonaro (sem partido), que amea\u00e7ou sonegar dados, atrasou boletins sobre a doen\u00e7a e tirou informa\u00e7\u00f5es do ar, com a interrup\u00e7\u00e3o da divulga\u00e7\u00e3o dos totais de casos e mortes. Al\u00e9m disso, o governo divulgou dados conflitantes.<\/p>\n\n\n\n<p class=\"wp-block-paragraph\">FolhaPress<\/p>\n","protected":false},"excerpt":{"rendered":"<p>&nbsp;O Brasil registrou 243 mortes por Covid e 15.144 casos da doen\u00e7a, nesta quinta-feira (11). Com isso, o pa\u00eds chegou a 610.323 vidas perdidas e a 21.926.526 pessoas infectadas pelo Sars-CoV-2 desde o in\u00edcio da pandemia. A m\u00e9dia m\u00f3vel de mortes permanece em queda. Agora ocorrem 230 \u00f3bitos por dia, redu\u00e7\u00e3o de 30% em rela\u00e7\u00e3o ao dado de duas semanas atr\u00e1s. J\u00e1 a m\u00e9dia de casos se manteve em estabilidade, ou seja, sem varia\u00e7\u00f5es superiores a 15%. Ela agora \u00e9 de 11.421 infec\u00e7\u00f5es por dia. Os dados do pa\u00eds, coletados at\u00e9 20h, s\u00e3o fruto de colabora\u00e7\u00e3o entre Folha de S.Paulo, UOL, O Estado de S. Paulo, Extra, O Globo e G1 para reunir e divulgar os n\u00fameros relativos \u00e0 pandemia do novo coronav\u00edrus. As informa\u00e7\u00f5es s\u00e3o recolhidas pelo cons\u00f3rcio de ve\u00edculos de imprensa diariamente com as Secretarias de Sa\u00fade estaduais. Os dados da vacina\u00e7\u00e3o contra a Covid-19, tamb\u00e9m coletados pelo cons\u00f3rcio, foram atualizados em 24 estados e no Distrito Federal. O Brasil registrou 1.485.500 doses de vacinas contra Covid-19, nesta quinta. De acordo com dados das secretarias estaduais de Sa\u00fade, foram 228.513 primeiras doses e 917.622 segundas. Tamb\u00e9m foram registradas 3.242 doses \u00fanicas e 336.123 doses de refor\u00e7o. Santa Catarina, na quarta, havia apresentado uma grande revis\u00e3o nos n\u00fameros de vacinas aplicadas. Segundo a secretaria de sa\u00fade do estado &#8220;houve um problema no banco de dados nacional, do Minist\u00e9rio da Sa\u00fade&#8221; e estava ocorrendo contabiliza\u00e7\u00e3o de &#8220;algumas doses das vacinas de rotina junto com as vacinas Covid&#8221;. O Paran\u00e1 n\u00e3o atualizou dados de vacina por &#8220;instabilidade no sistema&#8221;. Por fim, o Rio de Janeiro est\u00e1, pelo terceiro dia, com problemas nos registros de doses \u00fanicas. Ao todo, 156.632.260 pessoas receberam pelo menos a primeira dose de uma vacina contra a Covid no Brasil \u2013 118.796.814 delas j\u00e1 receberam a segunda dose do imunizante. Somadas as doses \u00fanicas da vacina da Janssen contra a Covid, j\u00e1 s\u00e3o 123.407.869 pessoas com esquema vacinal completo no pa\u00eds. Assim, o pa\u00eds j\u00e1 tem 73,43% da popula\u00e7\u00e3o com a 1\u00aa dose e 57,85% dos brasileiros com esquema vacinal completo. Considerando somente a popula\u00e7\u00e3o adulta, os valores s\u00e3o, respectivamente, de 96,63% e 76,13%. Mesmo quem completou o esquema vacinal com as duas doses deve manter cuidados b\u00e1sicos, como uso de m\u00e1scara e distanciamento social, afirmam especialistas. A iniciativa do cons\u00f3rcio de ve\u00edculos de imprensa ocorreu em resposta \u00e0s atitudes do governo Jair Bolsonaro (sem partido), que amea\u00e7ou sonegar dados, atrasou boletins sobre a doen\u00e7a e tirou informa\u00e7\u00f5es do ar, com a interrup\u00e7\u00e3o da divulga\u00e7\u00e3o dos totais de casos e mortes. Al\u00e9m disso, o governo divulgou dados conflitantes. FolhaPress<\/p>\n","protected":false},"author":6,"featured_media":234951,"comment_status":"closed","ping_status":"closed","sticky":false,"template":"","format":"standard","meta":{"sfsi_plus_gutenberg_text_before_share":"","sfsi_plus_gutenberg_show_text_before_share":"","sfsi_plus_gutenberg_icon_type":"","sfsi_plus_gutenberg_icon_alignemt":"","sfsi_plus_gutenburg_max_per_row":"","footnotes":""},"categories":[123,124,50],"tags":[],"class_list":["post-234950","post","type-post","status-publish","format-standard","has-post-thumbnail","hentry","category-brasil","category-covid-19","category-destaque"],"_links":{"self":[{"href":"https:\/\/www.caririemacao.com\/1\/wp-json\/wp\/v2\/posts\/234950","targetHints":{"allow":["GET"]}}],"collection":[{"href":"https:\/\/www.caririemacao.com\/1\/wp-json\/wp\/v2\/posts"}],"about":[{"href":"https:\/\/www.caririemacao.com\/1\/wp-json\/wp\/v2\/types\/post"}],"author":[{"embeddable":true,"href":"https:\/\/www.caririemacao.com\/1\/wp-json\/wp\/v2\/users\/6"}],"replies":[{"embeddable":true,"href":"https:\/\/www.caririemacao.com\/1\/wp-json\/wp\/v2\/comments?post=234950"}],"version-history":[{"count":1,"href":"https:\/\/www.caririemacao.com\/1\/wp-json\/wp\/v2\/posts\/234950\/revisions"}],"predecessor-version":[{"id":234952,"href":"https:\/\/www.caririemacao.com\/1\/wp-json\/wp\/v2\/posts\/234950\/revisions\/234952"}],"wp:featuredmedia":[{"embeddable":true,"href":"https:\/\/www.caririemacao.com\/1\/wp-json\/wp\/v2\/media\/234951"}],"wp:attachment":[{"href":"https:\/\/www.caririemacao.com\/1\/wp-json\/wp\/v2\/media?parent=234950"}],"wp:term":[{"taxonomy":"category","embeddable":true,"href":"https:\/\/www.caririemacao.com\/1\/wp-json\/wp\/v2\/categories?post=234950"},{"taxonomy":"post_tag","embeddable":true,"href":"https:\/\/www.caririemacao.com\/1\/wp-json\/wp\/v2\/tags?post=234950"}],"curies":[{"name":"wp","href":"https:\/\/api.w.org\/{rel}","templated":true}]}}