{"id":23544,"date":"2017-07-12T12:04:00","date_gmt":"2017-07-12T15:04:00","guid":{"rendered":"http:\/\/caririemacao.com\/1\/?p=23544"},"modified":"2017-07-12T12:04:00","modified_gmt":"2017-07-12T15:04:00","slug":"tecnicos-da-uepb-suspendem-greve-e-retornam-ao-trabalho-segunda-feira","status":"publish","type":"post","link":"https:\/\/www.caririemacao.com\/1\/2017\/07\/12\/tecnicos-da-uepb-suspendem-greve-e-retornam-ao-trabalho-segunda-feira\/","title":{"rendered":"T\u00e9cnicos da UEPB suspendem greve e retornam ao trabalho segunda-feira"},"content":{"rendered":"<div class=\"mc-column content-text active-extra-styles active-capital-letter\" data-block-type=\"unstyled\" data-block-weight=\"57\">\n<p class=\"content-text__container theme-color-primary-first-letter\" data-track-category=\"Link no Texto\" data-track-links=\"\">A greve dos servidores t\u00e9cnico-administrativos da Universidade Estadual da Para\u00edba foi suspensa ap\u00f3s assembleia da categoria realizada na manh\u00e3 desta ter\u00e7a-feira (11), no audit\u00f3rio do Centro de Psicologia da institui\u00e7\u00e3o. O movimento j\u00e1 durava cerca de dois meses e os trabalhos voltam ao normal na segunda-feira (17). A suspens\u00e3o \u00e9 v\u00e1lida at\u00e9 o dia 11 de agosto.<\/p>\n<\/div>\n<div class=\"mc-column content-text active-extra-styles \" data-block-type=\"unstyled\" data-block-weight=\"35\">\n<p class=\"content-text__container \" data-track-category=\"Link no Texto\" data-track-links=\"\">De acordo com o presidente do Sindicato dos Trabalhadores em Ensino Superior da Para\u00edba (SINTESPB), Fernando Borges, a suspens\u00e3o atende a uma solicita\u00e7\u00e3o feita pelo Governo do Estado para que haja di\u00e1logo com a categoria.<\/p>\n<\/div>\n<div class=\"mc-column content-text active-extra-styles \" data-block-type=\"unstyled\" data-block-weight=\"32\">\n<p class=\"content-text__container \" data-track-category=\"Link no Texto\" data-track-links=\"\">\u201c Suspendemos para atender a solicita\u00e7\u00e3o feita pelo Governador e esperamos que a partir de agora se abra um canal de comunica\u00e7\u00e3o com a categoria para que seja discutida nossas reivindica\u00e7\u00f5es.\u201d explicou.<\/p>\n<\/div>\n<div class=\"mc-column content-text active-extra-styles \" data-block-type=\"unstyled\" data-block-weight=\"49\">\n<p class=\"content-text__container \" data-track-category=\"Link no Texto\" data-track-links=\"\">Os t\u00e9cnicos-administrativos da UEPB estavam em greve desde o dia 22 de abril. As principais queixas da categoria s\u00e3o referentes a realidade or\u00e7ament\u00e1ria da universidade, em fun\u00e7\u00e3o dos cortes promovidos pelo governo estadual. A principal reivindica\u00e7\u00e3o \u00e9 o cumprimento do or\u00e7amento da UEPB, que foi aprovado na Assembleia Legislativa.<\/p>\n<\/div>\n<div class=\"mc-column content-text active-extra-styles \" data-block-type=\"unstyled\" data-block-weight=\"79\">\n<p class=\"content-text__container \" data-track-category=\"Link no Texto\" data-track-links=\"\">J\u00e1 os professores efetivos da institui\u00e7\u00e3o seguem em estado de greve. A paralisa\u00e7\u00e3o dos docentes foi aprovada no dia 6 de abril, tamb\u00e9m durante assembleia. Segundo a Associa\u00e7\u00e3o dos Docentes da UEPB, (Aduepb), a pauta da greve inclui a exig\u00eancia de que o Governo que abra negocia\u00e7\u00f5es das perdas salariais de professores; contra a portaria da reitoria que limita gastos na institui\u00e7\u00e3o; contra a redu\u00e7\u00e3o de vagas na institui\u00e7\u00e3o; e exigindo o cumprimento da lei de autonomia da UEPB.<\/p>\n<p><strong>CARIRI EM A\u00c7\u00c3O<\/strong><\/p>\n<p>Com G1\/Foto: Google<\/p>\n<p><strong>Leia mais not\u00edcias em\u00a0<\/strong><a href=\"http:\/\/www.caririemacao.com\/\"><strong>caririemacao.com<\/strong><\/a><strong>, siga nossa p\u00e1gina no\u00a0<\/strong><a href=\"https:\/\/www.facebook.com\/CaririEmAcao\/?ref=aymt_homepage_panel\"><strong>Facebook<\/strong><\/a><strong>\u00a0e\u00a0<a href=\"https:\/\/www.instagram.com\/cariri_em_acao\/?hl=pt-br\">Instagram<\/a>\u00a0veja nossas mat\u00e9rias e fotos. Voc\u00ea tamb\u00e9m pode enviar informa\u00e7\u00f5es \u00e0 Reda\u00e7\u00e3o do Portal Cariri em A\u00e7\u00e3o pelo WhatsApp (83) 9 9634.5791, (83) 9 9601-1162.<\/strong><\/p>\n<\/div>\n","protected":false},"excerpt":{"rendered":"<p>A greve dos servidores t\u00e9cnico-administrativos da Universidade Estadual da Para\u00edba foi suspensa ap\u00f3s assembleia da categoria realizada na manh\u00e3 desta ter\u00e7a-feira (11), no audit\u00f3rio do&hellip; <\/p>\n","protected":false},"author":2,"featured_media":642,"comment_status":"closed","ping_status":"closed","sticky":false,"template":"","format":"standard","meta":{"sfsi_plus_gutenberg_text_before_share":"","sfsi_plus_gutenberg_show_text_before_share":"","sfsi_plus_gutenberg_icon_type":"","sfsi_plus_gutenberg_icon_alignemt":"","sfsi_plus_gutenburg_max_per_row":"","footnotes":""},"categories":[1],"tags":[],"class_list":["post-23544","post","type-post","status-publish","format-standard","has-post-thumbnail","hentry","category-o-site"],"_links":{"self":[{"href":"https:\/\/www.caririemacao.com\/1\/wp-json\/wp\/v2\/posts\/23544","targetHints":{"allow":["GET"]}}],"collection":[{"href":"https:\/\/www.caririemacao.com\/1\/wp-json\/wp\/v2\/posts"}],"about":[{"href":"https:\/\/www.caririemacao.com\/1\/wp-json\/wp\/v2\/types\/post"}],"author":[{"embeddable":true,"href":"https:\/\/www.caririemacao.com\/1\/wp-json\/wp\/v2\/users\/2"}],"replies":[{"embeddable":true,"href":"https:\/\/www.caririemacao.com\/1\/wp-json\/wp\/v2\/comments?post=23544"}],"version-history":[{"count":0,"href":"https:\/\/www.caririemacao.com\/1\/wp-json\/wp\/v2\/posts\/23544\/revisions"}],"wp:featuredmedia":[{"embeddable":true,"href":"https:\/\/www.caririemacao.com\/1\/wp-json\/wp\/v2\/media\/642"}],"wp:attachment":[{"href":"https:\/\/www.caririemacao.com\/1\/wp-json\/wp\/v2\/media?parent=23544"}],"wp:term":[{"taxonomy":"category","embeddable":true,"href":"https:\/\/www.caririemacao.com\/1\/wp-json\/wp\/v2\/categories?post=23544"},{"taxonomy":"post_tag","embeddable":true,"href":"https:\/\/www.caririemacao.com\/1\/wp-json\/wp\/v2\/tags?post=23544"}],"curies":[{"name":"wp","href":"https:\/\/api.w.org\/{rel}","templated":true}]}}