{"id":23551,"date":"2017-07-12T12:57:22","date_gmt":"2017-07-12T15:57:22","guid":{"rendered":"http:\/\/caririemacao.com\/1\/?p=23551"},"modified":"2017-07-12T12:57:22","modified_gmt":"2017-07-12T15:57:22","slug":"homem-e-preso-por-agredir-e-ameacar-esposa-apos-ser-flagrado-com-amante-na-pb","status":"publish","type":"post","link":"https:\/\/www.caririemacao.com\/1\/2017\/07\/12\/homem-e-preso-por-agredir-e-ameacar-esposa-apos-ser-flagrado-com-amante-na-pb\/","title":{"rendered":"Homem \u00e9 preso por agredir e amea\u00e7ar esposa ap\u00f3s ser flagrado com amante, na PB"},"content":{"rendered":"<p>Um homem foi preso, na noite dessa ter\u00e7a-feira (11), na cidade de Alagoinha, Agreste paraibano, a 89 km de Jo\u00e3o Pessoa, suspeito de agredir e amea\u00e7ar a esposa de morte.<\/p>\n<p>Segundo a Pol\u00edcia Militar, a viol\u00eancia teria acontecido depois que a mulher flagrou o suspeito com uma amante na casa do casal. Conforme o relato da v\u00edtima, o homem a agrediu e pegou um fac\u00e3o para amea\u00e7\u00e1-la de morte.<\/p>\n<p>Ela, com o filho pequeno nos bra\u00e7os, correu para um bar pr\u00f3ximo da casa para pedir socorro. O suspeito foi atr\u00e1s e danificou o port\u00e3o do estabelecimento com o fac\u00e3o, no intuito de conseguir entrar para atacar a esposa. Por\u00e9m, o suspeito foi contido pelas pessoas que estavam no bar e a pol\u00edcia foi acionada.<\/p>\n<p>Tanto o suspeito, quanto a v\u00edtima e as testemunhas foram levadas at\u00e9 a delegacia de Pol\u00edcia Civil para prestar esclarecimentos do caso.<\/p>\n<p><strong>CARIRI EM A\u00c7\u00c3O<\/strong><\/p>\n<p>Com Portal Correio<\/p>\n<p><strong>Leia mais not\u00edcias em\u00a0<\/strong><a href=\"http:\/\/www.caririemacao.com\/\"><strong>caririemacao.com<\/strong><\/a><strong>, siga nossa p\u00e1gina no\u00a0<\/strong><a href=\"https:\/\/www.facebook.com\/CaririEmAcao\/?ref=aymt_homepage_panel\"><strong>Facebook<\/strong><\/a><strong>\u00a0e\u00a0<a href=\"https:\/\/www.instagram.com\/cariri_em_acao\/?hl=pt-br\">Instagram<\/a>\u00a0veja nossas mat\u00e9rias e fotos. Voc\u00ea tamb\u00e9m pode enviar informa\u00e7\u00f5es \u00e0 Reda\u00e7\u00e3o do Portal Cariri em A\u00e7\u00e3o pelo WhatsApp (83) 9 9634.5791, (83) 9 9601-1162.<\/strong><\/p>\n","protected":false},"excerpt":{"rendered":"<p>Um homem foi preso, na noite dessa ter\u00e7a-feira (11), na cidade de Alagoinha, Agreste paraibano, a 89 km de Jo\u00e3o Pessoa, suspeito de agredir e&hellip; <\/p>\n","protected":false},"author":2,"featured_media":16349,"comment_status":"closed","ping_status":"closed","sticky":false,"template":"","format":"standard","meta":{"sfsi_plus_gutenberg_text_before_share":"","sfsi_plus_gutenberg_show_text_before_share":"","sfsi_plus_gutenberg_icon_type":"","sfsi_plus_gutenberg_icon_alignemt":"","sfsi_plus_gutenburg_max_per_row":"","footnotes":""},"categories":[12],"tags":[],"class_list":["post-23551","post","type-post","status-publish","format-standard","has-post-thumbnail","hentry","category-policia"],"_links":{"self":[{"href":"https:\/\/www.caririemacao.com\/1\/wp-json\/wp\/v2\/posts\/23551","targetHints":{"allow":["GET"]}}],"collection":[{"href":"https:\/\/www.caririemacao.com\/1\/wp-json\/wp\/v2\/posts"}],"about":[{"href":"https:\/\/www.caririemacao.com\/1\/wp-json\/wp\/v2\/types\/post"}],"author":[{"embeddable":true,"href":"https:\/\/www.caririemacao.com\/1\/wp-json\/wp\/v2\/users\/2"}],"replies":[{"embeddable":true,"href":"https:\/\/www.caririemacao.com\/1\/wp-json\/wp\/v2\/comments?post=23551"}],"version-history":[{"count":0,"href":"https:\/\/www.caririemacao.com\/1\/wp-json\/wp\/v2\/posts\/23551\/revisions"}],"wp:featuredmedia":[{"embeddable":true,"href":"https:\/\/www.caririemacao.com\/1\/wp-json\/wp\/v2\/media\/16349"}],"wp:attachment":[{"href":"https:\/\/www.caririemacao.com\/1\/wp-json\/wp\/v2\/media?parent=23551"}],"wp:term":[{"taxonomy":"category","embeddable":true,"href":"https:\/\/www.caririemacao.com\/1\/wp-json\/wp\/v2\/categories?post=23551"},{"taxonomy":"post_tag","embeddable":true,"href":"https:\/\/www.caririemacao.com\/1\/wp-json\/wp\/v2\/tags?post=23551"}],"curies":[{"name":"wp","href":"https:\/\/api.w.org\/{rel}","templated":true}]}}