{"id":23553,"date":"2017-07-12T13:18:08","date_gmt":"2017-07-12T16:18:08","guid":{"rendered":"http:\/\/caririemacao.com\/1\/?p=23553"},"modified":"2017-07-12T13:18:08","modified_gmt":"2017-07-12T16:18:08","slug":"abertas-inscricoes-para-o-cfo-da-policia-militar-na-paraiba-veja-edital","status":"publish","type":"post","link":"https:\/\/www.caririemacao.com\/1\/2017\/07\/12\/abertas-inscricoes-para-o-cfo-da-policia-militar-na-paraiba-veja-edital\/","title":{"rendered":"Abertas inscri\u00e7\u00f5es para o CFO da Pol\u00edcia Militar na Para\u00edba; veja edital"},"content":{"rendered":"<p>Come\u00e7am, nesta segunda-feira (11), as inscri\u00e7\u00f5es para o Curso de Forma\u00e7\u00e3o de Oficiais (CFO) da Pol\u00edcia Militar. O procedimento deve ser feito pela internet, at\u00e9 o dia 28 de agosto.\u00a0<strong><a href=\"http:\/\/www.pm.pb.gov.br\/concursos_publicos\" target=\"_blank\" rel=\"noopener\">Acesse o edital.<\/a><\/strong><\/p>\n<p>O concurso est\u00e1 oferecendo 30 vagas, sendo 25 para candidatos do sexo masculino e cinco para candidatas do sexo feminino.<\/p>\n<p>Por quest\u00f5es de ordem t\u00e9cnica, o pagamento das guias da taxa de inscri\u00e7\u00e3o do certame, geradas no m\u00eas de julho de 2017, dever\u00e1 ser efetivado at\u00e9 o dia 31 de julho de 2017. J\u00e1 as guias geradas no m\u00eas de agosto de 2017, dever\u00e3o ser pagas at\u00e9 o dia 31 de agosto de 2017.<\/p>\n<p>Candidatos que quiserem isen\u00e7\u00e3o na taxa devem solicitar o benef\u00edcio at\u00e9 o dia 21 de julho.<\/p>\n<p><strong>CARIRI EM A\u00c7\u00c3O<\/strong><\/p>\n<p>Com Portal Correio\/Foto: Divulga\u00e7\u00e3o<\/p>\n<p><strong>Leia mais not\u00edcias em\u00a0<\/strong><a href=\"http:\/\/www.caririemacao.com\/\"><strong>caririemacao.com<\/strong><\/a><strong>, siga nossa p\u00e1gina no\u00a0<\/strong><a href=\"https:\/\/www.facebook.com\/CaririEmAcao\/?ref=aymt_homepage_panel\"><strong>Facebook<\/strong><\/a><strong>\u00a0e\u00a0<a href=\"https:\/\/www.instagram.com\/cariri_em_acao\/?hl=pt-br\">Instagram<\/a>\u00a0veja nossas mat\u00e9rias e fotos. Voc\u00ea tamb\u00e9m pode enviar informa\u00e7\u00f5es \u00e0 Reda\u00e7\u00e3o do Portal Cariri em A\u00e7\u00e3o pelo WhatsApp (83) 9 9634.5791, (83) 9 9601-1162.<\/strong><\/p>\n","protected":false},"excerpt":{"rendered":"<p>Come\u00e7am, nesta segunda-feira (11), as inscri\u00e7\u00f5es para o Curso de Forma\u00e7\u00e3o de Oficiais (CFO) da Pol\u00edcia Militar. O procedimento deve ser feito pela internet, at\u00e9&hellip; <\/p>\n","protected":false},"author":2,"featured_media":23554,"comment_status":"closed","ping_status":"closed","sticky":false,"template":"","format":"standard","meta":{"sfsi_plus_gutenberg_text_before_share":"","sfsi_plus_gutenberg_show_text_before_share":"","sfsi_plus_gutenberg_icon_type":"","sfsi_plus_gutenberg_icon_alignemt":"","sfsi_plus_gutenburg_max_per_row":"","footnotes":""},"categories":[2],"tags":[],"class_list":["post-23553","post","type-post","status-publish","format-standard","has-post-thumbnail","hentry","category-geral"],"_links":{"self":[{"href":"https:\/\/www.caririemacao.com\/1\/wp-json\/wp\/v2\/posts\/23553","targetHints":{"allow":["GET"]}}],"collection":[{"href":"https:\/\/www.caririemacao.com\/1\/wp-json\/wp\/v2\/posts"}],"about":[{"href":"https:\/\/www.caririemacao.com\/1\/wp-json\/wp\/v2\/types\/post"}],"author":[{"embeddable":true,"href":"https:\/\/www.caririemacao.com\/1\/wp-json\/wp\/v2\/users\/2"}],"replies":[{"embeddable":true,"href":"https:\/\/www.caririemacao.com\/1\/wp-json\/wp\/v2\/comments?post=23553"}],"version-history":[{"count":0,"href":"https:\/\/www.caririemacao.com\/1\/wp-json\/wp\/v2\/posts\/23553\/revisions"}],"wp:featuredmedia":[{"embeddable":true,"href":"https:\/\/www.caririemacao.com\/1\/wp-json\/wp\/v2\/media\/23554"}],"wp:attachment":[{"href":"https:\/\/www.caririemacao.com\/1\/wp-json\/wp\/v2\/media?parent=23553"}],"wp:term":[{"taxonomy":"category","embeddable":true,"href":"https:\/\/www.caririemacao.com\/1\/wp-json\/wp\/v2\/categories?post=23553"},{"taxonomy":"post_tag","embeddable":true,"href":"https:\/\/www.caririemacao.com\/1\/wp-json\/wp\/v2\/tags?post=23553"}],"curies":[{"name":"wp","href":"https:\/\/api.w.org\/{rel}","templated":true}]}}