{"id":23556,"date":"2017-07-12T13:23:43","date_gmt":"2017-07-12T16:23:43","guid":{"rendered":"http:\/\/caririemacao.com\/1\/?p=23556"},"modified":"2017-07-12T13:24:44","modified_gmt":"2017-07-12T16:24:44","slug":"confirmado-sao-pedro-na-boca-do-sapo-sera-realizado-nesta-sexta-dia-14","status":"publish","type":"post","link":"https:\/\/www.caririemacao.com\/1\/2017\/07\/12\/confirmado-sao-pedro-na-boca-do-sapo-sera-realizado-nesta-sexta-dia-14\/","title":{"rendered":"CONFIRMADO: S\u00e3o Pedro na Boca do Sapo ser\u00e1 realizado nesta sexta, dia 14"},"content":{"rendered":"<p>A Prefeitura Municipal de Ouro Velho, depois de ter adiada a realiza\u00e7\u00e3o do S\u00e3o Pedro da Boca do Sapo, em virtude do falecimento de uma ourovelhense, comunica que a o tradicional S\u00e3o Pedro na Boca do Sapo ser\u00e1 promovida nesta sexta-feira, 14, \u00a0e contar\u00e1 com v\u00e1rias atra\u00e7\u00f5es musicais.<\/p>\n<p>Forr\u00f3 Kent, Pedro Neto e Ricardo Soares s\u00e3o as atra\u00e7\u00f5es que cantar\u00e3o seus grandes sucessos para a popula\u00e7\u00e3o ourovelhense, que j\u00e1 espera com ansiedade esta grande festa organizada pela prefeita Nat\u00e1lia de Dr. J\u00fanior.<\/p>\n<p>A festa ter\u00e1 in\u00edcio a partir das 22h.<\/p>\n<p><strong><em>CARIRI EM A\u00c7\u00c3O<\/em><\/strong><\/p>\n<p>Leia mais not\u00edcias em\u00a0<a href=\"http:\/\/www.caririemacao.com\/\">caririemacao.com<\/a>, siga nossa p\u00e1gina no\u00a0<a href=\"https:\/\/www.facebook.com\/CaririEmAcao\/?ref=aymt_homepage_panel\">Facebook<\/a>\u00a0e\u00a0<a href=\"https:\/\/www.instagram.com\/cariri_em_acao\/?hl=pt-br\">Instagram<\/a>\u00a0veja nossas mat\u00e9rias e fotos. Voc\u00ea tamb\u00e9m pode enviar informa\u00e7\u00f5es \u00e0 Reda\u00e7\u00e3o do Portal Cariri em A\u00e7\u00e3o pelo WhatsApp (83) 9 9634.5791, (83) 9 9601-1162.<\/p>\n","protected":false},"excerpt":{"rendered":"<p>A Prefeitura Municipal de Ouro Velho, depois de ter adiada a realiza\u00e7\u00e3o do S\u00e3o Pedro da Boca do Sapo, em virtude do falecimento de uma&hellip; <\/p>\n","protected":false},"author":2,"featured_media":23019,"comment_status":"closed","ping_status":"closed","sticky":false,"template":"","format":"standard","meta":{"sfsi_plus_gutenberg_text_before_share":"","sfsi_plus_gutenberg_show_text_before_share":"","sfsi_plus_gutenberg_icon_type":"","sfsi_plus_gutenberg_icon_alignemt":"","sfsi_plus_gutenburg_max_per_row":"","footnotes":""},"categories":[6],"tags":[],"class_list":["post-23556","post","type-post","status-publish","format-standard","has-post-thumbnail","hentry","category-cidades"],"_links":{"self":[{"href":"https:\/\/www.caririemacao.com\/1\/wp-json\/wp\/v2\/posts\/23556","targetHints":{"allow":["GET"]}}],"collection":[{"href":"https:\/\/www.caririemacao.com\/1\/wp-json\/wp\/v2\/posts"}],"about":[{"href":"https:\/\/www.caririemacao.com\/1\/wp-json\/wp\/v2\/types\/post"}],"author":[{"embeddable":true,"href":"https:\/\/www.caririemacao.com\/1\/wp-json\/wp\/v2\/users\/2"}],"replies":[{"embeddable":true,"href":"https:\/\/www.caririemacao.com\/1\/wp-json\/wp\/v2\/comments?post=23556"}],"version-history":[{"count":0,"href":"https:\/\/www.caririemacao.com\/1\/wp-json\/wp\/v2\/posts\/23556\/revisions"}],"wp:featuredmedia":[{"embeddable":true,"href":"https:\/\/www.caririemacao.com\/1\/wp-json\/wp\/v2\/media\/23019"}],"wp:attachment":[{"href":"https:\/\/www.caririemacao.com\/1\/wp-json\/wp\/v2\/media?parent=23556"}],"wp:term":[{"taxonomy":"category","embeddable":true,"href":"https:\/\/www.caririemacao.com\/1\/wp-json\/wp\/v2\/categories?post=23556"},{"taxonomy":"post_tag","embeddable":true,"href":"https:\/\/www.caririemacao.com\/1\/wp-json\/wp\/v2\/tags?post=23556"}],"curies":[{"name":"wp","href":"https:\/\/api.w.org\/{rel}","templated":true}]}}