{"id":23558,"date":"2017-07-12T13:56:02","date_gmt":"2017-07-12T16:56:02","guid":{"rendered":"http:\/\/caririemacao.com\/1\/?p=23558"},"modified":"2017-07-12T13:56:02","modified_gmt":"2017-07-12T16:56:02","slug":"cassio-tacha-de-palhacada-protestos-da-oposicao-contra-reforma-trabalhista","status":"publish","type":"post","link":"https:\/\/www.caririemacao.com\/1\/2017\/07\/12\/cassio-tacha-de-palhacada-protestos-da-oposicao-contra-reforma-trabalhista\/","title":{"rendered":"C\u00e1ssio tacha de &#8220;palha\u00e7ada&#8221; protestos da oposi\u00e7\u00e3o contra reforma trabalhista"},"content":{"rendered":"<div>O senador C\u00e1ssio Cunha Lima (PSDB), vice-presidente do Senado, criticou os protestos e tentativas de parlamentares da oposi\u00e7\u00e3o que tentaram impedir a vota\u00e7\u00e3o do projeto de reforma trabalhista do governo Temer nesta ter\u00e7a (11). &#8220;\u00c9 claro que a vota\u00e7\u00e3o sair\u00e1. O Brasil n\u00e3o pode ser paralisado por atitude de irresponsabilidade&#8221;, disse Cunha Lima antes do projeto ser votado e aprovado.<\/div>\n<div><\/div>\n<div>C\u00e1ssio, que chegou a coletar assinaturas para que a sess\u00e3o fosse realizada em outro local da Casa, por conta da ocupa\u00e7\u00e3o da mesa por um grupo de senadoras, reiterou que o que se viu nesta ter\u00e7a \u00e9 um &#8220;espet\u00e1culo triste&#8221;, uma cena deplor\u00e1vel, uma palha\u00e7ada&#8221;.<\/div>\n<div><\/div>\n<div><strong>Protestos<\/strong>\u00a0&#8211; O presidente do Senado, Eun\u00edcio Oliveira (PMDB), suspendeu a sess\u00e3o de vota\u00e7\u00e3o da reforma trabalhista ap\u00f3s senadoras da oposi\u00e7\u00e3o ocuparem a Mesa do plen\u00e1rio e se recusarem a deixar o posto. Todas as luzes e microfones foram desligados.<\/div>\n<div><\/div>\n<div>A senadora Gleisi Hoffmann (PT) fez uma transmiss\u00e3o ao vivo pelo celular para protestar contra a atitude autorit\u00e1ria do presidente do Senado, Eun\u00edcio Oliveira (PMDB), que desligou as luzes da Casa e encerrou a transmiss\u00e3o, depois que senadoras ocuparam a Mesa do Senado.<\/div>\n<div><\/div>\n<div>S\u00f3 depois de mais de sete horas de suspens\u00e3o e muita confus\u00e3o \u00e9 que o texto-base da reforma trabalhista de Temer foi aprovado.<\/div>\n<div><\/div>\n<div>As mudan\u00e7as s\u00e3o defendidas pelas entidades empresariais e contestadas pelos partidos de esquerda e pelos sindicatos de trabalhadores.<\/div>\n<div><\/div>\n<div><strong>CARIRI EM A\u00c7\u00c3O<\/strong><\/div>\n<div>\n<p>Com ParlamentoPB e Folha de S.Paulo\/Foto: Google<\/p>\n<p><strong>Leia mais not\u00edcias em\u00a0<\/strong><a href=\"http:\/\/www.caririemacao.com\/\"><strong>caririemacao.com<\/strong><\/a><strong>, siga nossa p\u00e1gina no\u00a0<\/strong><a href=\"https:\/\/www.facebook.com\/CaririEmAcao\/?ref=aymt_homepage_panel\"><strong>Facebook<\/strong><\/a><strong>\u00a0e\u00a0<a href=\"https:\/\/www.instagram.com\/cariri_em_acao\/?hl=pt-br\">Instagram<\/a>\u00a0veja nossas mat\u00e9rias e fotos. Voc\u00ea tamb\u00e9m pode enviar informa\u00e7\u00f5es \u00e0 Reda\u00e7\u00e3o do Portal Cariri em A\u00e7\u00e3o pelo WhatsApp (83) 9 9634.5791, (83) 9 9601-1162.<\/strong><\/p>\n<\/div>\n","protected":false},"excerpt":{"rendered":"<p>O senador C\u00e1ssio Cunha Lima (PSDB), vice-presidente do Senado, criticou os protestos e tentativas de parlamentares da oposi\u00e7\u00e3o que tentaram impedir a vota\u00e7\u00e3o do projeto&hellip; <\/p>\n","protected":false},"author":2,"featured_media":11695,"comment_status":"closed","ping_status":"closed","sticky":false,"template":"","format":"standard","meta":{"sfsi_plus_gutenberg_text_before_share":"","sfsi_plus_gutenberg_show_text_before_share":"","sfsi_plus_gutenberg_icon_type":"","sfsi_plus_gutenberg_icon_alignemt":"","sfsi_plus_gutenburg_max_per_row":"","footnotes":""},"categories":[11],"tags":[],"class_list":["post-23558","post","type-post","status-publish","format-standard","has-post-thumbnail","hentry","category-politica"],"_links":{"self":[{"href":"https:\/\/www.caririemacao.com\/1\/wp-json\/wp\/v2\/posts\/23558","targetHints":{"allow":["GET"]}}],"collection":[{"href":"https:\/\/www.caririemacao.com\/1\/wp-json\/wp\/v2\/posts"}],"about":[{"href":"https:\/\/www.caririemacao.com\/1\/wp-json\/wp\/v2\/types\/post"}],"author":[{"embeddable":true,"href":"https:\/\/www.caririemacao.com\/1\/wp-json\/wp\/v2\/users\/2"}],"replies":[{"embeddable":true,"href":"https:\/\/www.caririemacao.com\/1\/wp-json\/wp\/v2\/comments?post=23558"}],"version-history":[{"count":0,"href":"https:\/\/www.caririemacao.com\/1\/wp-json\/wp\/v2\/posts\/23558\/revisions"}],"wp:featuredmedia":[{"embeddable":true,"href":"https:\/\/www.caririemacao.com\/1\/wp-json\/wp\/v2\/media\/11695"}],"wp:attachment":[{"href":"https:\/\/www.caririemacao.com\/1\/wp-json\/wp\/v2\/media?parent=23558"}],"wp:term":[{"taxonomy":"category","embeddable":true,"href":"https:\/\/www.caririemacao.com\/1\/wp-json\/wp\/v2\/categories?post=23558"},{"taxonomy":"post_tag","embeddable":true,"href":"https:\/\/www.caririemacao.com\/1\/wp-json\/wp\/v2\/tags?post=23558"}],"curies":[{"name":"wp","href":"https:\/\/api.w.org\/{rel}","templated":true}]}}