{"id":236221,"date":"2021-12-03T08:56:45","date_gmt":"2021-12-03T11:56:45","guid":{"rendered":"https:\/\/www.caririemacao.com\/1\/?p=236221"},"modified":"2021-12-03T08:56:45","modified_gmt":"2021-12-03T11:56:45","slug":"brasil-registra-205-mortes-por-covid-em-24-h-e-mais-de-12-mil-casos","status":"publish","type":"post","link":"https:\/\/www.caririemacao.com\/1\/2021\/12\/03\/brasil-registra-205-mortes-por-covid-em-24-h-e-mais-de-12-mil-casos\/","title":{"rendered":"Brasil registra 205 mortes por Covid em 24 h e mais de 12 mil casos"},"content":{"rendered":"<p>O Brasil registrou 205 mortes por Covid e 12.733 casos da doen\u00e7a, nesta quinta-feira (2). Com isso, o pa\u00eds chegou a 615.225 vidas perdidas e a 22.117.364 pessoas infectadas desde o in\u00edcio da pandemia.<\/p>\n<p>As m\u00e9dias m\u00f3veis de \u00f3bitos e de infec\u00e7\u00f5es est\u00e3o em estabilidade, o que significa varia\u00e7\u00f5es que n\u00e3o ultrapassam 15% (para mais ou menos) em rela\u00e7\u00e3o aos dados de duas semanas atr\u00e1s.<\/p>\n<p>A m\u00e9dia de mortes agora \u00e9 de 218 por dia. A de infec\u00e7\u00f5es \u00e9 de 8.822 di\u00e1rias.<br \/>\nOs dados do pa\u00eds, coletados at\u00e9 20h, s\u00e3o fruto de colabora\u00e7\u00e3o entre Folha de S.Paulo, UOL, O Estado de S. Paulo, Extra, O Globo e G1 para reunir e divulgar os n\u00fameros relativos \u00e0 pandemia do novo coronav\u00edrus. As informa\u00e7\u00f5es s\u00e3o recolhidas pelo cons\u00f3rcio de ve\u00edculos de imprensa diariamente com as Secretarias de Sa\u00fade estaduais.<\/p>\n<p>Os dados da vacina\u00e7\u00e3o contra a Covid-19, tamb\u00e9m coletados pelo cons\u00f3rcio, foram atualizados em 21 estados e no Distrito Federal.<\/p>\n<p>O Brasil registrou 1.258.208 doses de vacinas contra Covid-19, nesta quinta. De acordo com dados das secretarias estaduais de Sa\u00fade, foram 164.731 primeiras doses, 711.116 segundas doses. Al\u00e9m disso, foram registradas 1.533 doses \u00fanicas e 380.828 doses de refor\u00e7o.<\/p>\n<p>Houve registros negativos de doses \u00fanicas em Minas Gerais, com -308.<\/p>\n<p>Ao todo, 159.343.702 pessoas receberam pelo menos a primeira dose de uma vacina contra a Covid no Brasil \u2013130.584.020 delas j\u00e1 receberam a segunda dose do imunizante. Somadas as doses \u00fanicas da vacina da Janssen contra a Covid, j\u00e1 s\u00e3o 135.164.013 pessoas com as duas doses ou com uma dose da vacina da Janssen.<\/p>\n<p>Assim, o pa\u00eds j\u00e1 tem 74,70% da popula\u00e7\u00e3o com a 1\u00aa dose e 63,36% dos brasileiros com as duas doses ou com uma dose da vacina da Janssen. Considerando somente a popula\u00e7\u00e3o adulta, os valores s\u00e3o, respectivamente, de 98,30% e 83,39%.<\/p>\n<p>Mesmo quem recebeu as duas doses ou uma dose da vacina da Janssen deve manter cuidados b\u00e1sicos, como uso de m\u00e1scara e distanciamento social, afirmam especialistas<br \/>\nA iniciativa do cons\u00f3rcio de ve\u00edculos de imprensa ocorreu em resposta \u00e0s atitudes do governo Jair Bolsonaro (sem partido), que amea\u00e7ou sonegar dados, atrasou boletins sobre a doen\u00e7a e tirou informa\u00e7\u00f5es do ar, com a interrup\u00e7\u00e3o da divulga\u00e7\u00e3o dos totais de casos e mortes. Al\u00e9m disso, o governo divulgou dados conflitantes.<\/p>\n<p>folhapress<\/p>\n","protected":false},"excerpt":{"rendered":"<p>O Brasil registrou 205 mortes por Covid e 12.733 casos da doen\u00e7a, nesta quinta-feira (2). Com isso, o pa\u00eds chegou a 615.225 vidas perdidas e a 22.117.364 pessoas infectadas desde o in\u00edcio da pandemia. As m\u00e9dias m\u00f3veis de \u00f3bitos e de infec\u00e7\u00f5es est\u00e3o em estabilidade, o que significa varia\u00e7\u00f5es que n\u00e3o ultrapassam 15% (para mais ou menos) em rela\u00e7\u00e3o aos dados de duas semanas atr\u00e1s. A m\u00e9dia de mortes agora \u00e9 de 218 por dia. A de infec\u00e7\u00f5es \u00e9 de 8.822 di\u00e1rias. Os dados do pa\u00eds, coletados at\u00e9 20h, s\u00e3o fruto de colabora\u00e7\u00e3o entre Folha de S.Paulo, UOL, O Estado de S. Paulo, Extra, O Globo e G1 para reunir e divulgar os n\u00fameros relativos \u00e0 pandemia do novo coronav\u00edrus. As informa\u00e7\u00f5es s\u00e3o recolhidas pelo cons\u00f3rcio de ve\u00edculos de imprensa diariamente com as Secretarias de Sa\u00fade estaduais. Os dados da vacina\u00e7\u00e3o contra a Covid-19, tamb\u00e9m coletados pelo cons\u00f3rcio, foram atualizados em 21 estados e no Distrito Federal. O Brasil registrou 1.258.208 doses de vacinas contra Covid-19, nesta quinta. De acordo com dados das secretarias estaduais de Sa\u00fade, foram 164.731 primeiras doses, 711.116 segundas doses. Al\u00e9m disso, foram registradas 1.533 doses \u00fanicas e 380.828 doses de refor\u00e7o. Houve registros negativos de doses \u00fanicas em Minas Gerais, com -308. Ao todo, 159.343.702 pessoas receberam pelo menos a primeira dose de uma vacina contra a Covid no Brasil \u2013130.584.020 delas j\u00e1 receberam a segunda dose do imunizante. Somadas as doses \u00fanicas da vacina da Janssen contra a Covid, j\u00e1 s\u00e3o 135.164.013 pessoas com as duas doses ou com uma dose da vacina da Janssen. Assim, o pa\u00eds j\u00e1 tem 74,70% da popula\u00e7\u00e3o com a 1\u00aa dose e 63,36% dos brasileiros com as duas doses ou com uma dose da vacina da Janssen. Considerando somente a popula\u00e7\u00e3o adulta, os valores s\u00e3o, respectivamente, de 98,30% e 83,39%. Mesmo quem recebeu as duas doses ou uma dose da vacina da Janssen deve manter cuidados b\u00e1sicos, como uso de m\u00e1scara e distanciamento social, afirmam especialistas A iniciativa do cons\u00f3rcio de ve\u00edculos de imprensa ocorreu em resposta \u00e0s atitudes do governo Jair Bolsonaro (sem partido), que amea\u00e7ou sonegar dados, atrasou boletins sobre a doen\u00e7a e tirou informa\u00e7\u00f5es do ar, com a interrup\u00e7\u00e3o da divulga\u00e7\u00e3o dos totais de casos e mortes. Al\u00e9m disso, o governo divulgou dados conflitantes. folhapress<\/p>\n","protected":false},"author":6,"featured_media":236222,"comment_status":"closed","ping_status":"closed","sticky":false,"template":"","format":"standard","meta":{"sfsi_plus_gutenberg_text_before_share":"","sfsi_plus_gutenberg_show_text_before_share":"","sfsi_plus_gutenberg_icon_type":"","sfsi_plus_gutenberg_icon_alignemt":"","sfsi_plus_gutenburg_max_per_row":"","footnotes":""},"categories":[124,50],"tags":[],"class_list":["post-236221","post","type-post","status-publish","format-standard","has-post-thumbnail","hentry","category-covid-19","category-destaque"],"_links":{"self":[{"href":"https:\/\/www.caririemacao.com\/1\/wp-json\/wp\/v2\/posts\/236221","targetHints":{"allow":["GET"]}}],"collection":[{"href":"https:\/\/www.caririemacao.com\/1\/wp-json\/wp\/v2\/posts"}],"about":[{"href":"https:\/\/www.caririemacao.com\/1\/wp-json\/wp\/v2\/types\/post"}],"author":[{"embeddable":true,"href":"https:\/\/www.caririemacao.com\/1\/wp-json\/wp\/v2\/users\/6"}],"replies":[{"embeddable":true,"href":"https:\/\/www.caririemacao.com\/1\/wp-json\/wp\/v2\/comments?post=236221"}],"version-history":[{"count":1,"href":"https:\/\/www.caririemacao.com\/1\/wp-json\/wp\/v2\/posts\/236221\/revisions"}],"predecessor-version":[{"id":236223,"href":"https:\/\/www.caririemacao.com\/1\/wp-json\/wp\/v2\/posts\/236221\/revisions\/236223"}],"wp:featuredmedia":[{"embeddable":true,"href":"https:\/\/www.caririemacao.com\/1\/wp-json\/wp\/v2\/media\/236222"}],"wp:attachment":[{"href":"https:\/\/www.caririemacao.com\/1\/wp-json\/wp\/v2\/media?parent=236221"}],"wp:term":[{"taxonomy":"category","embeddable":true,"href":"https:\/\/www.caririemacao.com\/1\/wp-json\/wp\/v2\/categories?post=236221"},{"taxonomy":"post_tag","embeddable":true,"href":"https:\/\/www.caririemacao.com\/1\/wp-json\/wp\/v2\/tags?post=236221"}],"curies":[{"name":"wp","href":"https:\/\/api.w.org\/{rel}","templated":true}]}}