{"id":236604,"date":"2021-12-09T14:57:06","date_gmt":"2021-12-09T17:57:06","guid":{"rendered":"https:\/\/www.caririemacao.com\/1\/?p=236604"},"modified":"2021-12-09T14:57:06","modified_gmt":"2021-12-09T17:57:06","slug":"acontece-neste-domingo-12-o-ii-pedal-beneficente-em-prol-do-hospital-da-fap-em-boa-vista","status":"publish","type":"post","link":"https:\/\/www.caririemacao.com\/1\/2021\/12\/09\/acontece-neste-domingo-12-o-ii-pedal-beneficente-em-prol-do-hospital-da-fap-em-boa-vista\/","title":{"rendered":"Acontece neste domingo (12) o II Pedal Beneficente em prol do Hospital da FAP em Boa Vista"},"content":{"rendered":"<p>Dias antes do acontecimento, j\u00e1 considerado um sucesso pela comiss\u00e3o organizadora, a segunda edi\u00e7\u00e3o do Pedal Beneficente em prol do Hospital da FAP realizado em Boa Vista \u00e9 um exemplo de uni\u00e3o, sa\u00fade e solidariedade. Desde a confirma\u00e7\u00e3o da data, passando pela grande procura pelas inscri\u00e7\u00f5es at\u00e9 difundir em campanhas paralelas de arrecada\u00e7\u00e3o de alimentos, produtos de limpeza e higiene pessoal para pacientes carentes desta institui\u00e7\u00e3o.<\/p>\n<p>O pedal de Boa Vista \u00e9 uma semente plantada no cora\u00e7\u00e3o de toda popula\u00e7\u00e3o que se mobiliza de alguma forma para fazer acontecer um evento com tamanho impacto social.<\/p>\n<p>Para este domingo a expectativa \u00e9 de reunir ciclistas amadores em um ato por amor ao esporte e ao pr\u00f3ximo. A quantia arrecadada atrav\u00e9s das inscri\u00e7\u00f5es ser\u00e1 doada para o Hospital da FAP e garantem para cada atleta um kit de participa\u00e7\u00e3o. A entrega dos kits ser\u00e1 iniciada na noite deste s\u00e1bado (11), das 19h \u00e0s 22h, na Pra\u00e7a Bom Jesus, centro de Boa Vista. No mesmo local, ser\u00e1 aberta a distribui\u00e7\u00e3o no domingo a partir das 6h.<\/p>\n<p>A orienta\u00e7\u00e3o para quem vai participar do pedal beneficente em Boa Vista \u00e9 que o ciclista use a camisa do evento durante todo acontecimento para que seja identificado como integrante do mesmo e para que possua acesso as \u00e1reas restritas. Hidratem-se bastante ao longo de todo percurso e sigam as instru\u00e7\u00f5es da comiss\u00e3o de organiza\u00e7\u00e3o. Aproveitem o caminho!<\/p>\n<p>O Cariri ser\u00e1 cen\u00e1rio, entre belas paisagens secas e rochosas, para mais esta edi\u00e7\u00e3o do pedal beneficente e conta com sua participa\u00e7\u00e3o. Teremos um percurso de 50km, saindo da Pra\u00e7a Bom Jesus com n\u00edvel de intensidade leve, passando por trilhas e estradas com pontos de apoio, hidrata\u00e7\u00e3o e alimenta\u00e7\u00e3o para os ciclistas que gostam de aventura pela zona rural da cidade. Ser\u00e1 disponibilizado suporte m\u00e9dico, profissionais de sa\u00fade, ambul\u00e2ncia, carro de apoio e mec\u00e2nico para eventuais necessidades.<\/p>\n<p>Este pedal \u00e9 uma realiza\u00e7\u00e3o da Prefeitura Municipal de Boa Vista em parceria com os grupos de bastante relev\u00e2ncia na cidade compostos por homens e mulheres, sendo eles: Quixe-quixe, Az fulo do Xique-xique, Seca bucho, Junto e misturado e o Pedala Boa Vista, que trabalham como volunt\u00e1rios para fazer este evento acontecer com a propor\u00e7\u00e3o que ele merece. Desde a organiza\u00e7\u00e3o, planejamento, abertura e limpeza de trilhas at\u00e9 a distribui\u00e7\u00e3o dos kits para os ciclistas que participam no dia.<\/p>\n<p><img fetchpriority=\"high\" decoding=\"async\" class=\"alignnone  wp-image-52645\" src=\"https:\/\/www.blogdobrunolira.com.br\/wp-content\/uploads\/2021\/12\/WhatsApp-Image-2021-12-09-at-14.12.58-300x300.jpeg\" sizes=\"(max-width: 460px) 100vw, 460px\" srcset=\"https:\/\/www.blogdobrunolira.com.br\/wp-content\/uploads\/2021\/12\/WhatsApp-Image-2021-12-09-at-14.12.58-300x300.jpeg 300w, https:\/\/www.blogdobrunolira.com.br\/wp-content\/uploads\/2021\/12\/WhatsApp-Image-2021-12-09-at-14.12.58-150x150.jpeg 150w, https:\/\/www.blogdobrunolira.com.br\/wp-content\/uploads\/2021\/12\/WhatsApp-Image-2021-12-09-at-14.12.58-768x768.jpeg 768w, https:\/\/www.blogdobrunolira.com.br\/wp-content\/uploads\/2021\/12\/WhatsApp-Image-2021-12-09-at-14.12.58-1024x1024.jpeg 1024w, https:\/\/www.blogdobrunolira.com.br\/wp-content\/uploads\/2021\/12\/WhatsApp-Image-2021-12-09-at-14.12.58-250x250.jpeg 250w, https:\/\/www.blogdobrunolira.com.br\/wp-content\/uploads\/2021\/12\/WhatsApp-Image-2021-12-09-at-14.12.58-80x80.jpeg 80w, https:\/\/www.blogdobrunolira.com.br\/wp-content\/uploads\/2021\/12\/WhatsApp-Image-2021-12-09-at-14.12.58.jpeg 1080w\" alt=\"\" width=\"460\" height=\"460\" data-attachment-id=\"52645\" data-permalink=\"https:\/\/www.blogdobrunolira.com.br\/2021\/12\/acontece-neste-domingo-12-o-ii-pedal-beneficente-em-prol-do-hospital-da-fap-em-boa-vista\/whatsapp-image-2021-12-09-at-14-12-58\/\" data-orig-file=\"https:\/\/www.blogdobrunolira.com.br\/wp-content\/uploads\/2021\/12\/WhatsApp-Image-2021-12-09-at-14.12.58.jpeg\" data-orig-size=\"1080,1080\" data-comments-opened=\"1\" data-image-meta=\"{&quot;aperture&quot;:&quot;0&quot;,&quot;credit&quot;:&quot;&quot;,&quot;camera&quot;:&quot;&quot;,&quot;caption&quot;:&quot;&quot;,&quot;created_timestamp&quot;:&quot;0&quot;,&quot;copyright&quot;:&quot;&quot;,&quot;focal_length&quot;:&quot;0&quot;,&quot;iso&quot;:&quot;0&quot;,&quot;shutter_speed&quot;:&quot;0&quot;,&quot;title&quot;:&quot;&quot;,&quot;orientation&quot;:&quot;0&quot;}\" data-image-title=\"WhatsApp Image 2021-12-09 at 14.12.58\" data-image-description=\"\" data-medium-file=\"https:\/\/www.blogdobrunolira.com.br\/wp-content\/uploads\/2021\/12\/WhatsApp-Image-2021-12-09-at-14.12.58-300x300.jpeg\" data-large-file=\"https:\/\/www.blogdobrunolira.com.br\/wp-content\/uploads\/2021\/12\/WhatsApp-Image-2021-12-09-at-14.12.58-1024x1024.jpeg\" \/><\/p>\n","protected":false},"excerpt":{"rendered":"<p>Dias antes do acontecimento, j\u00e1 considerado um sucesso pela comiss\u00e3o organizadora, a segunda edi\u00e7\u00e3o do Pedal Beneficente em prol do Hospital da FAP realizado em Boa Vista \u00e9 um exemplo de uni\u00e3o, sa\u00fade e solidariedade. Desde a confirma\u00e7\u00e3o da data, passando pela grande procura pelas inscri\u00e7\u00f5es at\u00e9 difundir em campanhas paralelas de arrecada\u00e7\u00e3o de alimentos, produtos de limpeza e higiene pessoal para pacientes carentes desta institui\u00e7\u00e3o. O pedal de Boa Vista \u00e9 uma semente plantada no cora\u00e7\u00e3o de toda popula\u00e7\u00e3o que se mobiliza de alguma forma para fazer acontecer um evento com tamanho impacto social. Para este domingo a expectativa \u00e9 de reunir ciclistas amadores em um ato por amor ao esporte e ao pr\u00f3ximo. A quantia arrecadada atrav\u00e9s das inscri\u00e7\u00f5es ser\u00e1 doada para o Hospital da FAP e garantem para cada atleta um kit de participa\u00e7\u00e3o. A entrega dos kits ser\u00e1 iniciada na noite deste s\u00e1bado (11), das 19h \u00e0s 22h, na Pra\u00e7a Bom Jesus, centro de Boa Vista. No mesmo local, ser\u00e1 aberta a distribui\u00e7\u00e3o no domingo a partir das 6h. A orienta\u00e7\u00e3o para quem vai participar do pedal beneficente em Boa Vista \u00e9 que o ciclista use a camisa do evento durante todo acontecimento para que seja identificado como integrante do mesmo e para que possua acesso as \u00e1reas restritas. Hidratem-se bastante ao longo de todo percurso e sigam as instru\u00e7\u00f5es da comiss\u00e3o de organiza\u00e7\u00e3o. Aproveitem o caminho! O Cariri ser\u00e1 cen\u00e1rio, entre belas paisagens secas e rochosas, para mais esta edi\u00e7\u00e3o do pedal beneficente e conta com sua participa\u00e7\u00e3o. Teremos um percurso de 50km, saindo da Pra\u00e7a Bom Jesus com n\u00edvel de intensidade leve, passando por trilhas e estradas com pontos de apoio, hidrata\u00e7\u00e3o e alimenta\u00e7\u00e3o para os ciclistas que gostam de aventura pela zona rural da cidade. Ser\u00e1 disponibilizado suporte m\u00e9dico, profissionais de sa\u00fade, ambul\u00e2ncia, carro de apoio e mec\u00e2nico para eventuais necessidades. Este pedal \u00e9 uma realiza\u00e7\u00e3o da Prefeitura Municipal de Boa Vista em parceria com os grupos de bastante relev\u00e2ncia na cidade compostos por homens e mulheres, sendo eles: Quixe-quixe, Az fulo do Xique-xique, Seca bucho, Junto e misturado e o Pedala Boa Vista, que trabalham como volunt\u00e1rios para fazer este evento acontecer com a propor\u00e7\u00e3o que ele merece. Desde a organiza\u00e7\u00e3o, planejamento, abertura e limpeza de trilhas at\u00e9 a distribui\u00e7\u00e3o dos kits para os ciclistas que participam no dia.<\/p>\n","protected":false},"author":6,"featured_media":236605,"comment_status":"closed","ping_status":"closed","sticky":false,"template":"","format":"standard","meta":{"sfsi_plus_gutenberg_text_before_share":"","sfsi_plus_gutenberg_show_text_before_share":"","sfsi_plus_gutenberg_icon_type":"","sfsi_plus_gutenberg_icon_alignemt":"","sfsi_plus_gutenburg_max_per_row":"","footnotes":""},"categories":[69],"tags":[],"class_list":["post-236604","post","type-post","status-publish","format-standard","has-post-thumbnail","hentry","category-boa-vista"],"_links":{"self":[{"href":"https:\/\/www.caririemacao.com\/1\/wp-json\/wp\/v2\/posts\/236604","targetHints":{"allow":["GET"]}}],"collection":[{"href":"https:\/\/www.caririemacao.com\/1\/wp-json\/wp\/v2\/posts"}],"about":[{"href":"https:\/\/www.caririemacao.com\/1\/wp-json\/wp\/v2\/types\/post"}],"author":[{"embeddable":true,"href":"https:\/\/www.caririemacao.com\/1\/wp-json\/wp\/v2\/users\/6"}],"replies":[{"embeddable":true,"href":"https:\/\/www.caririemacao.com\/1\/wp-json\/wp\/v2\/comments?post=236604"}],"version-history":[{"count":1,"href":"https:\/\/www.caririemacao.com\/1\/wp-json\/wp\/v2\/posts\/236604\/revisions"}],"predecessor-version":[{"id":236606,"href":"https:\/\/www.caririemacao.com\/1\/wp-json\/wp\/v2\/posts\/236604\/revisions\/236606"}],"wp:featuredmedia":[{"embeddable":true,"href":"https:\/\/www.caririemacao.com\/1\/wp-json\/wp\/v2\/media\/236605"}],"wp:attachment":[{"href":"https:\/\/www.caririemacao.com\/1\/wp-json\/wp\/v2\/media?parent=236604"}],"wp:term":[{"taxonomy":"category","embeddable":true,"href":"https:\/\/www.caririemacao.com\/1\/wp-json\/wp\/v2\/categories?post=236604"},{"taxonomy":"post_tag","embeddable":true,"href":"https:\/\/www.caririemacao.com\/1\/wp-json\/wp\/v2\/tags?post=236604"}],"curies":[{"name":"wp","href":"https:\/\/api.w.org\/{rel}","templated":true}]}}