{"id":236640,"date":"2021-12-10T07:06:18","date_gmt":"2021-12-10T10:06:18","guid":{"rendered":"https:\/\/www.caririemacao.com\/1\/?p=236640"},"modified":"2021-12-10T07:06:18","modified_gmt":"2021-12-10T10:06:18","slug":"brasil-registra-206-mortes-por-covid-em-24-h-e-mais-de-9-mil-casos","status":"publish","type":"post","link":"https:\/\/www.caririemacao.com\/1\/2021\/12\/10\/brasil-registra-206-mortes-por-covid-em-24-h-e-mais-de-9-mil-casos\/","title":{"rendered":"Brasil registra 206 mortes por Covid em 24 h e mais de 9 mil casos"},"content":{"rendered":"<p>O Brasil registrou 206 mortes por Covid e 9.161 casos da doen\u00e7a, nesta quinta-feira (9). Com isso, o pa\u00eds chegou a 616.504 vidas perdidas e a 22.175.527 pessoas infectadas pelo Sars-CoV-2 desde o in\u00edcio da pandemia.<\/p>\n<p>A m\u00e9dia m\u00f3vel de mortes teve uma queda de 20%, em rela\u00e7\u00e3o ao dado de duas semanas atr\u00e1s. Assim como na quarta, ela \u00e9 de 183 \u00f3bitos por dia.<\/p>\n<p>J\u00e1 a m\u00e9dia m\u00f3vel de casos permanece em estabilidade, sem varia\u00e7\u00f5es superiores a 15%, tamb\u00e9m em rela\u00e7\u00e3o aos dados de duas semanas atr\u00e1s. Agora ela \u00e9 de 8.309 infec\u00e7\u00f5es di\u00e1rias.<\/p>\n<p>Os dados do pa\u00eds, coletados at\u00e9 20h, s\u00e3o fruto de colabora\u00e7\u00e3o entre Folha de S.Paulo, UOL, O Estado de S. Paulo, Extra, O Globo e G1 para reunir e divulgar os n\u00fameros relativos \u00e0 pandemia do novo coronav\u00edrus. As informa\u00e7\u00f5es s\u00e3o recolhidas pelo cons\u00f3rcio de ve\u00edculos de imprensa diariamente com as Secretarias de Sa\u00fade estaduais.<\/p>\n<p>Os dados da vacina\u00e7\u00e3o contra a Covid-19, tamb\u00e9m coletados pelo cons\u00f3rcio, foram atualizados em 23 estados e no Distrito Federal.<\/p>\n<p>O Brasil registrou 1.289.105 doses de vacinas contra Covid-19, nesta quinta. De acordo com dados das secretarias estaduais de Sa\u00fade, foram 112.168 primeiras doses, 663.266 segundas doses. Al\u00e9m disso, foram registradas 1.203 doses \u00fanicas e 512.468 doses de refor\u00e7o.<\/p>\n<p>Ao todo, 159.967.663 pessoas receberam pelo menos a primeira dose de uma vacina contra a Covid no Brasil \u2013134.261.837 delas j\u00e1 receberam a segunda dose do imunizante. Somadas as doses \u00fanicas da vacina da Janssen contra a Covid, j\u00e1 s\u00e3o 138.844.928 pessoas com as duas doses ou com uma dose da vacina da Janssen.<\/p>\n<p>Assim, o pa\u00eds j\u00e1 tem 74,99% da popula\u00e7\u00e3o com a 1\u00aa dose e 65,09% dos brasileiros com as duas doses ou com uma dose da vacina da Janssen. Considerando somente a popula\u00e7\u00e3o adulta, os valores s\u00e3o, respectivamente, de 98,69% e 85,66%.<\/p>\n<p>Mesmo quem recebeu as duas doses ou uma dose da vacina da Janssen deve manter cuidados b\u00e1sicos, como uso de m\u00e1scara e distanciamento social, afirmam especialistas<br \/>\nA iniciativa do cons\u00f3rcio de ve\u00edculos de imprensa ocorreu em resposta \u00e0s atitudes do governo Jair Bolsonaro (sem partido), que amea\u00e7ou sonegar dados, atrasou boletins sobre a doen\u00e7a e tirou informa\u00e7\u00f5es do ar, com a interrup\u00e7\u00e3o da divulga\u00e7\u00e3o dos totais de casos e mortes. Al\u00e9m disso, o governo divulgou dados conflitantes.<\/p>\n<p>FolhaPress<\/p>\n","protected":false},"excerpt":{"rendered":"<p>O Brasil registrou 206 mortes por Covid e 9.161 casos da doen\u00e7a, nesta quinta-feira (9). Com isso, o pa\u00eds chegou a 616.504 vidas perdidas e a 22.175.527 pessoas infectadas pelo Sars-CoV-2 desde o in\u00edcio da pandemia. A m\u00e9dia m\u00f3vel de mortes teve uma queda de 20%, em rela\u00e7\u00e3o ao dado de duas semanas atr\u00e1s. Assim como na quarta, ela \u00e9 de 183 \u00f3bitos por dia. J\u00e1 a m\u00e9dia m\u00f3vel de casos permanece em estabilidade, sem varia\u00e7\u00f5es superiores a 15%, tamb\u00e9m em rela\u00e7\u00e3o aos dados de duas semanas atr\u00e1s. Agora ela \u00e9 de 8.309 infec\u00e7\u00f5es di\u00e1rias. Os dados do pa\u00eds, coletados at\u00e9 20h, s\u00e3o fruto de colabora\u00e7\u00e3o entre Folha de S.Paulo, UOL, O Estado de S. Paulo, Extra, O Globo e G1 para reunir e divulgar os n\u00fameros relativos \u00e0 pandemia do novo coronav\u00edrus. As informa\u00e7\u00f5es s\u00e3o recolhidas pelo cons\u00f3rcio de ve\u00edculos de imprensa diariamente com as Secretarias de Sa\u00fade estaduais. Os dados da vacina\u00e7\u00e3o contra a Covid-19, tamb\u00e9m coletados pelo cons\u00f3rcio, foram atualizados em 23 estados e no Distrito Federal. O Brasil registrou 1.289.105 doses de vacinas contra Covid-19, nesta quinta. De acordo com dados das secretarias estaduais de Sa\u00fade, foram 112.168 primeiras doses, 663.266 segundas doses. Al\u00e9m disso, foram registradas 1.203 doses \u00fanicas e 512.468 doses de refor\u00e7o. Ao todo, 159.967.663 pessoas receberam pelo menos a primeira dose de uma vacina contra a Covid no Brasil \u2013134.261.837 delas j\u00e1 receberam a segunda dose do imunizante. Somadas as doses \u00fanicas da vacina da Janssen contra a Covid, j\u00e1 s\u00e3o 138.844.928 pessoas com as duas doses ou com uma dose da vacina da Janssen. Assim, o pa\u00eds j\u00e1 tem 74,99% da popula\u00e7\u00e3o com a 1\u00aa dose e 65,09% dos brasileiros com as duas doses ou com uma dose da vacina da Janssen. Considerando somente a popula\u00e7\u00e3o adulta, os valores s\u00e3o, respectivamente, de 98,69% e 85,66%. Mesmo quem recebeu as duas doses ou uma dose da vacina da Janssen deve manter cuidados b\u00e1sicos, como uso de m\u00e1scara e distanciamento social, afirmam especialistas A iniciativa do cons\u00f3rcio de ve\u00edculos de imprensa ocorreu em resposta \u00e0s atitudes do governo Jair Bolsonaro (sem partido), que amea\u00e7ou sonegar dados, atrasou boletins sobre a doen\u00e7a e tirou informa\u00e7\u00f5es do ar, com a interrup\u00e7\u00e3o da divulga\u00e7\u00e3o dos totais de casos e mortes. Al\u00e9m disso, o governo divulgou dados conflitantes. FolhaPress<\/p>\n","protected":false},"author":6,"featured_media":236641,"comment_status":"closed","ping_status":"closed","sticky":false,"template":"","format":"standard","meta":{"sfsi_plus_gutenberg_text_before_share":"","sfsi_plus_gutenberg_show_text_before_share":"","sfsi_plus_gutenberg_icon_type":"","sfsi_plus_gutenberg_icon_alignemt":"","sfsi_plus_gutenburg_max_per_row":"","footnotes":""},"categories":[123,124,50],"tags":[],"class_list":["post-236640","post","type-post","status-publish","format-standard","has-post-thumbnail","hentry","category-brasil","category-covid-19","category-destaque"],"_links":{"self":[{"href":"https:\/\/www.caririemacao.com\/1\/wp-json\/wp\/v2\/posts\/236640","targetHints":{"allow":["GET"]}}],"collection":[{"href":"https:\/\/www.caririemacao.com\/1\/wp-json\/wp\/v2\/posts"}],"about":[{"href":"https:\/\/www.caririemacao.com\/1\/wp-json\/wp\/v2\/types\/post"}],"author":[{"embeddable":true,"href":"https:\/\/www.caririemacao.com\/1\/wp-json\/wp\/v2\/users\/6"}],"replies":[{"embeddable":true,"href":"https:\/\/www.caririemacao.com\/1\/wp-json\/wp\/v2\/comments?post=236640"}],"version-history":[{"count":1,"href":"https:\/\/www.caririemacao.com\/1\/wp-json\/wp\/v2\/posts\/236640\/revisions"}],"predecessor-version":[{"id":236642,"href":"https:\/\/www.caririemacao.com\/1\/wp-json\/wp\/v2\/posts\/236640\/revisions\/236642"}],"wp:featuredmedia":[{"embeddable":true,"href":"https:\/\/www.caririemacao.com\/1\/wp-json\/wp\/v2\/media\/236641"}],"wp:attachment":[{"href":"https:\/\/www.caririemacao.com\/1\/wp-json\/wp\/v2\/media?parent=236640"}],"wp:term":[{"taxonomy":"category","embeddable":true,"href":"https:\/\/www.caririemacao.com\/1\/wp-json\/wp\/v2\/categories?post=236640"},{"taxonomy":"post_tag","embeddable":true,"href":"https:\/\/www.caririemacao.com\/1\/wp-json\/wp\/v2\/tags?post=236640"}],"curies":[{"name":"wp","href":"https:\/\/api.w.org\/{rel}","templated":true}]}}