{"id":236706,"date":"2021-12-11T07:34:39","date_gmt":"2021-12-11T10:34:39","guid":{"rendered":"https:\/\/www.caririemacao.com\/1\/?p=236706"},"modified":"2021-12-11T07:34:39","modified_gmt":"2021-12-11T10:34:39","slug":"detran-amplia-vagas-de-provas-para-obtencao-da-cnh-na-paraiba","status":"publish","type":"post","link":"https:\/\/www.caririemacao.com\/1\/2021\/12\/11\/detran-amplia-vagas-de-provas-para-obtencao-da-cnh-na-paraiba\/","title":{"rendered":"Detran amplia vagas de provas para obten\u00e7\u00e3o da CNH na Para\u00edba"},"content":{"rendered":"<p>O Departamento Estadual de Tr\u00e2nsito da Para\u00edba (Detran-PB) ampliou o n\u00famero de agendamentos para os candidatos \u00e0s provas de Legisla\u00e7\u00e3o de Tr\u00e2nsito, para obten\u00e7\u00e3o da Carteira Nacional de Habilita\u00e7\u00e3o (CNH). A partir desta sexta-feira (10), o n\u00famero de vagas semanais passa de 120 para 150, dispon\u00edveis para o in\u00edcio do m\u00eas de janeiro, por meio do site www.detran.pb.gov.br.<\/p>\n<p>As provas de Legisla\u00e7\u00e3o ser\u00e3o aplicadas em duas turmas di\u00e1rias de 75 alunos cada, no turno da manh\u00e3, respeitando todos os protocolos de seguran\u00e7a sanit\u00e1ria, a fim de evitar a propaga\u00e7\u00e3o do novo coronav\u00edrus. A medida vai proporcionar um aumento mensal de mais 600 candidatos \u00e0s provas te\u00f3ricas, reduzindo a demanda reprimida junto aos Centros de Forma\u00e7\u00e3o de Condutores (CFCs), ocasionada pela pandemia da Covid-19.<\/p>\n<p>Segundo o coordenador da Controladoria Regional de Tr\u00e2nsito (CRT), Urbano Junior, \u201cconscientes de que estamos avan\u00e7ando no combate contra a Covid, a medida visa ampliar os servi\u00e7os prestados pelo \u00f3rg\u00e3o. Essa amplia\u00e7\u00e3o tamb\u00e9m prev\u00ea o per\u00edodo de f\u00e9rias escolares, quando cresce a procura dos candidatos\u201d.<\/p>\n<p>As novas vagas ser\u00e3o disponibilizadas para a sede, em Jo\u00e3o Pessoa, que realiza provas diariamente. \u201cCom essa amplia\u00e7\u00e3o, o \u00f3rg\u00e3o chegar\u00e1 a aplicar mais de 3 mil provas mensais\u201d, enfatizou Urbano Junior, lembrando que \u00e9 necess\u00e1ria a comprova\u00e7\u00e3o do esquema vacinal completo para ingressar no Detran-PB, em cumprimento ao Decreto Governamental n\u00ba 41.979\/2021.<\/p>\n<p>&nbsp;<\/p>\n","protected":false},"excerpt":{"rendered":"<p>O Departamento Estadual de Tr\u00e2nsito da Para\u00edba (Detran-PB) ampliou o n\u00famero de agendamentos para os candidatos \u00e0s provas de Legisla\u00e7\u00e3o de Tr\u00e2nsito, para obten\u00e7\u00e3o da Carteira Nacional de Habilita\u00e7\u00e3o (CNH). A partir desta sexta-feira (10), o n\u00famero de vagas semanais passa de 120 para 150, dispon\u00edveis para o in\u00edcio do m\u00eas de janeiro, por meio do site www.detran.pb.gov.br. As provas de Legisla\u00e7\u00e3o ser\u00e3o aplicadas em duas turmas di\u00e1rias de 75 alunos cada, no turno da manh\u00e3, respeitando todos os protocolos de seguran\u00e7a sanit\u00e1ria, a fim de evitar a propaga\u00e7\u00e3o do novo coronav\u00edrus. A medida vai proporcionar um aumento mensal de mais 600 candidatos \u00e0s provas te\u00f3ricas, reduzindo a demanda reprimida junto aos Centros de Forma\u00e7\u00e3o de Condutores (CFCs), ocasionada pela pandemia da Covid-19. Segundo o coordenador da Controladoria Regional de Tr\u00e2nsito (CRT), Urbano Junior, \u201cconscientes de que estamos avan\u00e7ando no combate contra a Covid, a medida visa ampliar os servi\u00e7os prestados pelo \u00f3rg\u00e3o. Essa amplia\u00e7\u00e3o tamb\u00e9m prev\u00ea o per\u00edodo de f\u00e9rias escolares, quando cresce a procura dos candidatos\u201d. As novas vagas ser\u00e3o disponibilizadas para a sede, em Jo\u00e3o Pessoa, que realiza provas diariamente. \u201cCom essa amplia\u00e7\u00e3o, o \u00f3rg\u00e3o chegar\u00e1 a aplicar mais de 3 mil provas mensais\u201d, enfatizou Urbano Junior, lembrando que \u00e9 necess\u00e1ria a comprova\u00e7\u00e3o do esquema vacinal completo para ingressar no Detran-PB, em cumprimento ao Decreto Governamental n\u00ba 41.979\/2021. &nbsp;<\/p>\n","protected":false},"author":6,"featured_media":236707,"comment_status":"closed","ping_status":"closed","sticky":false,"template":"","format":"standard","meta":{"sfsi_plus_gutenberg_text_before_share":"","sfsi_plus_gutenberg_show_text_before_share":"","sfsi_plus_gutenberg_icon_type":"","sfsi_plus_gutenberg_icon_alignemt":"","sfsi_plus_gutenburg_max_per_row":"","footnotes":""},"categories":[104],"tags":[],"class_list":["post-236706","post","type-post","status-publish","format-standard","has-post-thumbnail","hentry","category-paraiba"],"_links":{"self":[{"href":"https:\/\/www.caririemacao.com\/1\/wp-json\/wp\/v2\/posts\/236706","targetHints":{"allow":["GET"]}}],"collection":[{"href":"https:\/\/www.caririemacao.com\/1\/wp-json\/wp\/v2\/posts"}],"about":[{"href":"https:\/\/www.caririemacao.com\/1\/wp-json\/wp\/v2\/types\/post"}],"author":[{"embeddable":true,"href":"https:\/\/www.caririemacao.com\/1\/wp-json\/wp\/v2\/users\/6"}],"replies":[{"embeddable":true,"href":"https:\/\/www.caririemacao.com\/1\/wp-json\/wp\/v2\/comments?post=236706"}],"version-history":[{"count":2,"href":"https:\/\/www.caririemacao.com\/1\/wp-json\/wp\/v2\/posts\/236706\/revisions"}],"predecessor-version":[{"id":236709,"href":"https:\/\/www.caririemacao.com\/1\/wp-json\/wp\/v2\/posts\/236706\/revisions\/236709"}],"wp:featuredmedia":[{"embeddable":true,"href":"https:\/\/www.caririemacao.com\/1\/wp-json\/wp\/v2\/media\/236707"}],"wp:attachment":[{"href":"https:\/\/www.caririemacao.com\/1\/wp-json\/wp\/v2\/media?parent=236706"}],"wp:term":[{"taxonomy":"category","embeddable":true,"href":"https:\/\/www.caririemacao.com\/1\/wp-json\/wp\/v2\/categories?post=236706"},{"taxonomy":"post_tag","embeddable":true,"href":"https:\/\/www.caririemacao.com\/1\/wp-json\/wp\/v2\/tags?post=236706"}],"curies":[{"name":"wp","href":"https:\/\/api.w.org\/{rel}","templated":true}]}}