{"id":23678,"date":"2017-07-14T10:39:00","date_gmt":"2017-07-14T13:39:00","guid":{"rendered":"http:\/\/caririemacao.com\/1\/?p=23678"},"modified":"2017-07-14T10:41:09","modified_gmt":"2017-07-14T13:41:09","slug":"em-santo-andre-campeonato-de-futebol-2017-tem-inicio-neste-domingo-16","status":"publish","type":"post","link":"https:\/\/www.caririemacao.com\/1\/2017\/07\/14\/em-santo-andre-campeonato-de-futebol-2017-tem-inicio-neste-domingo-16\/","title":{"rendered":"\u00a0Em Santo Andr\u00e9: Campeonato de Futebol 2017 tem in\u00edcio neste domingo (16)"},"content":{"rendered":"<p>A Prefeitura de Santo Andr\u00e9 divulgou na tarde desta quinta-feira (13) a tabela do Campeonato Municipal de Futebol. De acordo com a programa\u00e7\u00e3o, o certame ter\u00e1 in\u00edcio no pr\u00f3ximo domingo, dia 16 de julho.<\/p>\n<p>O Campeonato Municipal de Futebol conta com duas chaves, oito rodadas e seis partidas em cada rodada. O evento \u00e9 uma realiza\u00e7\u00e3o da Prefeitura Municipal, atrav\u00e9s da Secretaria de Educa\u00e7\u00e3o e Esportes, e ser\u00e1 coordenado pelos colaboradores Chico de Jo\u00e3o e Chimbica.<\/p>\n<p>A abertura do campeonato ser\u00e1 marcada pela disputa entre as equipes de Malhada Alegre, Pipa S\u00e3o Felix, Lagoa, Cara\u00e7\u00e1 II Cara\u00e7\u00e1 I e Malhada Vermelha, al\u00e9m do time Santo Andr\u00e9, da sede do munic\u00edpio.<\/p>\n<p><strong>CARIRI EM A\u00c7\u00c3O<\/strong><\/p>\n<p><strong>Leia mais not\u00edcias em\u00a0<\/strong><a href=\"http:\/\/www.caririemacao.com\/\"><strong>caririemacao.com<\/strong><\/a><strong>, siga nossa p\u00e1gina no\u00a0<\/strong><a href=\"https:\/\/www.facebook.com\/CaririEmAcao\/?ref=aymt_homepage_panel\"><strong>Facebook<\/strong><\/a><strong>\u00a0e\u00a0<a href=\"https:\/\/www.instagram.com\/cariri_em_acao\/?hl=pt-br\">Instagram<\/a>\u00a0veja nossas mat\u00e9rias e fotos. Voc\u00ea tamb\u00e9m pode enviar informa\u00e7\u00f5es \u00e0 Reda\u00e7\u00e3o do Portal Cariri em A\u00e7\u00e3o pelo WhatsApp (83) 9 9634.5791, (83) 9 9601-1162.<\/strong><\/p>\n","protected":false},"excerpt":{"rendered":"<p>A Prefeitura de Santo Andr\u00e9 divulgou na tarde desta quinta-feira (13) a tabela do Campeonato Municipal de Futebol. De acordo com a programa\u00e7\u00e3o, o certame&hellip; <\/p>\n","protected":false},"author":2,"featured_media":23679,"comment_status":"closed","ping_status":"closed","sticky":false,"template":"","format":"standard","meta":{"sfsi_plus_gutenberg_text_before_share":"","sfsi_plus_gutenberg_show_text_before_share":"","sfsi_plus_gutenberg_icon_type":"","sfsi_plus_gutenberg_icon_alignemt":"","sfsi_plus_gutenburg_max_per_row":"","footnotes":""},"categories":[13],"tags":[],"class_list":["post-23678","post","type-post","status-publish","format-standard","has-post-thumbnail","hentry","category-esportes"],"_links":{"self":[{"href":"https:\/\/www.caririemacao.com\/1\/wp-json\/wp\/v2\/posts\/23678","targetHints":{"allow":["GET"]}}],"collection":[{"href":"https:\/\/www.caririemacao.com\/1\/wp-json\/wp\/v2\/posts"}],"about":[{"href":"https:\/\/www.caririemacao.com\/1\/wp-json\/wp\/v2\/types\/post"}],"author":[{"embeddable":true,"href":"https:\/\/www.caririemacao.com\/1\/wp-json\/wp\/v2\/users\/2"}],"replies":[{"embeddable":true,"href":"https:\/\/www.caririemacao.com\/1\/wp-json\/wp\/v2\/comments?post=23678"}],"version-history":[{"count":0,"href":"https:\/\/www.caririemacao.com\/1\/wp-json\/wp\/v2\/posts\/23678\/revisions"}],"wp:featuredmedia":[{"embeddable":true,"href":"https:\/\/www.caririemacao.com\/1\/wp-json\/wp\/v2\/media\/23679"}],"wp:attachment":[{"href":"https:\/\/www.caririemacao.com\/1\/wp-json\/wp\/v2\/media?parent=23678"}],"wp:term":[{"taxonomy":"category","embeddable":true,"href":"https:\/\/www.caririemacao.com\/1\/wp-json\/wp\/v2\/categories?post=23678"},{"taxonomy":"post_tag","embeddable":true,"href":"https:\/\/www.caririemacao.com\/1\/wp-json\/wp\/v2\/tags?post=23678"}],"curies":[{"name":"wp","href":"https:\/\/api.w.org\/{rel}","templated":true}]}}