{"id":236858,"date":"2021-12-14T07:02:07","date_gmt":"2021-12-14T10:02:07","guid":{"rendered":"https:\/\/www.caririemacao.com\/1\/?p=236858"},"modified":"2021-12-14T07:02:07","modified_gmt":"2021-12-14T10:02:07","slug":"bolsonaro-participa-de-cerimonia-de-reconhecimento-do-forro-como-patrimonio-cultural-do-brasil","status":"publish","type":"post","link":"https:\/\/www.caririemacao.com\/1\/2021\/12\/14\/bolsonaro-participa-de-cerimonia-de-reconhecimento-do-forro-como-patrimonio-cultural-do-brasil\/","title":{"rendered":"Bolsonaro participa de cerim\u00f4nia de reconhecimento do forr\u00f3 como Patrim\u00f4nio Cultural do Brasil"},"content":{"rendered":"<p>O presidente Jair Bolsonaro participou hoje (13) da cerim\u00f4nia de reconhecimento do forr\u00f3 como patrim\u00f4nio cultural do Brasil. O evento tamb\u00e9m foi realizado em homenagem p\u00f3stuma ao cantor Luiz Gonzaga, o Rei do Bai\u00e3o, que faleceu em 1989 e completaria 109 anos.<\/p>\n<p>Na semana passada, em decis\u00e3o un\u00e2nime, o Conselho Consultivo do Patrim\u00f4nio Cultural do Instituto do Patrim\u00f4nio Hist\u00f3rico e Art\u00edstico Nacional (Iphan) declarou as matrizes tradicionais do forr\u00f3 como Patrim\u00f4nio Cultural do Brasil.<\/p>\n<p>Na cerim\u00f4nia, Bolsonaro assinou um documento que torna as matrizes tradicionais do Forr\u00f3 entre os bens imateriais. Em homenagem aos artistas do forr\u00f3, o t\u00edtulo foi entregue ao cantor e compositor Alcimar Monteiro.<\/p>\n<p>Na avalia\u00e7\u00e3o do ministro do Turismo, Gilson Machado, o forr\u00f3 sempre foi considerado patrim\u00f4nio cultural do pa\u00eds, mas n\u00e3o era reconhecido oficialmente.<\/p>\n<p>\u201cN\u00e3o tinha acesso \u00e0 pol\u00edtica p\u00fablica, n\u00e3o podia receber verbas como hoje pode receber, n\u00e3o podia ser divulgado no exterior como merecia pela Embratur e pelo governo federal\u201d, disse.<\/p>\n<p>A presidente do Iphan, Larissa Peixoto, destacou que o forr\u00f3 faz parte da identidade do Brasil e representa a mistura de ra\u00e7as que comp\u00f5em o pa\u00eds.<\/p>\n<p>\u201cEsse pedido [de reconhecimento] foi feito h\u00e1 dez anos atr\u00e1s e somente agora ele se tornou realidade, depois de muito trabalho\u201d, declarou.<\/p>\n<p>O secret\u00e1rio especial da Cultura, M\u00e1rio Frias, disse que o trabalho na \u00e1rea \u00e9 realizado para desenvolver a cultura para o homem comum e favorecer \u00e0 popula\u00e7\u00e3o.<\/p>\n<p>\u201cNossa postura \u00e9 para dar oportunidade para surjam artistas como Luiz Gonzaga, Dominguinhos e tantos outros, que nunca precisaram de verbas p\u00fablicas para encantar nossos cora\u00e7\u00f5es e preencher nossas almas\u201d, afirmou.<\/p>\n<p><strong>Iphan\u00a0<\/strong><\/p>\n<p>O\u00a0 Conselho Consultivo do Patrim\u00f4nio Cultural \u00e9 formado por representantes de institui\u00e7\u00f5es p\u00fablicas, privadas e da sociedade civil. A coordena\u00e7\u00e3o fica a cargo da presidente do Iphan, Larissa Peixoto.<\/p>\n<p>O conselho deve examinar, apreciar e decidir sobre quest\u00f5es relacionadas a tombamento e rerratifica\u00e7\u00e3o de tombamento de bens culturais de natureza material, assim como registro e reavalia\u00e7\u00e3o de registro de bens culturais de natureza imaterial. O \u00f3rg\u00e3o tamb\u00e9m \u00e9 respons\u00e1vel por decidir sobre a sa\u00edda tempor\u00e1ria do pa\u00eds de bens acautelados pela Uni\u00e3o, al\u00e9m de outras quest\u00f5es relativas ao patrim\u00f4nio cultural.<\/p>\n<p>&nbsp;<\/p>\n","protected":false},"excerpt":{"rendered":"<p>O presidente Jair Bolsonaro participou hoje (13) da cerim\u00f4nia de reconhecimento do forr\u00f3 como patrim\u00f4nio cultural do Brasil. O evento tamb\u00e9m foi realizado em homenagem p\u00f3stuma ao cantor Luiz Gonzaga, o Rei do Bai\u00e3o, que faleceu em 1989 e completaria 109 anos. Na semana passada, em decis\u00e3o un\u00e2nime, o Conselho Consultivo do Patrim\u00f4nio Cultural do Instituto do Patrim\u00f4nio Hist\u00f3rico e Art\u00edstico Nacional (Iphan) declarou as matrizes tradicionais do forr\u00f3 como Patrim\u00f4nio Cultural do Brasil. Na cerim\u00f4nia, Bolsonaro assinou um documento que torna as matrizes tradicionais do Forr\u00f3 entre os bens imateriais. Em homenagem aos artistas do forr\u00f3, o t\u00edtulo foi entregue ao cantor e compositor Alcimar Monteiro. Na avalia\u00e7\u00e3o do ministro do Turismo, Gilson Machado, o forr\u00f3 sempre foi considerado patrim\u00f4nio cultural do pa\u00eds, mas n\u00e3o era reconhecido oficialmente. \u201cN\u00e3o tinha acesso \u00e0 pol\u00edtica p\u00fablica, n\u00e3o podia receber verbas como hoje pode receber, n\u00e3o podia ser divulgado no exterior como merecia pela Embratur e pelo governo federal\u201d, disse. A presidente do Iphan, Larissa Peixoto, destacou que o forr\u00f3 faz parte da identidade do Brasil e representa a mistura de ra\u00e7as que comp\u00f5em o pa\u00eds. \u201cEsse pedido [de reconhecimento] foi feito h\u00e1 dez anos atr\u00e1s e somente agora ele se tornou realidade, depois de muito trabalho\u201d, declarou. O secret\u00e1rio especial da Cultura, M\u00e1rio Frias, disse que o trabalho na \u00e1rea \u00e9 realizado para desenvolver a cultura para o homem comum e favorecer \u00e0 popula\u00e7\u00e3o. \u201cNossa postura \u00e9 para dar oportunidade para surjam artistas como Luiz Gonzaga, Dominguinhos e tantos outros, que nunca precisaram de verbas p\u00fablicas para encantar nossos cora\u00e7\u00f5es e preencher nossas almas\u201d, afirmou. Iphan\u00a0 O\u00a0 Conselho Consultivo do Patrim\u00f4nio Cultural \u00e9 formado por representantes de institui\u00e7\u00f5es p\u00fablicas, privadas e da sociedade civil. A coordena\u00e7\u00e3o fica a cargo da presidente do Iphan, Larissa Peixoto. O conselho deve examinar, apreciar e decidir sobre quest\u00f5es relacionadas a tombamento e rerratifica\u00e7\u00e3o de tombamento de bens culturais de natureza material, assim como registro e reavalia\u00e7\u00e3o de registro de bens culturais de natureza imaterial. O \u00f3rg\u00e3o tamb\u00e9m \u00e9 respons\u00e1vel por decidir sobre a sa\u00edda tempor\u00e1ria do pa\u00eds de bens acautelados pela Uni\u00e3o, al\u00e9m de outras quest\u00f5es relativas ao patrim\u00f4nio cultural. &nbsp;<\/p>\n","protected":false},"author":6,"featured_media":236859,"comment_status":"closed","ping_status":"closed","sticky":false,"template":"","format":"standard","meta":{"sfsi_plus_gutenberg_text_before_share":"","sfsi_plus_gutenberg_show_text_before_share":"","sfsi_plus_gutenberg_icon_type":"","sfsi_plus_gutenberg_icon_alignemt":"","sfsi_plus_gutenburg_max_per_row":"","footnotes":""},"categories":[98],"tags":[],"class_list":["post-236858","post","type-post","status-publish","format-standard","has-post-thumbnail","hentry","category-presidente"],"_links":{"self":[{"href":"https:\/\/www.caririemacao.com\/1\/wp-json\/wp\/v2\/posts\/236858","targetHints":{"allow":["GET"]}}],"collection":[{"href":"https:\/\/www.caririemacao.com\/1\/wp-json\/wp\/v2\/posts"}],"about":[{"href":"https:\/\/www.caririemacao.com\/1\/wp-json\/wp\/v2\/types\/post"}],"author":[{"embeddable":true,"href":"https:\/\/www.caririemacao.com\/1\/wp-json\/wp\/v2\/users\/6"}],"replies":[{"embeddable":true,"href":"https:\/\/www.caririemacao.com\/1\/wp-json\/wp\/v2\/comments?post=236858"}],"version-history":[{"count":1,"href":"https:\/\/www.caririemacao.com\/1\/wp-json\/wp\/v2\/posts\/236858\/revisions"}],"predecessor-version":[{"id":236860,"href":"https:\/\/www.caririemacao.com\/1\/wp-json\/wp\/v2\/posts\/236858\/revisions\/236860"}],"wp:featuredmedia":[{"embeddable":true,"href":"https:\/\/www.caririemacao.com\/1\/wp-json\/wp\/v2\/media\/236859"}],"wp:attachment":[{"href":"https:\/\/www.caririemacao.com\/1\/wp-json\/wp\/v2\/media?parent=236858"}],"wp:term":[{"taxonomy":"category","embeddable":true,"href":"https:\/\/www.caririemacao.com\/1\/wp-json\/wp\/v2\/categories?post=236858"},{"taxonomy":"post_tag","embeddable":true,"href":"https:\/\/www.caririemacao.com\/1\/wp-json\/wp\/v2\/tags?post=236858"}],"curies":[{"name":"wp","href":"https:\/\/api.w.org\/{rel}","templated":true}]}}