{"id":236960,"date":"2021-12-15T10:32:50","date_gmt":"2021-12-15T13:32:50","guid":{"rendered":"https:\/\/www.caririemacao.com\/1\/?p=236960"},"modified":"2021-12-15T10:32:50","modified_gmt":"2021-12-15T13:32:50","slug":"ibge-abre-inscricao-para-selecao-de-207-mil-trabalhadores-para-o-censo","status":"publish","type":"post","link":"https:\/\/www.caririemacao.com\/1\/2021\/12\/15\/ibge-abre-inscricao-para-selecao-de-207-mil-trabalhadores-para-o-censo\/","title":{"rendered":"IBGE abre inscri\u00e7\u00e3o para sele\u00e7\u00e3o de 207 mil trabalhadores para o Censo"},"content":{"rendered":"<p>O Instituto Brasileiro de Geografia e Estat\u00edstica (IBGE) publicou,\u00a0<span id=\"OBJ_PREFIX_DWT167_com_zimbra_date\" role=\"link\">hoje<\/span>\u00a0(15), no\u00a0<em>Di\u00e1rio Oficial da Uni\u00e3o<\/em>, o edital para sele\u00e7\u00e3o de recenseadores e agentes censit\u00e1rios do Censo Demogr\u00e1fico 2022. Ser\u00e3o 206.891 vagas tempor\u00e1rias para todo o pa\u00eds.<img decoding=\"async\" src=\"https:\/\/agenciabrasil.ebc.com.br\/ebc.png?id=1432002&amp;o=node\" \/><img decoding=\"async\" src=\"https:\/\/agenciabrasil.ebc.com.br\/ebc.gif?id=1432002&amp;o=node\" \/><\/p>\n<p>Antes deste edital, o IBGE j\u00e1 tinha aberto dois processos seletivos, que foram cancelados, devido a adiamentos do censo. O primeiro cancelamento foi em mar\u00e7o de 2020 e, o segundo, em outubro deste ano.<\/p>\n<p>Das vagas, 183.021 ser\u00e3o para\u00a0<a href=\"https:\/\/www.in.gov.br\/en\/web\/dou\/-\/edital-n-10\/2021-367276526\">recenseador<\/a>, 18.420 para\u00a0<a href=\"https:\/\/www.in.gov.br\/web\/dou\/-\/edital-n-9\/2021-367276694\">agente censit\u00e1rio supervisor<\/a>\u00a0e 5.450 para\u00a0<a href=\"https:\/\/www.in.gov.br\/en\/web\/dou\/-\/edital-n-9\/2021-367276694\">agente censit\u00e1rio municipal<\/a>. As inscri\u00e7\u00f5es ser\u00e3o abertas \u00e0s 16h de\u00a0<span id=\"OBJ_PREFIX_DWT168_com_zimbra_date\" role=\"link\">hoje<\/span>\u00a0(15) e terminam \u00e0s 16h de\u00a0<span id=\"OBJ_PREFIX_DWT169_com_zimbra_date\" role=\"link\">29 de dezembro<\/span>\u00a0deste ano.<\/p>\n<p>As inscri\u00e7\u00f5es ser\u00e3o feitas pelo\u00a0<a href=\"https:\/\/conhecimento.fgv.br\/concursos\/ibgepss21\" target=\"_blank\" rel=\"noopener\">site da FGV Conhecimento<\/a>, onde tamb\u00e9m poder\u00e3o ser encontradas informa\u00e7\u00f5es sobre as provas.<\/p>\n<h2>Sal\u00e1rios<\/h2>\n<p>Os recenseadores, que s\u00e3o os respons\u00e1veis pela aplica\u00e7\u00e3o do question\u00e1rio do Censo nos domic\u00edlios,\u00a0<span id=\"OBJ_PREFIX_DWT171_com_zimbra_date\" role=\"link\">ter<\/span>\u00e3o sal\u00e1rio vari\u00e1vel de acordo com a produ\u00e7\u00e3o. A carga hor\u00e1ria semanal recomend\u00e1vel \u00e9 de 25 horas. A taxa de inscri\u00e7\u00e3o custa R$ 57,50.<\/p>\n<p>Os agentes censit\u00e1rios supervisores supervisionam o trabalho dos recenseadores. Eles t\u00eam a carga hor\u00e1ria semanal de 40 horas e sal\u00e1rio de R$ 1.700.<\/p>\n<p>J\u00e1 os agentes censit\u00e1rios municipais t\u00eam, entre suas atribui\u00e7\u00f5es, garantir a cobertura de sua \u00e1rea territorial, o cumprimento dos prazos e a qualidade das informa\u00e7\u00f5es coletadas. A carga hor\u00e1ria \u00e9 de 40 horas e o sal\u00e1rio, de R$ 2.100. O valor da taxa de inscri\u00e7\u00e3o para ambos os cargos \u00e9 de R$ 60,50.<\/p>\n<p>Ag\u00eancia Brasil<\/p>\n","protected":false},"excerpt":{"rendered":"<p>O Instituto Brasileiro de Geografia e Estat\u00edstica (IBGE) publicou,\u00a0hoje\u00a0(15), no\u00a0Di\u00e1rio Oficial da Uni\u00e3o, o edital para sele\u00e7\u00e3o de recenseadores e agentes censit\u00e1rios do Censo Demogr\u00e1fico 2022. Ser\u00e3o 206.891 vagas tempor\u00e1rias para todo o pa\u00eds. Antes deste edital, o IBGE j\u00e1 tinha aberto dois processos seletivos, que foram cancelados, devido a adiamentos do censo. O primeiro cancelamento foi em mar\u00e7o de 2020 e, o segundo, em outubro deste ano. Das vagas, 183.021 ser\u00e3o para\u00a0recenseador, 18.420 para\u00a0agente censit\u00e1rio supervisor\u00a0e 5.450 para\u00a0agente censit\u00e1rio municipal. As inscri\u00e7\u00f5es ser\u00e3o abertas \u00e0s 16h de\u00a0hoje\u00a0(15) e terminam \u00e0s 16h de\u00a029 de dezembro\u00a0deste ano. As inscri\u00e7\u00f5es ser\u00e3o feitas pelo\u00a0site da FGV Conhecimento, onde tamb\u00e9m poder\u00e3o ser encontradas informa\u00e7\u00f5es sobre as provas. Sal\u00e1rios Os recenseadores, que s\u00e3o os respons\u00e1veis pela aplica\u00e7\u00e3o do question\u00e1rio do Censo nos domic\u00edlios,\u00a0ter\u00e3o sal\u00e1rio vari\u00e1vel de acordo com a produ\u00e7\u00e3o. A carga hor\u00e1ria semanal recomend\u00e1vel \u00e9 de 25 horas. A taxa de inscri\u00e7\u00e3o custa R$ 57,50. Os agentes censit\u00e1rios supervisores supervisionam o trabalho dos recenseadores. Eles t\u00eam a carga hor\u00e1ria semanal de 40 horas e sal\u00e1rio de R$ 1.700. J\u00e1 os agentes censit\u00e1rios municipais t\u00eam, entre suas atribui\u00e7\u00f5es, garantir a cobertura de sua \u00e1rea territorial, o cumprimento dos prazos e a qualidade das informa\u00e7\u00f5es coletadas. A carga hor\u00e1ria \u00e9 de 40 horas e o sal\u00e1rio, de R$ 2.100. O valor da taxa de inscri\u00e7\u00e3o para ambos os cargos \u00e9 de R$ 60,50. Ag\u00eancia Brasil<\/p>\n","protected":false},"author":6,"featured_media":236971,"comment_status":"closed","ping_status":"closed","sticky":false,"template":"","format":"standard","meta":{"sfsi_plus_gutenberg_text_before_share":"","sfsi_plus_gutenberg_show_text_before_share":"","sfsi_plus_gutenberg_icon_type":"","sfsi_plus_gutenberg_icon_alignemt":"","sfsi_plus_gutenburg_max_per_row":"","footnotes":""},"categories":[50],"tags":[],"class_list":["post-236960","post","type-post","status-publish","format-standard","has-post-thumbnail","hentry","category-destaque"],"_links":{"self":[{"href":"https:\/\/www.caririemacao.com\/1\/wp-json\/wp\/v2\/posts\/236960","targetHints":{"allow":["GET"]}}],"collection":[{"href":"https:\/\/www.caririemacao.com\/1\/wp-json\/wp\/v2\/posts"}],"about":[{"href":"https:\/\/www.caririemacao.com\/1\/wp-json\/wp\/v2\/types\/post"}],"author":[{"embeddable":true,"href":"https:\/\/www.caririemacao.com\/1\/wp-json\/wp\/v2\/users\/6"}],"replies":[{"embeddable":true,"href":"https:\/\/www.caririemacao.com\/1\/wp-json\/wp\/v2\/comments?post=236960"}],"version-history":[{"count":1,"href":"https:\/\/www.caririemacao.com\/1\/wp-json\/wp\/v2\/posts\/236960\/revisions"}],"predecessor-version":[{"id":236972,"href":"https:\/\/www.caririemacao.com\/1\/wp-json\/wp\/v2\/posts\/236960\/revisions\/236972"}],"wp:featuredmedia":[{"embeddable":true,"href":"https:\/\/www.caririemacao.com\/1\/wp-json\/wp\/v2\/media\/236971"}],"wp:attachment":[{"href":"https:\/\/www.caririemacao.com\/1\/wp-json\/wp\/v2\/media?parent=236960"}],"wp:term":[{"taxonomy":"category","embeddable":true,"href":"https:\/\/www.caririemacao.com\/1\/wp-json\/wp\/v2\/categories?post=236960"},{"taxonomy":"post_tag","embeddable":true,"href":"https:\/\/www.caririemacao.com\/1\/wp-json\/wp\/v2\/tags?post=236960"}],"curies":[{"name":"wp","href":"https:\/\/api.w.org\/{rel}","templated":true}]}}