{"id":23698,"date":"2017-07-14T10:47:24","date_gmt":"2017-07-14T13:47:24","guid":{"rendered":"http:\/\/caririemacao.com\/1\/?p=23698"},"modified":"2017-07-14T10:47:24","modified_gmt":"2017-07-14T13:47:24","slug":"aguinaldo-ribeiro-manda-recado-e-cobra-lealdade-de-aliados-de-temer","status":"publish","type":"post","link":"https:\/\/www.caririemacao.com\/1\/2017\/07\/14\/aguinaldo-ribeiro-manda-recado-e-cobra-lealdade-de-aliados-de-temer\/","title":{"rendered":"Aguinaldo Ribeiro manda recado e cobra lealdade de aliados de Temer"},"content":{"rendered":"<p>L\u00edder do governo Temer na C\u00e2mara dos Deputados, o deputado federal Aguinaldo Ribeiro disse que est\u00e1 tranquilo em rela\u00e7\u00e3o a den\u00fancia contra o presidente Michel Temer, que ser\u00e1 votada no dia 2 de agosto no plen\u00e1rio da C\u00e2mara. Mas, mandou um recado para os aliados cobrando lealdade.<\/p>\n<div>&#8220;Quem quer ser governo e participa do governo est\u00e1 no governo. Quem n\u00e3o quer ser governo, \u00e9 uma op\u00e7\u00e3o, n\u00e3o \u00e9 obrigado a fazer parte&#8221;, declarou Aguinaldo, em entrevista ao Bom Dia Brasil, na edi\u00e7\u00e3o desta sexta-feira (14), numa demonstra\u00e7\u00e3o clara de que, apesar da tranquilidade, o Pal\u00e1cio do Planalto est\u00e1 de olho nos votos dos aliados no dia 2 de agosto.<\/div>\n<div><\/div>\n<div>O presidente da C\u00e2mara, Rodrigo Maia, anunciou que a vota\u00e7\u00e3o do parecer contr\u00e1rio ao prosseguimento da den\u00fancia contra Michel Temer ocorrer\u00e1 no proximo dia 2 de agosto, ap\u00f3s o recesso parlamentar.<\/div>\n<div><\/div>\n<div>De acordo com ele, a decis\u00e3o foi tomada ap\u00f3s um acordo feito com as lideran\u00e7as do governo e da oposi\u00e7\u00e3o, logo depois de ter sido aprovado na Comiss\u00e3o de Constitui\u00e7\u00e3o e Justi\u00e7a (CCJ) o relat\u00f3rio que recomenda o arquivamento da den\u00fancia apresentada pela Procuradoria-Geral da Rep\u00fablica (PGR) contra o presidente Michel Temer pelo crime de corrup\u00e7\u00e3o passiva.<\/div>\n<div>\n<p><strong><em>CARIRI EM A\u00c7\u00c3O<\/em><\/strong><\/p>\n<p>Com Parlamento PB\/Foto: Google<\/p>\n<p><strong>Leia mais not\u00edcias em\u00a0<\/strong><a href=\"http:\/\/www.caririemacao.com\/\"><strong>caririemacao.com<\/strong><\/a><strong>, siga nossa p\u00e1gina no\u00a0<\/strong><a href=\"https:\/\/www.facebook.com\/CaririEmAcao\/?ref=aymt_homepage_panel\"><strong>Facebook<\/strong><\/a><strong>\u00a0e\u00a0<a href=\"https:\/\/www.instagram.com\/cariri_em_acao\/?hl=pt-br\">Instagram<\/a>\u00a0veja nossas mat\u00e9rias e fotos. Voc\u00ea tamb\u00e9m pode enviar informa\u00e7\u00f5es \u00e0 Reda\u00e7\u00e3o do Portal Cariri em A\u00e7\u00e3o pelo WhatsApp (83) 9 9634.5791, (83) 9 9601-1162.<\/strong><\/p>\n<\/div>\n","protected":false},"excerpt":{"rendered":"<p>L\u00edder do governo Temer na C\u00e2mara dos Deputados, o deputado federal Aguinaldo Ribeiro disse que est\u00e1 tranquilo em rela\u00e7\u00e3o a den\u00fancia contra o presidente Michel&hellip; <\/p>\n","protected":false},"author":2,"featured_media":12375,"comment_status":"closed","ping_status":"closed","sticky":false,"template":"","format":"standard","meta":{"sfsi_plus_gutenberg_text_before_share":"","sfsi_plus_gutenberg_show_text_before_share":"","sfsi_plus_gutenberg_icon_type":"","sfsi_plus_gutenberg_icon_alignemt":"","sfsi_plus_gutenburg_max_per_row":"","footnotes":""},"categories":[11],"tags":[],"class_list":["post-23698","post","type-post","status-publish","format-standard","has-post-thumbnail","hentry","category-politica"],"_links":{"self":[{"href":"https:\/\/www.caririemacao.com\/1\/wp-json\/wp\/v2\/posts\/23698","targetHints":{"allow":["GET"]}}],"collection":[{"href":"https:\/\/www.caririemacao.com\/1\/wp-json\/wp\/v2\/posts"}],"about":[{"href":"https:\/\/www.caririemacao.com\/1\/wp-json\/wp\/v2\/types\/post"}],"author":[{"embeddable":true,"href":"https:\/\/www.caririemacao.com\/1\/wp-json\/wp\/v2\/users\/2"}],"replies":[{"embeddable":true,"href":"https:\/\/www.caririemacao.com\/1\/wp-json\/wp\/v2\/comments?post=23698"}],"version-history":[{"count":0,"href":"https:\/\/www.caririemacao.com\/1\/wp-json\/wp\/v2\/posts\/23698\/revisions"}],"wp:featuredmedia":[{"embeddable":true,"href":"https:\/\/www.caririemacao.com\/1\/wp-json\/wp\/v2\/media\/12375"}],"wp:attachment":[{"href":"https:\/\/www.caririemacao.com\/1\/wp-json\/wp\/v2\/media?parent=23698"}],"wp:term":[{"taxonomy":"category","embeddable":true,"href":"https:\/\/www.caririemacao.com\/1\/wp-json\/wp\/v2\/categories?post=23698"},{"taxonomy":"post_tag","embeddable":true,"href":"https:\/\/www.caririemacao.com\/1\/wp-json\/wp\/v2\/tags?post=23698"}],"curies":[{"name":"wp","href":"https:\/\/api.w.org\/{rel}","templated":true}]}}