{"id":23706,"date":"2017-07-14T11:05:56","date_gmt":"2017-07-14T14:05:56","guid":{"rendered":"http:\/\/caririemacao.com\/1\/?p=23706"},"modified":"2017-07-14T11:05:56","modified_gmt":"2017-07-14T14:05:56","slug":"dilma-critica-e-chama-de-misoginia-denuncia-contra-senadoras","status":"publish","type":"post","link":"https:\/\/www.caririemacao.com\/1\/2017\/07\/14\/dilma-critica-e-chama-de-misoginia-denuncia-contra-senadoras\/","title":{"rendered":"Dilma critica e chama de misoginia den\u00fancia contra senadoras"},"content":{"rendered":"<p>A ex-presidente Dilma Rousseff\u00a0criticou e chamou de misoginia\u00a0\u2013 \u00f3dio, desprezo ou preconceito contra mulheres \u2013 a den\u00fancia contra as senadoras \u00c2ngela\u00a0Portela (PDT-RR), F\u00e1tima Bezerra (PT-RN),\u00a0Gleisi\u00a0Hoffmann\u00a0(PT-PR),\u00a0L\u00eddice\u00a0da Mata (PSB-BA), Regina Sousa (PT-PI) e Vanessa\u00a0Grazziotin\u00a0(PCdoB-AM), que\u00a0ocuparam a Mesa do Plen\u00e1rio\u00a0durante a sess\u00e3o em que foi\u00a0votada a reforma trabalhista.<\/p>\n<p>\u201cMisoginia \u00e9 a comiss\u00e3o de \u00e9tica do Senado aceitar den\u00fancia contra as seis senadoras que ousaram tentar impedir a destrui\u00e7\u00e3o da CLT\u201d, afirmou a ex-presidente, em seu perfil no Twitter.<\/p>\n<p>Nessa quinta-feira (13), o\u00a0Conselho de \u00c9tica e Decoro Parlamentar do Senado recebeu um pedido para que seja reconsiderada a den\u00fancia. O documento \u00e9 assinado pelas senadoras denunciadas e apoiado por outros 21 senadores.<\/p>\n<p>O pedido de reconsidera\u00e7\u00e3o foi\u00a0 juntado \u00e0 documenta\u00e7\u00e3o da den\u00fancia, que\u00a0j\u00e1 foi aceita\u00a0pelo presidente do Conselho de \u00c9tica, senador Jo\u00e3o Alberto Souza (PMDB-MA), e j\u00e1 pode ser analisada pelo plen\u00e1rio do \u00f3rg\u00e3o.<\/p>\n<p>No pedido, as senadoras argumentam que a den\u00fancia foi originalmente apresentada como uma representa\u00e7\u00e3o, modalidade que poderia ser ajuizada apenas pela Mesa ou por um partido pol\u00edtico \u2013 o autor da pe\u00e7a foi o senador Jos\u00e9 Medeiros (PSD-MT), com apoio de 14 colegas. Apenas durante o processo, argumentam as senadoras, \u00e9 que a tipifica\u00e7\u00e3o do documento mudou para den\u00fancia \u2013 que pode ser apresentada por um \u00fanico senador. As\u00a0informa\u00e7\u00f5es s\u00e3o da Ag\u00eancia Senado.<\/p>\n<p>Elas tamb\u00e9m alegam que n\u00e3o h\u00e1 individualiza\u00e7\u00e3o de condutas na den\u00fancia, o que deveria acarretar a nulidade do processo.<\/p>\n<p>Quanto ao m\u00e9rito, as senadoras argumentam que ocupar lugares \u00e0 Mesa do Plen\u00e1rio \u00e9 uma conduta corriqueira e leg\u00edtima aos parlamentares e n\u00e3o deveria ser enquadrada como quebra de decoro parlamentar. Elas tamb\u00e9m observam que o presidente do Senado, Eun\u00edcio Oliveira, n\u00e3o foi impedido de exercer suas prerrogativas, uma vez que usou um microfone para suspender a sess\u00e3o e, posteriormente, para reiniciar os trabalhos.<\/p>\n<p>Al\u00e9m disso, as senadoras acusadas lembram que, em 2009, o ent\u00e3o senador Arthur Virg\u00edlio (PSDB-AM) ocupou a cadeira da Presid\u00eancia para reivindicar a leitura de um requerimento de cria\u00e7\u00e3o de comiss\u00e3o parlamentar de inqu\u00e9rito (CPI). Na ocasi\u00e3o, ele n\u00e3o foi denunciado ao Conselho de \u00c9tica, o que demonstra, na opini\u00e3o das senadoras, que essa a\u00e7\u00e3o \u00e9 \u201cato pr\u00f3prio da t\u00e1tica pol\u00edtica no parlamento.<\/p>\n<p>O pedido de reconsidera\u00e7\u00e3o \u00e9 apoiado pelos senadores Armando Monteiro (PTB-PE), Ciro Nogueira (PP-PI), Elmano F\u00e9rrer (PMDB-PI), H\u00e9lio Jos\u00e9 (PMDB-DF), Humberto Costa (PT-PE), Jader Barbalho (PMDB-PA), Jorge Viana (PT-AC), Jos\u00e9 Pimentel (PT-CE), Jos\u00e9 Serra (PSDB-SP), Lindbergh Farias (PT-RJ), L\u00facia V\u00e2nia (PSB-GO), Omar Aziz (PSD-AM), Otto Alencar (PSD-BA), Paulo Paim (PT-RS), Paulo Rocha (PT-PA), Randolfe Rodrigues (Rede-AP), Reguffe (sem partido-DF), Roberto Requi\u00e3o (PMDB-PR), Telm\u00e1rio Mota (PTB-RR), Vicentinho Alves (PR-TO), Wellington Fagundes (PR-MT).<\/p>\n<p>Ciro Nogueira e Elmano F\u00e9rrer tamb\u00e9m foram signat\u00e1rios da den\u00fancia contra as seis senadoras.<\/p>\n<p><strong><em>CARIRI EM A\u00c7\u00c3O<\/em><\/strong><\/p>\n<p>Com Not\u00edcias ao Minuto\/Foto: Google<\/p>\n<p><strong>Leia mais not\u00edcias em\u00a0<\/strong><a href=\"http:\/\/www.caririemacao.com\/\"><strong>caririemacao.com<\/strong><\/a><strong>, siga nossa p\u00e1gina no\u00a0<\/strong><a href=\"https:\/\/www.facebook.com\/CaririEmAcao\/?ref=aymt_homepage_panel\"><strong>Facebook<\/strong><\/a><strong>\u00a0e\u00a0<a href=\"https:\/\/www.instagram.com\/cariri_em_acao\/?hl=pt-br\">Instagram<\/a>\u00a0veja nossas mat\u00e9rias e fotos. Voc\u00ea tamb\u00e9m pode enviar informa\u00e7\u00f5es \u00e0 Reda\u00e7\u00e3o do Portal Cariri em A\u00e7\u00e3o pelo WhatsApp (83) 9 9634.5791, (83) 9 9601-1162.<\/strong><\/p>\n","protected":false},"excerpt":{"rendered":"<p>A ex-presidente Dilma Rousseff\u00a0criticou e chamou de misoginia\u00a0\u2013 \u00f3dio, desprezo ou preconceito contra mulheres \u2013 a den\u00fancia contra as senadoras \u00c2ngela\u00a0Portela (PDT-RR), F\u00e1tima Bezerra (PT-RN),\u00a0Gleisi\u00a0Hoffmann\u00a0(PT-PR),\u00a0L\u00eddice\u00a0da&hellip; <\/p>\n","protected":false},"author":2,"featured_media":5210,"comment_status":"closed","ping_status":"closed","sticky":false,"template":"","format":"standard","meta":{"sfsi_plus_gutenberg_text_before_share":"","sfsi_plus_gutenberg_show_text_before_share":"","sfsi_plus_gutenberg_icon_type":"","sfsi_plus_gutenberg_icon_alignemt":"","sfsi_plus_gutenburg_max_per_row":"","footnotes":""},"categories":[11],"tags":[],"class_list":["post-23706","post","type-post","status-publish","format-standard","has-post-thumbnail","hentry","category-politica"],"_links":{"self":[{"href":"https:\/\/www.caririemacao.com\/1\/wp-json\/wp\/v2\/posts\/23706","targetHints":{"allow":["GET"]}}],"collection":[{"href":"https:\/\/www.caririemacao.com\/1\/wp-json\/wp\/v2\/posts"}],"about":[{"href":"https:\/\/www.caririemacao.com\/1\/wp-json\/wp\/v2\/types\/post"}],"author":[{"embeddable":true,"href":"https:\/\/www.caririemacao.com\/1\/wp-json\/wp\/v2\/users\/2"}],"replies":[{"embeddable":true,"href":"https:\/\/www.caririemacao.com\/1\/wp-json\/wp\/v2\/comments?post=23706"}],"version-history":[{"count":0,"href":"https:\/\/www.caririemacao.com\/1\/wp-json\/wp\/v2\/posts\/23706\/revisions"}],"wp:featuredmedia":[{"embeddable":true,"href":"https:\/\/www.caririemacao.com\/1\/wp-json\/wp\/v2\/media\/5210"}],"wp:attachment":[{"href":"https:\/\/www.caririemacao.com\/1\/wp-json\/wp\/v2\/media?parent=23706"}],"wp:term":[{"taxonomy":"category","embeddable":true,"href":"https:\/\/www.caririemacao.com\/1\/wp-json\/wp\/v2\/categories?post=23706"},{"taxonomy":"post_tag","embeddable":true,"href":"https:\/\/www.caririemacao.com\/1\/wp-json\/wp\/v2\/tags?post=23706"}],"curies":[{"name":"wp","href":"https:\/\/api.w.org\/{rel}","templated":true}]}}