{"id":237839,"date":"2021-12-30T07:58:57","date_gmt":"2021-12-30T10:58:57","guid":{"rendered":"https:\/\/www.caririemacao.com\/1\/?p=237839"},"modified":"2021-12-30T07:58:57","modified_gmt":"2021-12-30T10:58:57","slug":"a-prefeitura-municipal-de-boa-vista-atraves-do-prefeito-andre-gomes-auxiliares-e-funcionarios-lamenta-profundamente-o-falecimento-do-boavistense-simao-almeida-neto-ocorrido-nesta-quarta-feira-dia","status":"publish","type":"post","link":"https:\/\/www.caririemacao.com\/1\/2021\/12\/30\/a-prefeitura-municipal-de-boa-vista-atraves-do-prefeito-andre-gomes-auxiliares-e-funcionarios-lamenta-profundamente-o-falecimento-do-boavistense-simao-almeida-neto-ocorrido-nesta-quarta-feira-dia\/","title":{"rendered":"A Prefeitura Municipal de Boa Vista, atrav\u00e9s do prefeito Andr\u00e9 Gomes, auxiliares e funcion\u00e1rios, lamenta profundamente o falecimento do boavistense Sim\u00e3o Almeida Neto ocorrido nesta quarta-feira, dia 29"},"content":{"rendered":"<p>Sim\u00e3o Almeida Neto nasceu em 1944 e teve uma trajet\u00f3ria de muitas lutas, importante trabalho e uma milit\u00e2ncia resistente na pol\u00edtica. Engenheiro el\u00e9trico, enveredou-se na pol\u00edtica pelo PCdoB, concorrendo como vice-prefeito da capital onde n\u00e3o atingiu o \u00eaxito esperado. Em 1990 foi eleito deputado estadual e teve participa\u00e7\u00e3o fundamental, ao lado de outros conterr\u00e2neos, na emancipa\u00e7\u00e3o pol\u00edtica de Boa Vista. Teve uma expressiva vota\u00e7\u00e3o como candidato ao Senado Federal, mas n\u00e3o conseguiu se eleger em 2002.<\/p>\n<p>Contribuiu com seu conhecimento em diversos cargos e atualmente ocupava a presid\u00eancia da Junta Comercial do Estado (Jucep). Sempre reconhecido pelo seu talento e for\u00e7a no desempenhar de suas fun\u00e7\u00f5es.<\/p>\n<p>O prefeito de Boa Vista, Andr\u00e9 Gomes, decretou luto oficial por 3 dias em decorr\u00eancia da morte de Sim\u00e3o Almeida Neto. O vel\u00f3rio est\u00e1 sendo realizado na Assembleia Legislativa da Para\u00edba e nesta quinta-feira (30) a partir das 12h ser\u00e1 realizado no plen\u00e1rio da C\u00e2mara Municipal de Boa Vista, at\u00e9 as 16hs, onde ser\u00e1 levado em cortejo ao Cemit\u00e9rio Municipal S\u00e3o Miguel.<\/p>\n<p>O Poder Executivo Municipal, neste momento de profunda dor, estima os mais sinceros votos de fortalecimento e conforto aos familiares e amigos de Sim\u00e3o Almeida Neto.<\/p>\n","protected":false},"excerpt":{"rendered":"<p>Sim\u00e3o Almeida Neto nasceu em 1944 e teve uma trajet\u00f3ria de muitas lutas, importante trabalho e uma milit\u00e2ncia resistente na pol\u00edtica. Engenheiro el\u00e9trico, enveredou-se na pol\u00edtica pelo PCdoB, concorrendo como vice-prefeito da capital onde n\u00e3o atingiu o \u00eaxito esperado. Em 1990 foi eleito deputado estadual e teve participa\u00e7\u00e3o fundamental, ao lado de outros conterr\u00e2neos, na emancipa\u00e7\u00e3o pol\u00edtica de Boa Vista. Teve uma expressiva vota\u00e7\u00e3o como candidato ao Senado Federal, mas n\u00e3o conseguiu se eleger em 2002. Contribuiu com seu conhecimento em diversos cargos e atualmente ocupava a presid\u00eancia da Junta Comercial do Estado (Jucep). Sempre reconhecido pelo seu talento e for\u00e7a no desempenhar de suas fun\u00e7\u00f5es. O prefeito de Boa Vista, Andr\u00e9 Gomes, decretou luto oficial por 3 dias em decorr\u00eancia da morte de Sim\u00e3o Almeida Neto. O vel\u00f3rio est\u00e1 sendo realizado na Assembleia Legislativa da Para\u00edba e nesta quinta-feira (30) a partir das 12h ser\u00e1 realizado no plen\u00e1rio da C\u00e2mara Municipal de Boa Vista, at\u00e9 as 16hs, onde ser\u00e1 levado em cortejo ao Cemit\u00e9rio Municipal S\u00e3o Miguel. O Poder Executivo Municipal, neste momento de profunda dor, estima os mais sinceros votos de fortalecimento e conforto aos familiares e amigos de Sim\u00e3o Almeida Neto.<\/p>\n","protected":false},"author":6,"featured_media":237840,"comment_status":"closed","ping_status":"closed","sticky":false,"template":"","format":"standard","meta":{"sfsi_plus_gutenberg_text_before_share":"","sfsi_plus_gutenberg_show_text_before_share":"","sfsi_plus_gutenberg_icon_type":"","sfsi_plus_gutenberg_icon_alignemt":"","sfsi_plus_gutenburg_max_per_row":"","footnotes":""},"categories":[69],"tags":[],"class_list":["post-237839","post","type-post","status-publish","format-standard","has-post-thumbnail","hentry","category-boa-vista"],"_links":{"self":[{"href":"https:\/\/www.caririemacao.com\/1\/wp-json\/wp\/v2\/posts\/237839","targetHints":{"allow":["GET"]}}],"collection":[{"href":"https:\/\/www.caririemacao.com\/1\/wp-json\/wp\/v2\/posts"}],"about":[{"href":"https:\/\/www.caririemacao.com\/1\/wp-json\/wp\/v2\/types\/post"}],"author":[{"embeddable":true,"href":"https:\/\/www.caririemacao.com\/1\/wp-json\/wp\/v2\/users\/6"}],"replies":[{"embeddable":true,"href":"https:\/\/www.caririemacao.com\/1\/wp-json\/wp\/v2\/comments?post=237839"}],"version-history":[{"count":1,"href":"https:\/\/www.caririemacao.com\/1\/wp-json\/wp\/v2\/posts\/237839\/revisions"}],"predecessor-version":[{"id":237841,"href":"https:\/\/www.caririemacao.com\/1\/wp-json\/wp\/v2\/posts\/237839\/revisions\/237841"}],"wp:featuredmedia":[{"embeddable":true,"href":"https:\/\/www.caririemacao.com\/1\/wp-json\/wp\/v2\/media\/237840"}],"wp:attachment":[{"href":"https:\/\/www.caririemacao.com\/1\/wp-json\/wp\/v2\/media?parent=237839"}],"wp:term":[{"taxonomy":"category","embeddable":true,"href":"https:\/\/www.caririemacao.com\/1\/wp-json\/wp\/v2\/categories?post=237839"},{"taxonomy":"post_tag","embeddable":true,"href":"https:\/\/www.caririemacao.com\/1\/wp-json\/wp\/v2\/tags?post=237839"}],"curies":[{"name":"wp","href":"https:\/\/api.w.org\/{rel}","templated":true}]}}