{"id":238018,"date":"2022-01-03T07:28:05","date_gmt":"2022-01-03T10:28:05","guid":{"rendered":"https:\/\/www.caririemacao.com\/1\/?p=238018"},"modified":"2022-01-03T07:28:05","modified_gmt":"2022-01-03T10:28:05","slug":"brasil-registra-32-mortes-por-covid-em-24-horas-e-1-753-casos","status":"publish","type":"post","link":"https:\/\/www.caririemacao.com\/1\/2022\/01\/03\/brasil-registra-32-mortes-por-covid-em-24-horas-e-1-753-casos\/","title":{"rendered":"Brasil registra 32 mortes por Covid em 24 horas e 1.753 casos"},"content":{"rendered":"<p>O Brasil registrou 32 mortes por Covid e 1.753 casos da doen\u00e7a, neste domingo (2). Com isso, o pa\u00eds chega a 619.171 mortes e 22.290.285 casos registrados de Covid-19 desde o in\u00edcio da pandemia.<\/p>\n<p>Os novos registros de mortos e\/ou casos ocorreram em 18 estados. Devido ao recesso de fim de ano, os n\u00fameros da pandemia neste domingo podem sofrer atrasos e represamento de informa\u00e7\u00f5es sobre novos casos e mortes.<\/p>\n<p>A m\u00e9dia m\u00f3vel de mortes vem apresentando estabilidade. Neste domingo, ela foi 98 \u00f3bitos por dia, completando assim o d\u00e9cimo oitavo dia abaixo de 150. A m\u00e9dia m\u00f3vel de casos \u00e9 de 7.628 infec\u00e7\u00f5es.<\/p>\n<p>O recurso estat\u00edstico que busca amenizar varia\u00e7\u00f5es nos dados, como os que costumam acontecer aos finais de semana e feriados, \u00e9 calculado pela soma das mortes dos \u00faltimos sete dias e pela divis\u00e3o do resultado por sete.<\/p>\n<p>Os dados do pa\u00eds, coletados at\u00e9 20h, s\u00e3o fruto de colabora\u00e7\u00e3o entre Folha, UOL, O Estado de S. Paulo, Extra, O Globo e G1 para reunir e divulgar os n\u00fameros relativos \u00e0 pandemia do novo coronav\u00edrus.<\/p>\n<p>As informa\u00e7\u00f5es s\u00e3o recolhidas pelo cons\u00f3rcio de ve\u00edculos de imprensa diariamente com as Secretarias de Sa\u00fade estaduais.<\/p>\n<p>Apenas sete estados tiveram atualiza\u00e7\u00f5es sobre vacinas neste domingo.<\/p>\n<p>O Brasil registrou 13.406 doses de vacinas contra Covid-19 neste domingo. De acordo com dados das secretarias estaduais de Sa\u00fade, foram 3.560 primeiras doses e 3.951 segundas doses. Al\u00e9m disso, foram registradas 7 doses \u00fanicas e 5.888 doses de refor\u00e7o.<\/p>\n<p>Ao todo, 161.240.508 pessoas receberam pelo menos a primeira dose de uma vacina contra a Covid no Brasil. J\u00e1 s\u00e3o 143.412.019 pessoas com as duas doses ou com uma dose da vacina da Janssen.<\/p>\n<p>Assim, o pa\u00eds j\u00e1 tem 75,59% da popula\u00e7\u00e3o com a 1\u00aa dose e 67,23% dos brasileiros com as duas doses ou com uma dose da vacina da Janssen.<\/p>\n<p>Mesmo quem completou o esquema vacinal com as duas doses deve manter cuidados b\u00e1sicos, como uso de m\u00e1scara e distanciamento social, afirmam especialistas.<\/p>\n<p>A iniciativa do cons\u00f3rcio de ve\u00edculos de imprensa ocorreu em resposta \u00e0s atitudes do governo Jair Bolsonaro (PL), que amea\u00e7ou sonegar dados, atrasou boletins sobre a doen\u00e7a e tirou informa\u00e7\u00f5es do ar, com a interrup\u00e7\u00e3o da divulga\u00e7\u00e3o dos totais de casos e mortes. Al\u00e9m disso, o governo divulgou dados conflitantes.<\/p>\n<p>FolhaPress<\/p>\n","protected":false},"excerpt":{"rendered":"<p>O Brasil registrou 32 mortes por Covid e 1.753 casos da doen\u00e7a, neste domingo (2). Com isso, o pa\u00eds chega a 619.171 mortes e 22.290.285 casos registrados de Covid-19 desde o in\u00edcio da pandemia. Os novos registros de mortos e\/ou casos ocorreram em 18 estados. Devido ao recesso de fim de ano, os n\u00fameros da pandemia neste domingo podem sofrer atrasos e represamento de informa\u00e7\u00f5es sobre novos casos e mortes. A m\u00e9dia m\u00f3vel de mortes vem apresentando estabilidade. Neste domingo, ela foi 98 \u00f3bitos por dia, completando assim o d\u00e9cimo oitavo dia abaixo de 150. A m\u00e9dia m\u00f3vel de casos \u00e9 de 7.628 infec\u00e7\u00f5es. O recurso estat\u00edstico que busca amenizar varia\u00e7\u00f5es nos dados, como os que costumam acontecer aos finais de semana e feriados, \u00e9 calculado pela soma das mortes dos \u00faltimos sete dias e pela divis\u00e3o do resultado por sete. Os dados do pa\u00eds, coletados at\u00e9 20h, s\u00e3o fruto de colabora\u00e7\u00e3o entre Folha, UOL, O Estado de S. Paulo, Extra, O Globo e G1 para reunir e divulgar os n\u00fameros relativos \u00e0 pandemia do novo coronav\u00edrus. As informa\u00e7\u00f5es s\u00e3o recolhidas pelo cons\u00f3rcio de ve\u00edculos de imprensa diariamente com as Secretarias de Sa\u00fade estaduais. Apenas sete estados tiveram atualiza\u00e7\u00f5es sobre vacinas neste domingo. O Brasil registrou 13.406 doses de vacinas contra Covid-19 neste domingo. De acordo com dados das secretarias estaduais de Sa\u00fade, foram 3.560 primeiras doses e 3.951 segundas doses. Al\u00e9m disso, foram registradas 7 doses \u00fanicas e 5.888 doses de refor\u00e7o. Ao todo, 161.240.508 pessoas receberam pelo menos a primeira dose de uma vacina contra a Covid no Brasil. J\u00e1 s\u00e3o 143.412.019 pessoas com as duas doses ou com uma dose da vacina da Janssen. Assim, o pa\u00eds j\u00e1 tem 75,59% da popula\u00e7\u00e3o com a 1\u00aa dose e 67,23% dos brasileiros com as duas doses ou com uma dose da vacina da Janssen. Mesmo quem completou o esquema vacinal com as duas doses deve manter cuidados b\u00e1sicos, como uso de m\u00e1scara e distanciamento social, afirmam especialistas. A iniciativa do cons\u00f3rcio de ve\u00edculos de imprensa ocorreu em resposta \u00e0s atitudes do governo Jair Bolsonaro (PL), que amea\u00e7ou sonegar dados, atrasou boletins sobre a doen\u00e7a e tirou informa\u00e7\u00f5es do ar, com a interrup\u00e7\u00e3o da divulga\u00e7\u00e3o dos totais de casos e mortes. Al\u00e9m disso, o governo divulgou dados conflitantes. FolhaPress<\/p>\n","protected":false},"author":6,"featured_media":238019,"comment_status":"closed","ping_status":"closed","sticky":false,"template":"","format":"standard","meta":{"sfsi_plus_gutenberg_text_before_share":"","sfsi_plus_gutenberg_show_text_before_share":"","sfsi_plus_gutenberg_icon_type":"","sfsi_plus_gutenberg_icon_alignemt":"","sfsi_plus_gutenburg_max_per_row":"","footnotes":""},"categories":[123,124,50],"tags":[],"class_list":["post-238018","post","type-post","status-publish","format-standard","has-post-thumbnail","hentry","category-brasil","category-covid-19","category-destaque"],"_links":{"self":[{"href":"https:\/\/www.caririemacao.com\/1\/wp-json\/wp\/v2\/posts\/238018","targetHints":{"allow":["GET"]}}],"collection":[{"href":"https:\/\/www.caririemacao.com\/1\/wp-json\/wp\/v2\/posts"}],"about":[{"href":"https:\/\/www.caririemacao.com\/1\/wp-json\/wp\/v2\/types\/post"}],"author":[{"embeddable":true,"href":"https:\/\/www.caririemacao.com\/1\/wp-json\/wp\/v2\/users\/6"}],"replies":[{"embeddable":true,"href":"https:\/\/www.caririemacao.com\/1\/wp-json\/wp\/v2\/comments?post=238018"}],"version-history":[{"count":1,"href":"https:\/\/www.caririemacao.com\/1\/wp-json\/wp\/v2\/posts\/238018\/revisions"}],"predecessor-version":[{"id":238020,"href":"https:\/\/www.caririemacao.com\/1\/wp-json\/wp\/v2\/posts\/238018\/revisions\/238020"}],"wp:featuredmedia":[{"embeddable":true,"href":"https:\/\/www.caririemacao.com\/1\/wp-json\/wp\/v2\/media\/238019"}],"wp:attachment":[{"href":"https:\/\/www.caririemacao.com\/1\/wp-json\/wp\/v2\/media?parent=238018"}],"wp:term":[{"taxonomy":"category","embeddable":true,"href":"https:\/\/www.caririemacao.com\/1\/wp-json\/wp\/v2\/categories?post=238018"},{"taxonomy":"post_tag","embeddable":true,"href":"https:\/\/www.caririemacao.com\/1\/wp-json\/wp\/v2\/tags?post=238018"}],"curies":[{"name":"wp","href":"https:\/\/api.w.org\/{rel}","templated":true}]}}