{"id":238027,"date":"2022-01-03T09:25:12","date_gmt":"2022-01-03T12:25:12","guid":{"rendered":"https:\/\/www.caririemacao.com\/1\/?p=238027"},"modified":"2022-01-03T09:25:12","modified_gmt":"2022-01-03T12:25:12","slug":"bolsonaro-desembarca-em-sao-paulo-e-e-levado-a-hospital-com-suspeita-de-nova-obstrucao-intestinal","status":"publish","type":"post","link":"https:\/\/www.caririemacao.com\/1\/2022\/01\/03\/bolsonaro-desembarca-em-sao-paulo-e-e-levado-a-hospital-com-suspeita-de-nova-obstrucao-intestinal\/","title":{"rendered":"Bolsonaro desembarca em S\u00e3o Paulo e \u00e9 levado a hospital com suspeita de nova obstru\u00e7\u00e3o intestinal"},"content":{"rendered":"<p>O presidente Jair Bolsonaro foi levado na madrugada desta segunda-feira (3) para o Hospital Vila Nova Star, na Vila Nova Concei\u00e7\u00e3o, Zona Sul de S\u00e3o Paulo. A suspeita, segundo sua equipe m\u00e9dica, \u00e9 que ele esteja com uma nova obstru\u00e7\u00e3o intestinal.<\/p>\n<p>Bolsonaro desembarcou em S\u00e3o Paulo por volta de 1h30, ap\u00f3s deixar o litoral de Santa Catarina, onde passou a virada do ano. Ele deixou o Forte Marechal Luz, em S\u00e3o Francisco do Sul (SC), \u00e0 meia-noite de domingo (2), a bordo de helic\u00f3ptero da For\u00e7a A\u00e9rea Brasileira (FAB), e seguiu at\u00e9 Joinville (SC), onde embarcou para S\u00e3o Paulo.<\/p>\n<p>O m\u00e9dico Ant\u00f4nio Luiz Macedo, que operou Bolsonaro ap\u00f3s a facada em setembro de 2018 e acompanha a evolu\u00e7\u00e3o do caso desde ent\u00e3o, informou que a comitiva relatou que o presidente sente dores abdominais e, por isso, foi levado ao hospital. Macedo, no entanto, n\u00e3o acredita que seja necess\u00e1rio Bolsonaro passar por cirurgia.<\/p>\n<p>O m\u00e9dico est\u00e1 nas Bahamas e espera um avi\u00e3o para voltar ao Brasil para avaliar o quadro do presidente.<\/p>\n<p>A agenda de Bolsonaro n\u00e3o prev\u00ea compromissos nesta segunda e nem ter\u00e7a-feira (4).<\/p>\n<p>Desde que foi v\u00edtima de uma facada durante a campanha eleitoral de 2018, Bolsonaro j\u00e1 passou por quatro cirurgias em decorr\u00eancia do epis\u00f3dio. Ele tamb\u00e9m passou por outros dois procedimentos n\u00e3o relacionados ao ferimento: a retirada de um c\u00e1lculo na bexiga e uma vasectomia. Em julho, ele precisou ser hospitalizado devido a solu\u00e7os persistentes.<\/p>\n<p>Contato com deputado com Covid<br \/>\nO presidente passou o r\u00e9veillon em S\u00e3o Francisco do Sul. O per\u00edodo foi marcado por passeios e aglomera\u00e7\u00f5es com apoiadores. Ele teve contato com o deputado federal Coronel Armando (PSL), que testou positivo para Covid-19. Bolsonaro tamb\u00e9m se desequilibrou ap\u00f3s um passeio em moto aqu\u00e1tica.<\/p>\n<p>No embarque em Santa Catarina, Bolsonaro, que estava em S\u00e3o Francisco do Sul desde 27 de dezembro, estava acompanhado da primeira dama, Michelle Bolsonaro, e outros familiares, al\u00e9m da equipe de seguran\u00e7a.<\/p>\n<p>F\u00e9rias em SC<br \/>\nA passagem do presidente no Litoral de Santa Catarina foi marcada por passeios de motocicleta, de moto aqu\u00e1tica, corte de cabelo, jogo na Mega da Virada, jantar em pizzaria e at\u00e9 uma visita ao parque Beto Carrero, onde se apresentou como piloto ap\u00f3s show tem\u00e1tico.<\/p>\n<p>A rotina de f\u00e9rias rendeu cr\u00edticas ao presidente por ele n\u00e3o ter interrompido o recesso para acompanhar a situa\u00e7\u00e3o da Bahia, atingida por fortes chuvas.<\/p>\n<p>Esta \u00e9 a terceira vez que Bolsonaro se hospedou em S\u00e3o Francisco do Sul. Em dezembro de 2020 e fevereiro de 2021, ele tamb\u00e9m esteve no munic\u00edpio. No estado, o presidente j\u00e1 esteve 11 vezes desde que foi eleito, em 2019.<\/p>\n<p>Durante um passeio neste domingo (2), o presidente se desequilibrou ao descer da moto aqu\u00e1tica que pilotava em uma praia. A assessoria da Presid\u00eancia da Rep\u00fablica n\u00e3o informou se ele sofreu algum tipo de ferimento.<\/p>\n<p>Segundo o fot\u00f3grafo Vilmar Bannach, o presidente estava encerrando o passeio e, ao descer da moto aqu\u00e1tica, jogou o colete para os seguran\u00e7as e uma onda forte o atingiu. No s\u00e1bado, ele j\u00e1 havia passeado de moto aqu\u00e1tica e provocado aglomera\u00e7\u00f5es dentro do mar.<\/p>\n<p>Nos dias anteriores, ele j\u00e1 havia aproveitado a praia com a fam\u00edlia e encontrado apoiadores na rua durante passeio de moto e tamb\u00e9m em parque tem\u00e1tico (veja fotos e v\u00eddeos abaixo).<\/p>\n<p>Em Santa Catarina, de acordo com decreto estadual, \u00e9 poss\u00edvel ficar sem m\u00e1scara de prote\u00e7\u00e3o contra Covid-19 ao ar livre, mas apenas em casos onde h\u00e1 distanciamento. Quando h\u00e1 aglomera\u00e7\u00e3o, a m\u00e1scara \u00e9 obrigat\u00f3ria mesmo em locais abertos.<\/p>\n<p>G1<\/p>\n","protected":false},"excerpt":{"rendered":"<p>O presidente Jair Bolsonaro foi levado na madrugada desta segunda-feira (3) para o Hospital Vila Nova Star, na Vila Nova Concei\u00e7\u00e3o, Zona Sul de S\u00e3o Paulo. A suspeita, segundo sua equipe m\u00e9dica, \u00e9 que ele esteja com uma nova obstru\u00e7\u00e3o intestinal. Bolsonaro desembarcou em S\u00e3o Paulo por volta de 1h30, ap\u00f3s deixar o litoral de Santa Catarina, onde passou a virada do ano. Ele deixou o Forte Marechal Luz, em S\u00e3o Francisco do Sul (SC), \u00e0 meia-noite de domingo (2), a bordo de helic\u00f3ptero da For\u00e7a A\u00e9rea Brasileira (FAB), e seguiu at\u00e9 Joinville (SC), onde embarcou para S\u00e3o Paulo. O m\u00e9dico Ant\u00f4nio Luiz Macedo, que operou Bolsonaro ap\u00f3s a facada em setembro de 2018 e acompanha a evolu\u00e7\u00e3o do caso desde ent\u00e3o, informou que a comitiva relatou que o presidente sente dores abdominais e, por isso, foi levado ao hospital. Macedo, no entanto, n\u00e3o acredita que seja necess\u00e1rio Bolsonaro passar por cirurgia. O m\u00e9dico est\u00e1 nas Bahamas e espera um avi\u00e3o para voltar ao Brasil para avaliar o quadro do presidente. A agenda de Bolsonaro n\u00e3o prev\u00ea compromissos nesta segunda e nem ter\u00e7a-feira (4). Desde que foi v\u00edtima de uma facada durante a campanha eleitoral de 2018, Bolsonaro j\u00e1 passou por quatro cirurgias em decorr\u00eancia do epis\u00f3dio. Ele tamb\u00e9m passou por outros dois procedimentos n\u00e3o relacionados ao ferimento: a retirada de um c\u00e1lculo na bexiga e uma vasectomia. Em julho, ele precisou ser hospitalizado devido a solu\u00e7os persistentes. Contato com deputado com Covid O presidente passou o r\u00e9veillon em S\u00e3o Francisco do Sul. O per\u00edodo foi marcado por passeios e aglomera\u00e7\u00f5es com apoiadores. Ele teve contato com o deputado federal Coronel Armando (PSL), que testou positivo para Covid-19. Bolsonaro tamb\u00e9m se desequilibrou ap\u00f3s um passeio em moto aqu\u00e1tica. No embarque em Santa Catarina, Bolsonaro, que estava em S\u00e3o Francisco do Sul desde 27 de dezembro, estava acompanhado da primeira dama, Michelle Bolsonaro, e outros familiares, al\u00e9m da equipe de seguran\u00e7a. F\u00e9rias em SC A passagem do presidente no Litoral de Santa Catarina foi marcada por passeios de motocicleta, de moto aqu\u00e1tica, corte de cabelo, jogo na Mega da Virada, jantar em pizzaria e at\u00e9 uma visita ao parque Beto Carrero, onde se apresentou como piloto ap\u00f3s show tem\u00e1tico. A rotina de f\u00e9rias rendeu cr\u00edticas ao presidente por ele n\u00e3o ter interrompido o recesso para acompanhar a situa\u00e7\u00e3o da Bahia, atingida por fortes chuvas. Esta \u00e9 a terceira vez que Bolsonaro se hospedou em S\u00e3o Francisco do Sul. Em dezembro de 2020 e fevereiro de 2021, ele tamb\u00e9m esteve no munic\u00edpio. No estado, o presidente j\u00e1 esteve 11 vezes desde que foi eleito, em 2019. Durante um passeio neste domingo (2), o presidente se desequilibrou ao descer da moto aqu\u00e1tica que pilotava em uma praia. A assessoria da Presid\u00eancia da Rep\u00fablica n\u00e3o informou se ele sofreu algum tipo de ferimento. Segundo o fot\u00f3grafo Vilmar Bannach, o presidente estava encerrando o passeio e, ao descer da moto aqu\u00e1tica, jogou o colete para os seguran\u00e7as e uma onda forte o atingiu. No s\u00e1bado, ele j\u00e1 havia passeado de moto aqu\u00e1tica e provocado aglomera\u00e7\u00f5es dentro do mar. Nos dias anteriores, ele j\u00e1 havia aproveitado a praia com a fam\u00edlia e encontrado apoiadores na rua durante passeio de moto e tamb\u00e9m em parque tem\u00e1tico (veja fotos e v\u00eddeos abaixo). Em Santa Catarina, de acordo com decreto estadual, \u00e9 poss\u00edvel ficar sem m\u00e1scara de prote\u00e7\u00e3o contra Covid-19 ao ar livre, mas apenas em casos onde h\u00e1 distanciamento. Quando h\u00e1 aglomera\u00e7\u00e3o, a m\u00e1scara \u00e9 obrigat\u00f3ria mesmo em locais abertos. G1<\/p>\n","protected":false},"author":6,"featured_media":237669,"comment_status":"closed","ping_status":"closed","sticky":false,"template":"","format":"standard","meta":{"sfsi_plus_gutenberg_text_before_share":"","sfsi_plus_gutenberg_show_text_before_share":"","sfsi_plus_gutenberg_icon_type":"","sfsi_plus_gutenberg_icon_alignemt":"","sfsi_plus_gutenburg_max_per_row":"","footnotes":""},"categories":[50,98],"tags":[],"class_list":["post-238027","post","type-post","status-publish","format-standard","has-post-thumbnail","hentry","category-destaque","category-presidente"],"_links":{"self":[{"href":"https:\/\/www.caririemacao.com\/1\/wp-json\/wp\/v2\/posts\/238027","targetHints":{"allow":["GET"]}}],"collection":[{"href":"https:\/\/www.caririemacao.com\/1\/wp-json\/wp\/v2\/posts"}],"about":[{"href":"https:\/\/www.caririemacao.com\/1\/wp-json\/wp\/v2\/types\/post"}],"author":[{"embeddable":true,"href":"https:\/\/www.caririemacao.com\/1\/wp-json\/wp\/v2\/users\/6"}],"replies":[{"embeddable":true,"href":"https:\/\/www.caririemacao.com\/1\/wp-json\/wp\/v2\/comments?post=238027"}],"version-history":[{"count":1,"href":"https:\/\/www.caririemacao.com\/1\/wp-json\/wp\/v2\/posts\/238027\/revisions"}],"predecessor-version":[{"id":238028,"href":"https:\/\/www.caririemacao.com\/1\/wp-json\/wp\/v2\/posts\/238027\/revisions\/238028"}],"wp:featuredmedia":[{"embeddable":true,"href":"https:\/\/www.caririemacao.com\/1\/wp-json\/wp\/v2\/media\/237669"}],"wp:attachment":[{"href":"https:\/\/www.caririemacao.com\/1\/wp-json\/wp\/v2\/media?parent=238027"}],"wp:term":[{"taxonomy":"category","embeddable":true,"href":"https:\/\/www.caririemacao.com\/1\/wp-json\/wp\/v2\/categories?post=238027"},{"taxonomy":"post_tag","embeddable":true,"href":"https:\/\/www.caririemacao.com\/1\/wp-json\/wp\/v2\/tags?post=238027"}],"curies":[{"name":"wp","href":"https:\/\/api.w.org\/{rel}","templated":true}]}}