{"id":238396,"date":"2022-01-07T09:26:46","date_gmt":"2022-01-07T12:26:46","guid":{"rendered":"https:\/\/www.caririemacao.com\/1\/?p=238396"},"modified":"2022-01-07T09:26:46","modified_gmt":"2022-01-07T12:26:46","slug":"mundo-registra-mais-de-25-milhoes-de-casos-de-covid-pelo-4o-dia-seguido","status":"publish","type":"post","link":"https:\/\/www.caririemacao.com\/1\/2022\/01\/07\/mundo-registra-mais-de-25-milhoes-de-casos-de-covid-pelo-4o-dia-seguido\/","title":{"rendered":"Mundo registra mais de 2,5 milh\u00f5es de casos de Covid pelo 4\u00ba dia seguido"},"content":{"rendered":"<div class=\"mc-column content-text active-extra-styles \" data-block-type=\"unstyled\" data-block-weight=\"32\" data-block-id=\"2\">\n<p class=\"content-text__container \" data-track-category=\"Link no Texto\" data-track-links=\"\">Em meio \u00e0 prolifera\u00e7\u00e3o da variante \u00f4micron do\u00a0novo coronav\u00edrus, que \u00e9 altamente contagiosa, o mundo registrou nesta quinta-feira (6) mais de 2,5 milh\u00f5es de casos de Covid-19 pelo quarto dia seguido.<\/p>\n<\/div>\n<div class=\"wall protected-content\">\n<div class=\"mc-column content-text active-extra-styles\" data-block-type=\"raw\" data-block-weight=\"19\" data-block-id=\"3\">\n<p class=\"content-text__container\">\n<ul class=\"content-unordered-list\">\n<li>Segunda-feira (3):\u00a0<strong>2,52 milh\u00f5es de novos infectados<\/strong><\/li>\n<li>Ter\u00e7a-feira (4):\u00a0<strong>2,54 milh\u00f5es<\/strong><\/li>\n<li>Quarta-feira (5):\u00a0<strong>2,51 milh\u00f5es<\/strong><\/li>\n<li>Quinta-feira (6):\u00a0<strong>2,52 milh\u00f5es<\/strong><\/li>\n<\/ul>\n<\/div>\n<div class=\"mc-column content-text active-extra-styles\" data-block-type=\"raw\" data-block-weight=\"10\" data-block-id=\"6\">\n<p>&nbsp;<\/p>\n<\/div>\n<div class=\"mc-column content-text active-extra-styles \" data-block-type=\"unstyled\" data-block-weight=\"35\" data-block-id=\"7\">\n<p class=\"content-text__container \" data-track-category=\"Link no Texto\" data-track-links=\"\">Antes da atual onda, o recorde de novos infectados era de 905 mil casos em 24 horas, registrados em 25 de abril de 2021, em meio ao\u00a0<a href=\"https:\/\/g1.globo.com\/bemestar\/coronavirus\/noticia\/2021\/05\/19\/india-registra-recorde-de-4529-mortes-por-covid-19-em-24-horas.ghtml\">caos sanit\u00e1rio causado na \u00cdndia pela variante delta<\/a>.<\/p>\n<\/div>\n<div class=\"mc-column content-text active-extra-styles\" data-block-type=\"raw\" data-block-weight=\"20\" data-block-id=\"8\">\n<p class=\"content-text__container\">\n<blockquote class=\"content-blockquote theme-border-color-primary-before\"><p>J\u00e1 s\u00e3o mais de 10 milh\u00f5es de novos infectados desde segunda-feira e mais de 13 milh\u00f5es nos \u00faltimos 7 dias.<\/p><\/blockquote>\n<p>&nbsp;<\/p>\n<\/div>\n<div class=\"mc-column content-text active-extra-styles \" data-block-type=\"unstyled\" data-block-weight=\"29\" data-block-id=\"9\">\n<p class=\"content-text__container \" data-track-category=\"Link no Texto\" data-track-links=\"\">Em meio \u00e0 explos\u00e3o de infectados pela \u00f4micron, o diretor-geral da OMS (Organiza\u00e7\u00e3o Mundial da Sa\u00fade), Tedros Adhanom Ghebreyesus, alertou na quinta sobre o risco do &#8220;tsunami de casos&#8221;.<\/p>\n<\/div>\n<div class=\"mc-column content-text active-extra-styles \" data-block-type=\"unstyled\" data-block-weight=\"32\" data-block-id=\"10\">\n<p class=\"content-text__container \" data-track-category=\"Link no Texto\" data-track-links=\"\">Tedros afirmou que essa onda atual \u00e9 t\u00e3o grande e r\u00e1pida que est\u00e1 superlotando hospitais e afastando profissionais da sa\u00fade:\u00a0&#8220;A \u00f4micron pode parecer menos severa, mas n\u00e3o pode ser considerada leve&#8221;.<\/p>\n<\/div>\n<div class=\"mc-column content-text active-extra-styles\" data-block-type=\"raw\" data-block-weight=\"44\" data-block-id=\"12\">\n<p>&nbsp;<\/p>\n<\/div>\n<div class=\"bs-video-block row medium-uncollapsed  content-media content-video\" data-block-type=\"backstage-video\" data-block-id=\"13\">\n<div class=\"content-media__container column medium-22 large-20 medium-centered\">\n<div class=\"content-video__bigger-player-description-fixer\">\n<article class=\"content-video\">\n<section class=\"content-video__video-container\">\n<div class=\"content-video__video\">\n<div class=\"content-video__placeholder\" data-video-id=\"10190342\" data-video-has-viewport-play=\"True\"><img decoding=\"async\" class=\"content-video__placeholder__thumb\" title=\"Mundo bate recorde de novos casos de Covid em 1 semana, alerta OMS\" src=\"https:\/\/s03.video.glbimg.com\/x720\/10190342.jpg\" alt=\"Mundo bate recorde de novos casos de Covid em 1 semana, alerta OMS\" \/><\/div>\n<div id=\"wp3-player-1\" class=\"clappr-player\" tabindex=\"9999\" data-player=\"\">\n<div class=\"dfp-ad-overlay dfp-ad-overlay--poster-mode\"><\/div>\n<div class=\"media-control media-control-hide\">\n<div class=\"media-control-panel\">\n<div class=\"media-control-panel__front-layer\">\n<div class=\"media-control-position__right\"><\/div>\n<\/div>\n<div class=\"media-control-panel__modal\"><\/div>\n<\/div>\n<\/div>\n<\/div>\n<\/div>\n<\/section>\n<\/article>\n<\/div>\n<p class=\"content-media__description\">Mundo bate recorde de novos casos de Covid em 1 semana, alerta OMS<\/p>\n<\/div>\n<\/div>\n<div class=\"mc-column content-text active-extra-styles \" data-block-type=\"unstyled\" data-block-weight=\"21\" data-block-id=\"15\">\n<p class=\"content-text__container \" data-track-category=\"Link no Texto\" data-track-links=\"\">O surto atual \u00e9 puxado principalmente pelos\u00a0Estados Unidos, que registrou 4,22 milh\u00f5es de casos de Covid-19 em apenas 1 semana.<\/p>\n<\/div>\n<div class=\"mc-column content-text active-extra-styles \" data-block-type=\"unstyled\" data-block-weight=\"12\" data-block-id=\"16\">\n<p class=\"content-text__container \" data-track-category=\"Link no Texto\" data-track-links=\"\"><strong>Os 10 pa\u00edses com mais casos confirmados nos \u00faltimos 7 dias s\u00e3o:<\/strong><\/p>\n<\/div>\n<div class=\"mc-column content-text active-extra-styles\" data-block-type=\"raw\" data-block-weight=\"32\" data-block-id=\"17\">\n<ol class=\"content-ordered-list theme-ordered-list-color-primary\">\n<li><a href=\"https:\/\/g1.globo.com\/tudo-sobre\/estados-unidos\/\"><strong>Estados Unidos<\/strong><\/a><strong>:\u00a0<\/strong>4,22 milh\u00f5es<\/li>\n<li><strong>Fran\u00e7a:\u00a0<\/strong>1,44 milh\u00e3o<\/li>\n<li><strong>Reino Unido:\u00a0<\/strong>1,27 milh\u00e3o<\/li>\n<li><strong>It\u00e1lia:\u00a0<\/strong>994 mil<\/li>\n<li><strong>Espanha:<\/strong>\u00a0789 mil<\/li>\n<li><strong>Argentina:\u00a0<\/strong>418 mil<\/li>\n<li><strong>\u00cdndia:<\/strong>\u00a0387 mil<\/li>\n<li><strong>Austr\u00e1lia:<\/strong>\u00a0367 mil<\/li>\n<li><strong>Turquia:<\/strong>\u00a0345 mil<\/li>\n<li><strong>Canad\u00e1:\u00a0<\/strong>283 mil<\/li>\n<\/ol>\n<\/div>\n<div class=\"mc-column content-text active-extra-styles\" data-block-type=\"raw\" data-block-weight=\"3\" data-block-id=\"18\">\n<div class=\"content-intertitle\">\n<h2>Mortes em queda<\/h2>\n<\/div>\n<\/div>\n<div class=\"mc-column content-text active-extra-styles \" data-block-type=\"unstyled\" data-block-weight=\"18\" data-block-id=\"19\">\n<p class=\"content-text__container \" data-track-category=\"Link no Texto\" data-track-links=\"\">Apesar da explos\u00e3o no n\u00famero de infectados, o n\u00famero de mortes no mundo segue em trajet\u00f3ria de queda.<\/p>\n<\/div>\n<div class=\"mc-column content-text active-extra-styles \" data-block-type=\"unstyled\" data-block-weight=\"27\" data-block-id=\"20\">\n<p class=\"content-text__container \" data-track-category=\"Link no Texto\" data-track-links=\"\">Com o avan\u00e7o da vacina\u00e7\u00e3o contra a Covid-19, a m\u00e9dia m\u00f3vel de \u00f3bitos est\u00e1 abaixo de 6 mil por dia pela 1\u00aa vez desde outubro de 2020.<\/p>\n<\/div>\n<div class=\"mc-column content-text active-extra-styles \" data-block-type=\"unstyled\" data-block-weight=\"22\" data-block-id=\"21\">\n<p class=\"content-text__container \" data-track-category=\"Link no Texto\" data-track-links=\"\">A m\u00e9dia est\u00e1 abaixo inclusive da primeira onda da pandemia, em abril de 2020 (quando chegou a um pico de 7,1 mil).<\/p>\n<\/div>\n<div class=\"mc-column content-text active-extra-styles \" data-block-type=\"unstyled\" data-block-weight=\"29\" data-block-id=\"22\">\n<p class=\"content-text__container \" data-track-category=\"Link no Texto\" data-track-links=\"\">O recorde de mortes em 1 dia no mundo segue sendo de 20 de janeiro de 2021 (18 mil), dia que marca tamb\u00e9m o recorde nos EUA (4,4 mil).<\/p>\n<\/div>\n<div class=\"mc-column content-text active-extra-styles \" data-block-type=\"unstyled\" data-block-weight=\"13\" data-block-id=\"23\">\n<p class=\"content-text__container \" data-track-category=\"Link no Texto\" data-track-links=\"\"><strong>Os 10 pa\u00edses com mais mortes por Covid-19 nos \u00faltimos 7 dias s\u00e3o:<\/strong><\/p>\n<\/div>\n<div class=\"mc-column content-text active-extra-styles\" data-block-type=\"raw\" data-block-weight=\"22\" data-block-id=\"24\">\n<ol class=\"content-ordered-list theme-ordered-list-color-primary\">\n<li><a href=\"https:\/\/g1.globo.com\/tudo-sobre\/estados-unidos\/\"><strong>Estados Unidos<\/strong><\/a><strong>:<\/strong>\u00a08.795<\/li>\n<li><strong>R\u00fassia:<\/strong>\u00a05.697<\/li>\n<li><strong>Pol\u00f4nia:<\/strong>\u00a02.896<\/li>\n<li><strong>\u00cdndia:<\/strong>\u00a02.098<\/li>\n<li><strong>Alemanha:<\/strong>\u00a01.707<\/li>\n<li><strong>Vietn\u00e3:<\/strong>\u00a01.476<\/li>\n<li><strong>Fran\u00e7a:<\/strong>\u00a01.462<\/li>\n<li><strong>Ucr\u00e2nia:<\/strong>\u00a01.378<\/li>\n<li><strong>It\u00e1lia:<\/strong>\u00a01.227<\/li>\n<li><strong>Reino Unido:<\/strong>\u00a01.096<\/li>\n<\/ol>\n<\/div>\n<div class=\"mc-column content-text active-extra-styles \" data-block-type=\"unstyled\" data-block-weight=\"14\" data-block-id=\"25\">\n<p class=\"content-text__container \" data-track-category=\"Link no Texto\" data-track-links=\"\">Os dados s\u00e3o compilados pelo &#8220;Our World in Data&#8221;, projeto ligado \u00e0 Universidade Oxford.<\/p>\n<\/div>\n<p data-track-category=\"Link no Texto\" data-track-links=\"\">g1<\/p>\n<\/div>\n","protected":false},"excerpt":{"rendered":"<p>Em meio \u00e0 prolifera\u00e7\u00e3o da variante \u00f4micron do\u00a0novo coronav\u00edrus, que \u00e9 altamente contagiosa, o mundo registrou nesta quinta-feira (6) mais de 2,5 milh\u00f5es de casos de Covid-19 pelo quarto dia seguido. Segunda-feira (3):\u00a02,52 milh\u00f5es de novos infectados Ter\u00e7a-feira (4):\u00a02,54 milh\u00f5es Quarta-feira (5):\u00a02,51 milh\u00f5es Quinta-feira (6):\u00a02,52 milh\u00f5es &nbsp; Antes da atual onda, o recorde de novos infectados era de 905 mil casos em 24 horas, registrados em 25 de abril de 2021, em meio ao\u00a0caos sanit\u00e1rio causado na \u00cdndia pela variante delta. J\u00e1 s\u00e3o mais de 10 milh\u00f5es de novos infectados desde segunda-feira e mais de 13 milh\u00f5es nos \u00faltimos 7 dias. &nbsp; Em meio \u00e0 explos\u00e3o de infectados pela \u00f4micron, o diretor-geral da OMS (Organiza\u00e7\u00e3o Mundial da Sa\u00fade), Tedros Adhanom Ghebreyesus, alertou na quinta sobre o risco do &#8220;tsunami de casos&#8221;. Tedros afirmou que essa onda atual \u00e9 t\u00e3o grande e r\u00e1pida que est\u00e1 superlotando hospitais e afastando profissionais da sa\u00fade:\u00a0&#8220;A \u00f4micron pode parecer menos severa, mas n\u00e3o pode ser considerada leve&#8221;. &nbsp; Mundo bate recorde de novos casos de Covid em 1 semana, alerta OMS O surto atual \u00e9 puxado principalmente pelos\u00a0Estados Unidos, que registrou 4,22 milh\u00f5es de casos de Covid-19 em apenas 1 semana. Os 10 pa\u00edses com mais casos confirmados nos \u00faltimos 7 dias s\u00e3o: Estados Unidos:\u00a04,22 milh\u00f5es Fran\u00e7a:\u00a01,44 milh\u00e3o Reino Unido:\u00a01,27 milh\u00e3o It\u00e1lia:\u00a0994 mil Espanha:\u00a0789 mil Argentina:\u00a0418 mil \u00cdndia:\u00a0387 mil Austr\u00e1lia:\u00a0367 mil Turquia:\u00a0345 mil Canad\u00e1:\u00a0283 mil Mortes em queda Apesar da explos\u00e3o no n\u00famero de infectados, o n\u00famero de mortes no mundo segue em trajet\u00f3ria de queda. Com o avan\u00e7o da vacina\u00e7\u00e3o contra a Covid-19, a m\u00e9dia m\u00f3vel de \u00f3bitos est\u00e1 abaixo de 6 mil por dia pela 1\u00aa vez desde outubro de 2020. A m\u00e9dia est\u00e1 abaixo inclusive da primeira onda da pandemia, em abril de 2020 (quando chegou a um pico de 7,1 mil). O recorde de mortes em 1 dia no mundo segue sendo de 20 de janeiro de 2021 (18 mil), dia que marca tamb\u00e9m o recorde nos EUA (4,4 mil). Os 10 pa\u00edses com mais mortes por Covid-19 nos \u00faltimos 7 dias s\u00e3o: Estados Unidos:\u00a08.795 R\u00fassia:\u00a05.697 Pol\u00f4nia:\u00a02.896 \u00cdndia:\u00a02.098 Alemanha:\u00a01.707 Vietn\u00e3:\u00a01.476 Fran\u00e7a:\u00a01.462 Ucr\u00e2nia:\u00a01.378 It\u00e1lia:\u00a01.227 Reino Unido:\u00a01.096 Os dados s\u00e3o compilados pelo &#8220;Our World in Data&#8221;, projeto ligado \u00e0 Universidade Oxford. g1<\/p>\n","protected":false},"author":6,"featured_media":238397,"comment_status":"closed","ping_status":"closed","sticky":false,"template":"","format":"standard","meta":{"sfsi_plus_gutenberg_text_before_share":"","sfsi_plus_gutenberg_show_text_before_share":"","sfsi_plus_gutenberg_icon_type":"","sfsi_plus_gutenberg_icon_alignemt":"","sfsi_plus_gutenburg_max_per_row":"","footnotes":""},"categories":[50,103],"tags":[],"class_list":["post-238396","post","type-post","status-publish","format-standard","has-post-thumbnail","hentry","category-destaque","category-mundo"],"_links":{"self":[{"href":"https:\/\/www.caririemacao.com\/1\/wp-json\/wp\/v2\/posts\/238396","targetHints":{"allow":["GET"]}}],"collection":[{"href":"https:\/\/www.caririemacao.com\/1\/wp-json\/wp\/v2\/posts"}],"about":[{"href":"https:\/\/www.caririemacao.com\/1\/wp-json\/wp\/v2\/types\/post"}],"author":[{"embeddable":true,"href":"https:\/\/www.caririemacao.com\/1\/wp-json\/wp\/v2\/users\/6"}],"replies":[{"embeddable":true,"href":"https:\/\/www.caririemacao.com\/1\/wp-json\/wp\/v2\/comments?post=238396"}],"version-history":[{"count":1,"href":"https:\/\/www.caririemacao.com\/1\/wp-json\/wp\/v2\/posts\/238396\/revisions"}],"predecessor-version":[{"id":238398,"href":"https:\/\/www.caririemacao.com\/1\/wp-json\/wp\/v2\/posts\/238396\/revisions\/238398"}],"wp:featuredmedia":[{"embeddable":true,"href":"https:\/\/www.caririemacao.com\/1\/wp-json\/wp\/v2\/media\/238397"}],"wp:attachment":[{"href":"https:\/\/www.caririemacao.com\/1\/wp-json\/wp\/v2\/media?parent=238396"}],"wp:term":[{"taxonomy":"category","embeddable":true,"href":"https:\/\/www.caririemacao.com\/1\/wp-json\/wp\/v2\/categories?post=238396"},{"taxonomy":"post_tag","embeddable":true,"href":"https:\/\/www.caririemacao.com\/1\/wp-json\/wp\/v2\/tags?post=238396"}],"curies":[{"name":"wp","href":"https:\/\/api.w.org\/{rel}","templated":true}]}}