{"id":238449,"date":"2022-01-07T17:31:54","date_gmt":"2022-01-07T20:31:54","guid":{"rendered":"https:\/\/www.caririemacao.com\/1\/?p=238449"},"modified":"2022-01-07T17:31:54","modified_gmt":"2022-01-07T20:31:54","slug":"paraiba-tem-21-dos-leitos-ocupados-e-125-internados","status":"publish","type":"post","link":"https:\/\/www.caririemacao.com\/1\/2022\/01\/07\/paraiba-tem-21-dos-leitos-ocupados-e-125-internados\/","title":{"rendered":"Para\u00edba tem 21% dos leitos ocupados e 125 internados"},"content":{"rendered":"<p>A Secretaria de Estado da Sa\u00fade (SES) registrou, nesta sexta (7), 184 casos de covid-19, todos leves. Agora, a Para\u00edba totaliza 465.266 casos confirmados da doen\u00e7a, que est\u00e3o distribu\u00eddos por todos os 223 munic\u00edpios. At\u00e9 o momento, 1.254.947 testes para diagn\u00f3stico da Covid-19 j\u00e1 foram realizados.<\/p>\n<p>Tamb\u00e9m foram confirmados 02 novos \u00f3bitos desde a \u00faltima atualiza\u00e7\u00e3o, nenhum ocorrido nas \u00faltimas 24h. Com isso, o estado totaliza 9.606 mortes. O boletim registra ainda um total de 360.945 pacientes recuperados da doen\u00e7a.<\/p>\n<p><strong>\u00d3bitos<\/strong><\/p>\n<p>At\u00e9 esta sexta, 222 cidades paraibanas registraram \u00f3bitos por Covid-19. Os \u00f3bitos confirmados neste boletim ocorreram entre os dias 30 de dezembro de 2021 e 03 de janeiro de 2022, sendo um em hospital p\u00fablico e outro em resid\u00eancia. Os \u00f3bitos aconteceram entre os residentes dos munic\u00edpios de Jo\u00e3o Pessoa (1) e Mari (1). As v\u00edtimas foram um homem e uma mulher, com idades de 37 e 46 anos. Nenhuma comorbidade foi identificada.<\/p>\n<p><strong>Ocupa\u00e7\u00e3o de leitos Covid-19<\/strong><\/p>\n<p>A ocupa\u00e7\u00e3o total de leitos de UTI (adulto, pedi\u00e1trico e obst\u00e9trico), em todo estado, \u00e9 de 21%. Fazendo um recorte apenas dos leitos de UTI para adultos na Regi\u00e3o Metropolitana de Jo\u00e3o Pessoa, a taxa de ocupa\u00e7\u00e3o chega a 34%. Em Campina Grande, est\u00e3o ocupados 10% dos leitos de UTI adulto e no sert\u00e3o, 30% dos leitos de UTI para adultos. De acordo com o Centro Estadual de Regula\u00e7\u00e3o Hospitalar, 13 pacientes foram internados nas \u00faltimas 24h. Ao todo, 125 pacientes est\u00e3o internados nas unidades de refer\u00eancia.<\/p>\n<p>Os dados epidemiol\u00f3gicos com informa\u00e7\u00f5es sobre todos os munic\u00edpios e ocupa\u00e7\u00e3o de leitos est\u00e3o dispon\u00edveis neste link<\/p>\n","protected":false},"excerpt":{"rendered":"<p>A Secretaria de Estado da Sa\u00fade (SES) registrou, nesta sexta (7), 184 casos de covid-19, todos leves. Agora, a Para\u00edba totaliza 465.266 casos confirmados da doen\u00e7a, que est\u00e3o distribu\u00eddos por todos os 223 munic\u00edpios. At\u00e9 o momento, 1.254.947 testes para diagn\u00f3stico da Covid-19 j\u00e1 foram realizados. Tamb\u00e9m foram confirmados 02 novos \u00f3bitos desde a \u00faltima atualiza\u00e7\u00e3o, nenhum ocorrido nas \u00faltimas 24h. Com isso, o estado totaliza 9.606 mortes. O boletim registra ainda um total de 360.945 pacientes recuperados da doen\u00e7a. \u00d3bitos At\u00e9 esta sexta, 222 cidades paraibanas registraram \u00f3bitos por Covid-19. Os \u00f3bitos confirmados neste boletim ocorreram entre os dias 30 de dezembro de 2021 e 03 de janeiro de 2022, sendo um em hospital p\u00fablico e outro em resid\u00eancia. Os \u00f3bitos aconteceram entre os residentes dos munic\u00edpios de Jo\u00e3o Pessoa (1) e Mari (1). As v\u00edtimas foram um homem e uma mulher, com idades de 37 e 46 anos. Nenhuma comorbidade foi identificada. Ocupa\u00e7\u00e3o de leitos Covid-19 A ocupa\u00e7\u00e3o total de leitos de UTI (adulto, pedi\u00e1trico e obst\u00e9trico), em todo estado, \u00e9 de 21%. Fazendo um recorte apenas dos leitos de UTI para adultos na Regi\u00e3o Metropolitana de Jo\u00e3o Pessoa, a taxa de ocupa\u00e7\u00e3o chega a 34%. Em Campina Grande, est\u00e3o ocupados 10% dos leitos de UTI adulto e no sert\u00e3o, 30% dos leitos de UTI para adultos. De acordo com o Centro Estadual de Regula\u00e7\u00e3o Hospitalar, 13 pacientes foram internados nas \u00faltimas 24h. Ao todo, 125 pacientes est\u00e3o internados nas unidades de refer\u00eancia. Os dados epidemiol\u00f3gicos com informa\u00e7\u00f5es sobre todos os munic\u00edpios e ocupa\u00e7\u00e3o de leitos est\u00e3o dispon\u00edveis neste link<\/p>\n","protected":false},"author":6,"featured_media":238450,"comment_status":"closed","ping_status":"closed","sticky":false,"template":"","format":"standard","meta":{"sfsi_plus_gutenberg_text_before_share":"","sfsi_plus_gutenberg_show_text_before_share":"","sfsi_plus_gutenberg_icon_type":"","sfsi_plus_gutenberg_icon_alignemt":"","sfsi_plus_gutenburg_max_per_row":"","footnotes":""},"categories":[104],"tags":[],"class_list":["post-238449","post","type-post","status-publish","format-standard","has-post-thumbnail","hentry","category-paraiba"],"_links":{"self":[{"href":"https:\/\/www.caririemacao.com\/1\/wp-json\/wp\/v2\/posts\/238449","targetHints":{"allow":["GET"]}}],"collection":[{"href":"https:\/\/www.caririemacao.com\/1\/wp-json\/wp\/v2\/posts"}],"about":[{"href":"https:\/\/www.caririemacao.com\/1\/wp-json\/wp\/v2\/types\/post"}],"author":[{"embeddable":true,"href":"https:\/\/www.caririemacao.com\/1\/wp-json\/wp\/v2\/users\/6"}],"replies":[{"embeddable":true,"href":"https:\/\/www.caririemacao.com\/1\/wp-json\/wp\/v2\/comments?post=238449"}],"version-history":[{"count":1,"href":"https:\/\/www.caririemacao.com\/1\/wp-json\/wp\/v2\/posts\/238449\/revisions"}],"predecessor-version":[{"id":238451,"href":"https:\/\/www.caririemacao.com\/1\/wp-json\/wp\/v2\/posts\/238449\/revisions\/238451"}],"wp:featuredmedia":[{"embeddable":true,"href":"https:\/\/www.caririemacao.com\/1\/wp-json\/wp\/v2\/media\/238450"}],"wp:attachment":[{"href":"https:\/\/www.caririemacao.com\/1\/wp-json\/wp\/v2\/media?parent=238449"}],"wp:term":[{"taxonomy":"category","embeddable":true,"href":"https:\/\/www.caririemacao.com\/1\/wp-json\/wp\/v2\/categories?post=238449"},{"taxonomy":"post_tag","embeddable":true,"href":"https:\/\/www.caririemacao.com\/1\/wp-json\/wp\/v2\/tags?post=238449"}],"curies":[{"name":"wp","href":"https:\/\/api.w.org\/{rel}","templated":true}]}}