{"id":23861,"date":"2017-07-16T13:01:44","date_gmt":"2017-07-16T16:01:44","guid":{"rendered":"http:\/\/caririemacao.com\/1\/?p=23861"},"modified":"2017-07-16T13:01:44","modified_gmt":"2017-07-16T16:01:44","slug":"ses-recomenda-a-municipios-intensificacao-de-acoes-educativas-e-vacinacao","status":"publish","type":"post","link":"https:\/\/www.caririemacao.com\/1\/2017\/07\/16\/ses-recomenda-a-municipios-intensificacao-de-acoes-educativas-e-vacinacao\/","title":{"rendered":"SES recomenda a munic\u00edpios intensifica\u00e7\u00e3o de a\u00e7\u00f5es educativas e vacina\u00e7\u00e3o"},"content":{"rendered":"<p>A Secretaria de Estado da Sa\u00fade (SES) est\u00e1 recomendando aos munic\u00edpios que intensifiquem a vacina\u00e7\u00e3o contra hepatite B, distribui\u00e7\u00e3o de testes r\u00e1pidos e fortalecimento de a\u00e7\u00f5es educativas sobre a doen\u00e7a.<\/p>\n<div><\/div>\n<div>Essa postura faz parte das a\u00e7\u00f5es da Ger\u00eancia Operacional de IST\/HIV\/Aids para marcar a \u2018luta contra hepatites virais\u2019, cujo dia mundial transcorre em 28 deste m\u00eas.<\/div>\n<div><\/div>\n<div>\u201cSugerimos que sejam intensificadas as a\u00e7\u00f5es educativas, atrav\u00e9s de distribui\u00e7\u00e3o de material educativo, palestras em salas de espera das Unidades B\u00e1sicas de Sa\u00fade (UBS), sobre as medidas de preven\u00e7\u00e3o e controle; distribui\u00e7\u00e3o de preservativos; intensifica\u00e7\u00e3o da vacina\u00e7\u00e3o para Hepatite B e amplia\u00e7\u00e3o da oferta de testes r\u00e1pidos para facilitar o diagn\u00f3stico precoce, entre outras a\u00e7\u00f5es\u201d, explicou a gerente da SES, Ivoneide Lucena.<\/div>\n<div><\/div>\n<div>De 2007 a 2017, foram registrados na Para\u00edba 2.878 casos de hepatite A; 1.235 de hepatite B e 1.526 de hepatite C, sendo 535 casos confirmados e 991 contatos com o v\u00edrus.<\/div>\n<div><\/div>\n<div><strong>Doen\u00e7a silenciosa<\/strong><\/div>\n<div><\/div>\n<div>As hepatites s\u00e3o causadas por um v\u00edrus que ataca o f\u00edgado, de forma lenta e silenciosa, sem sintomas f\u00edsicos para o portador. O v\u00edrus, quase sempre, destr\u00f3i o f\u00edgado da pessoa contaminada, ocasionando, na maioria das vezes, cirrose e c\u00e2ncer hep\u00e1tico. A evolu\u00e7\u00e3o do dano hep\u00e1tico \u00e9 diferente para cada indiv\u00edduo, podendo levar at\u00e9 20 anos para a manifesta\u00e7\u00e3o da doen\u00e7a.<\/div>\n<div><\/div>\n<div>\u201cEstamos contando ainda com o empenho dos gerentes regionais de Sa\u00fade, no que diz respeito \u00e0 import\u00e2ncia das medidas preventivas; diagn\u00f3stico precoce e tratamento adequado deste grave problema de sa\u00fade p\u00fablica do Brasil e do mundo\u201d, declarou Ivoneide.<\/div>\n<div>\n<p><strong><em>CARIRI EM A\u00c7\u00c3O<\/em><\/strong><\/p>\n<p>Com Ascom\/Foto: Google<\/p>\n<p><strong>Leia mais not\u00edcias em\u00a0<\/strong><a href=\"http:\/\/www.caririemacao.com\/\"><strong>caririemacao.com<\/strong><\/a><strong>, siga nossa p\u00e1gina no\u00a0<\/strong><a href=\"https:\/\/www.facebook.com\/CaririEmAcao\/?ref=aymt_homepage_panel\"><strong>Facebook<\/strong><\/a><strong>\u00a0e\u00a0<a href=\"https:\/\/www.instagram.com\/cariri_em_acao\/?hl=pt-br\">Instagram<\/a>\u00a0veja nossas mat\u00e9rias e fotos. Voc\u00ea tamb\u00e9m pode enviar informa\u00e7\u00f5es \u00e0 Reda\u00e7\u00e3o do Portal Cariri em A\u00e7\u00e3o pelo WhatsApp (83) 9 9634.5791, (83) 9 9601-1162.<\/strong><\/p>\n<\/div>\n","protected":false},"excerpt":{"rendered":"<p>A Secretaria de Estado da Sa\u00fade (SES) est\u00e1 recomendando aos munic\u00edpios que intensifiquem a vacina\u00e7\u00e3o contra hepatite B, distribui\u00e7\u00e3o de testes r\u00e1pidos e fortalecimento de&hellip; <\/p>\n","protected":false},"author":2,"featured_media":23862,"comment_status":"closed","ping_status":"closed","sticky":false,"template":"","format":"standard","meta":{"sfsi_plus_gutenberg_text_before_share":"","sfsi_plus_gutenberg_show_text_before_share":"","sfsi_plus_gutenberg_icon_type":"","sfsi_plus_gutenberg_icon_alignemt":"","sfsi_plus_gutenburg_max_per_row":"","footnotes":""},"categories":[16],"tags":[],"class_list":["post-23861","post","type-post","status-publish","format-standard","has-post-thumbnail","hentry","category-saude"],"_links":{"self":[{"href":"https:\/\/www.caririemacao.com\/1\/wp-json\/wp\/v2\/posts\/23861","targetHints":{"allow":["GET"]}}],"collection":[{"href":"https:\/\/www.caririemacao.com\/1\/wp-json\/wp\/v2\/posts"}],"about":[{"href":"https:\/\/www.caririemacao.com\/1\/wp-json\/wp\/v2\/types\/post"}],"author":[{"embeddable":true,"href":"https:\/\/www.caririemacao.com\/1\/wp-json\/wp\/v2\/users\/2"}],"replies":[{"embeddable":true,"href":"https:\/\/www.caririemacao.com\/1\/wp-json\/wp\/v2\/comments?post=23861"}],"version-history":[{"count":0,"href":"https:\/\/www.caririemacao.com\/1\/wp-json\/wp\/v2\/posts\/23861\/revisions"}],"wp:featuredmedia":[{"embeddable":true,"href":"https:\/\/www.caririemacao.com\/1\/wp-json\/wp\/v2\/media\/23862"}],"wp:attachment":[{"href":"https:\/\/www.caririemacao.com\/1\/wp-json\/wp\/v2\/media?parent=23861"}],"wp:term":[{"taxonomy":"category","embeddable":true,"href":"https:\/\/www.caririemacao.com\/1\/wp-json\/wp\/v2\/categories?post=23861"},{"taxonomy":"post_tag","embeddable":true,"href":"https:\/\/www.caririemacao.com\/1\/wp-json\/wp\/v2\/tags?post=23861"}],"curies":[{"name":"wp","href":"https:\/\/api.w.org\/{rel}","templated":true}]}}